{"id":16740,"date":"2023-08-11T08:51:09","date_gmt":"2023-08-11T06:51:09","guid":{"rendered":"https:\/\/pronutec.gorlan.com\/?p=16740"},"modified":"2023-08-22T12:49:05","modified_gmt":"2023-08-22T10:49:05","slug":"the-future-of-photovoltaic-energy-at-intersolar-south-america","status":"publish","type":"post","link":"https:\/\/pronutec.gorlan.com\/en\/the-future-of-photovoltaic-energy-at-intersolar-south-america\/","title":{"rendered":"The future of photovoltaic energy at Intersolar South America"},"content":{"rendered":"<p>&nbsp;<\/p>\n<p>&nbsp;<\/p>\n<p><a href=\"https:\/\/www.intersolar.net.br\/tickets\" target=\"_blank\" rel=\"noopener\"><img decoding=\"async\" loading=\"lazy\" class=\"aligncenter wp-image-16742\" title=\"Intersolar South America\" src=\"https:\/\/pronutec.gorlan.com\/wp-content\/uploads\/2023\/08\/Banner_Intersolar-South-america-2023-OK-700x175.jpg\" alt=\"Intersolar South America\" width=\"856\" height=\"214\" srcset=\"https:\/\/pronutec.gorlan.com\/wp-content\/uploads\/2023\/08\/Banner_Intersolar-South-america-2023-OK-700x175.jpg 700w, https:\/\/pronutec.gorlan.com\/wp-content\/uploads\/2023\/08\/Banner_Intersolar-South-america-2023-OK-250x62.jpg 250w, https:\/\/pronutec.gorlan.com\/wp-content\/uploads\/2023\/08\/Banner_Intersolar-South-america-2023-OK-768x192.jpg 768w, https:\/\/pronutec.gorlan.com\/wp-content\/uploads\/2023\/08\/Banner_Intersolar-South-america-2023-OK-1536x384.jpg 1536w, https:\/\/pronutec.gorlan.com\/wp-content\/uploads\/2023\/08\/Banner_Intersolar-South-america-2023-OK-2048x512.jpg 2048w, https:\/\/pronutec.gorlan.com\/wp-content\/uploads\/2023\/08\/Banner_Intersolar-South-america-2023-OK-120x30.jpg 120w\" sizes=\"(max-width: 856px) 100vw, 856px\" \/><\/a><\/p>\n<p>&nbsp;<\/p>\n<p>After our positive experience in Intersolar Europe, we participate as exhibitor from August 29-31 in <strong><a href=\"https:\/\/www.intersolar.net.br\/home\" data-attribute-index=\"0\" data-entity-type=\"MINI_COMPANY\">Intersolar<\/a> South America<\/strong>, located at Sao Paulo. An event where hundreds of companies related to renewable energy sector will meet to share advances and innovation. An important event focused in the energy industrie where more than 50.000 visitors are expected.<\/p>\n<p>On August 29, 30 and 31, we will be waiting for you at booth <strong>R5.117<\/strong>, shared with Telergon, where you will be able to know in detail our solutions specially developed for photovoltaic applications, in particular, our 800 V AC product range that includes fuses, fuse bases and low voltage distribution panels.<\/p>\n<p><strong>With presence in more than 70 countries<\/strong>, Pronutec\u00a0 provide advanced solutions for <strong>power distribution<\/strong> and include different sectors, such us <strong>photovoltaic sector, industry or railroad<\/strong>.<\/p>\n<p>Request a meeting with our team at Intersolar South America and learn more about our product range for the photovoltaic sector.<\/p>\n<p><a href=\"mailto: mkt_pronutec@pronutec.com\"><img decoding=\"async\" loading=\"lazy\" class=\"alignnone wp-image-15386 size-full\" src=\"https:\/\/pronutec.gorlan.com\/wp-content\/uploads\/2023\/05\/BOTN-EN.jpg\" alt=\"\" width=\"233\" height=\"61\" srcset=\"https:\/\/pronutec.gorlan.com\/wp-content\/uploads\/2023\/05\/BOTN-EN.jpg 233w, https:\/\/pronutec.gorlan.com\/wp-content\/uploads\/2023\/05\/BOTN-EN-120x31.jpg 120w\" sizes=\"(max-width: 233px) 100vw, 233px\" \/><\/a><\/p>\n<p>&nbsp;<\/p>\n<h2><span style=\"color: #85898c;\">Discover our oustanding products<\/span><\/h2>\n<p><a href=\"https:\/\/pronutec.gorlan.com\/en\/products\/ac-combiner-panels-indoor-outdoor-applications\/\"><img decoding=\"async\" loading=\"lazy\" class=\"alignleft wp-image-15354\" src=\"https:\/\/pronutec.gorlan.com\/wp-content\/uploads\/2023\/05\/epsys-12-huecos.png\" alt=\"\" width=\"154\" height=\"206\" srcset=\"https:\/\/pronutec.gorlan.com\/wp-content\/uploads\/2023\/05\/epsys-12-huecos.png 600w, https:\/\/pronutec.gorlan.com\/wp-content\/uploads\/2023\/05\/epsys-12-huecos-250x333.png 250w, https:\/\/pronutec.gorlan.com\/wp-content\/uploads\/2023\/05\/epsys-12-huecos-120x160.png 120w\" sizes=\"(max-width: 154px) 100vw, 154px\" \/><\/a><\/p>\n<p><a href=\"https:\/\/pronutec.gorlan.com\/en\/products\/ac-combiner-panels-indoor-outdoor-applications\/\"><strong>LV distribution panels for transformer substations<\/strong><\/a><\/p>\n<p>Wide range of currents, number of inputs, different switching devices, surge protection and auxiliary services. These panels are the ones that are different connected to the transformer in the Transformer Station. The panel collects the cables from the inverter, through the bottom from by means of fuse switch NH 00\/1\/3. These fuse switches have been tested and are capable for working at voltages up to 800 Vac.<\/p>\n<p><a href=\"https:\/\/pronutec.gorlan.com\/wp-content\/uploads\/2021\/11\/AC-Combiner-Panels.-Indoor-and-outdoor-applications.pdf\"><span style=\"color: #0c5a9e;\">Download catalogue<\/span><\/a><\/p>\n<p>&nbsp;<\/p>\n<p>&nbsp;<\/p>\n<p><a href=\"https:\/\/pronutec.gorlan.com\/en\/products-categories\/vertical-design-fuse-switches-for-800-v-ac-applications-btvc\/vertical-design-fuse-switches-for-800-v-ac-applications-btvc\/\"><img decoding=\"async\" loading=\"lazy\" class=\"alignleft wp-image-8849\" src=\"https:\/\/pronutec.gorlan.com\/wp-content\/uploads\/2022\/08\/Bases-800-V-C_ok-1-e1683123811736.png\" alt=\"\" width=\"54\" height=\"177\" srcset=\"https:\/\/pronutec.gorlan.com\/wp-content\/uploads\/2022\/08\/Bases-800-V-C_ok-1-e1683123811736.png 194w, https:\/\/pronutec.gorlan.com\/wp-content\/uploads\/2022\/08\/Bases-800-V-C_ok-1-e1683123811736-120x394.png 120w\" sizes=\"(max-width: 54px) 100vw, 54px\" \/><\/a><\/p>\n<p style=\"padding-left: 160px;\"><a href=\"https:\/\/pronutec.gorlan.com\/en\/products-categories\/vertical-design-fuse-switches-for-800-v-ac-applications-btvc\/vertical-design-fuse-switches-for-800-v-ac-applications-btvc\/\"><strong>\u00a0Vertical Fuse Switches para PV in 800 V AC<\/strong><\/a><\/p>\n<p style=\"text-align: left; padding-left: 160px;\">Range of fue switches for 800V AC photovoltaic applications with string inverters. The new range are designed to support higher voltages achieving a reduction in losses. The AC distribution and the higher voltage, allow a more cost-competitive design of power networks in photovoltaic applications and less power losses. Another features are the safety of the range TRIVER+ 800 and the breaking capacity at these voltage levels.<\/p>\n<p style=\"padding-left: 160px;\"><a href=\"https:\/\/pronutec.gorlan.com\/wp-content\/uploads\/2023\/04\/BTVC-BTHC-800V-AC-en..pdf\"><span style=\"color: #0c5a9e;\">Download catalogue<\/span><\/a><\/p>\n<p>&nbsp;<\/p>\n<p>&nbsp;<\/p>\n<p><a href=\"https:\/\/pronutec.gorlan.com\/en\/products\/nh-00-160-a-2\/\"><img decoding=\"async\" loading=\"lazy\" class=\"alignleft wp-image-15357\" src=\"https:\/\/pronutec.gorlan.com\/wp-content\/uploads\/2023\/05\/BTHC-NH00.jpg\" alt=\"\" width=\"111\" height=\"123\" srcset=\"https:\/\/pronutec.gorlan.com\/wp-content\/uploads\/2023\/05\/BTHC-NH00.jpg 667w, https:\/\/pronutec.gorlan.com\/wp-content\/uploads\/2023\/05\/BTHC-NH00-250x278.jpg 250w, https:\/\/pronutec.gorlan.com\/wp-content\/uploads\/2023\/05\/BTHC-NH00-120x134.jpg 120w\" sizes=\"(max-width: 111px) 100vw, 111px\" \/><\/a><\/p>\n<p style=\"padding-left: 160px;\"><strong><a href=\"https:\/\/pronutec.gorlan.com\/en\/products\/nh-00-160-a-2\/\">3p horizontal Fuse Switch disconnectors<\/a><br \/>\n<\/strong><\/p>\n<p style=\"padding-left: 160px;\">The design of our horizontal fuse switch disconnector size NH-00, provides the following important functionalities in the STRING LV panels for photovoltaic applications in AC such as surge arrester protection, auxiliary Output (eg power supply of the SSAA transformer Primary) or protection of voltage input in measurement equipment (for example, network analyzer, Datalogger, etc\u2026)<\/p>\n<p style=\"padding-left: 160px;\"><a href=\"https:\/\/pronutec.gorlan.com\/wp-content\/uploads\/2021\/11\/Gama-NH-00-2.pdf\"><span style=\"color: #0c5a9e;\">\u00a0Download catalogue<\/span><\/a><\/p>\n<p>&nbsp;<\/p>\n<p>&nbsp;<\/p>\n","protected":false},"excerpt":{"rendered":"&nbsp; &nbsp; &nbsp; After our positive experience in Intersolar Europe, we participate as exhibitor from August 29-31 in Intersolar South America, located at Sao Paulo. An event where hundreds of companies related to renewable energy sector will meet to share advances and innovation. An important event focused in the energy industrie where more than 50.000&#8230; <a class=\"view-article\" href=\"https:\/\/pronutec.gorlan.com\/en\/the-future-of-photovoltaic-energy-at-intersolar-south-america\/\">View Article<\/a>","protected":false},"author":12,"featured_media":16759,"comment_status":"open","ping_status":"open","sticky":false,"template":"","format":"standard","meta":{"footnotes":""},"categories":[292,404,414],"tags":[],"acf":[],"yoast_head":"<!-- This site is optimized with the Yoast SEO Premium plugin v21.3 (Yoast SEO v22.5) - https:\/\/yoast.com\/wordpress\/plugins\/seo\/ -->\n<title>The future of photovoltaic energy at Intersolar South America | Pronutec<\/title>\n<meta name=\"description\" content=\"Pronutec participates in Intersolar South America (S\u00e3o Paulo, August 29-31), an important event focused on the solar energy sector.\" \/>\n<meta name=\"robots\" content=\"index, follow, max-snippet:-1, max-image-preview:large, max-video-preview:-1\" \/>\n<link rel=\"canonical\" href=\"https:\/\/pronutec.gorlan.com\/en\/the-future-of-photovoltaic-energy-at-intersolar-south-america\/\" \/>\n<meta property=\"og:locale\" content=\"en_US\" \/>\n<meta property=\"og:type\" content=\"article\" \/>\n<meta property=\"og:title\" content=\"The future of photovoltaic energy at Intersolar South America\" \/>\n<meta property=\"og:description\" content=\"Pronutec participates in Intersolar South America (S\u00e3o Paulo, August 29-31), an important event focused on the solar energy sector.\" \/>\n<meta property=\"og:url\" content=\"https:\/\/pronutec.gorlan.com\/en\/the-future-of-photovoltaic-energy-at-intersolar-south-america\/\" \/>\n<meta property=\"og:site_name\" content=\"Pronutec\" \/>\n<meta property=\"article:published_time\" content=\"2023-08-11T06:51:09+00:00\" \/>\n<meta property=\"article:modified_time\" content=\"2023-08-22T10:49:05+00:00\" \/>\n<meta property=\"og:image\" content=\"https:\/\/pronutec.gorlan.com\/wp-content\/uploads\/2023\/08\/Imagen-destacada-web-2.jpg\" \/>\n\t<meta property=\"og:image:width\" content=\"1012\" \/>\n\t<meta property=\"og:image:height\" content=\"534\" \/>\n\t<meta property=\"og:image:type\" content=\"image\/jpeg\" \/>\n<meta name=\"author\" content=\"Ana Peinado Lozano\" \/>\n<meta name=\"twitter:card\" content=\"summary_large_image\" \/>\n<meta name=\"twitter:label1\" content=\"Written by\" \/>\n\t<meta name=\"twitter:data1\" content=\"Ana Peinado Lozano\" \/>\n\t<meta name=\"twitter:label2\" content=\"Est. reading time\" \/>\n\t<meta name=\"twitter:data2\" content=\"3 minutes\" \/>\n<script type=\"application\/ld+json\" class=\"yoast-schema-graph\">{\"@context\":\"https:\/\/schema.org\",\"@graph\":[{\"@type\":\"Article\",\"@id\":\"https:\/\/pronutec.gorlan.com\/en\/the-future-of-photovoltaic-energy-at-intersolar-south-america\/#article\",\"isPartOf\":{\"@id\":\"https:\/\/pronutec.gorlan.com\/en\/the-future-of-photovoltaic-energy-at-intersolar-south-america\/\"},\"author\":{\"name\":\"Ana Peinado Lozano\",\"@id\":\"https:\/\/pronutec.gorlan.com\/#\/schema\/person\/3236771df904fefc6099536fba8d9a67\"},\"headline\":\"The future of photovoltaic energy at Intersolar South America\",\"datePublished\":\"2023-08-11T06:51:09+00:00\",\"dateModified\":\"2023-08-22T10:49:05+00:00\",\"mainEntityOfPage\":{\"@id\":\"https:\/\/pronutec.gorlan.com\/en\/the-future-of-photovoltaic-energy-at-intersolar-south-america\/\"},\"wordCount\":379,\"commentCount\":0,\"publisher\":{\"@id\":\"https:\/\/pronutec.gorlan.com\/#organization\"},\"image\":{\"@id\":\"https:\/\/pronutec.gorlan.com\/en\/the-future-of-photovoltaic-energy-at-intersolar-south-america\/#primaryimage\"},\"thumbnailUrl\":\"https:\/\/pronutec.gorlan.com\/wp-content\/uploads\/2023\/08\/Imagen-destacada-web-2.jpg\",\"articleSection\":[\"Events\",\"Power Distribution\",\"Green Energy\"],\"inLanguage\":\"en-US\",\"potentialAction\":[{\"@type\":\"CommentAction\",\"name\":\"Comment\",\"target\":[\"https:\/\/pronutec.gorlan.com\/en\/the-future-of-photovoltaic-energy-at-intersolar-south-america\/#respond\"]}]},{\"@type\":\"WebPage\",\"@id\":\"https:\/\/pronutec.gorlan.com\/en\/the-future-of-photovoltaic-energy-at-intersolar-south-america\/\",\"url\":\"https:\/\/pronutec.gorlan.com\/en\/the-future-of-photovoltaic-energy-at-intersolar-south-america\/\",\"name\":\"The future of photovoltaic energy at Intersolar South America | Pronutec\",\"isPartOf\":{\"@id\":\"https:\/\/pronutec.gorlan.com\/#website\"},\"primaryImageOfPage\":{\"@id\":\"https:\/\/pronutec.gorlan.com\/en\/the-future-of-photovoltaic-energy-at-intersolar-south-america\/#primaryimage\"},\"image\":{\"@id\":\"https:\/\/pronutec.gorlan.com\/en\/the-future-of-photovoltaic-energy-at-intersolar-south-america\/#primaryimage\"},\"thumbnailUrl\":\"https:\/\/pronutec.gorlan.com\/wp-content\/uploads\/2023\/08\/Imagen-destacada-web-2.jpg\",\"datePublished\":\"2023-08-11T06:51:09+00:00\",\"dateModified\":\"2023-08-22T10:49:05+00:00\",\"description\":\"Pronutec participates in Intersolar South America (S\u00e3o Paulo, August 29-31), an important event focused on the solar energy sector.\",\"breadcrumb\":{\"@id\":\"https:\/\/pronutec.gorlan.com\/en\/the-future-of-photovoltaic-energy-at-intersolar-south-america\/#breadcrumb\"},\"inLanguage\":\"en-US\",\"potentialAction\":[{\"@type\":\"ReadAction\",\"target\":[\"https:\/\/pronutec.gorlan.com\/en\/the-future-of-photovoltaic-energy-at-intersolar-south-america\/\"]}]},{\"@type\":\"ImageObject\",\"inLanguage\":\"en-US\",\"@id\":\"https:\/\/pronutec.gorlan.com\/en\/the-future-of-photovoltaic-energy-at-intersolar-south-america\/#primaryimage\",\"url\":\"https:\/\/pronutec.gorlan.com\/wp-content\/uploads\/2023\/08\/Imagen-destacada-web-2.jpg\",\"contentUrl\":\"https:\/\/pronutec.gorlan.com\/wp-content\/uploads\/2023\/08\/Imagen-destacada-web-2.jpg\",\"width\":1012,\"height\":534},{\"@type\":\"BreadcrumbList\",\"@id\":\"https:\/\/pronutec.gorlan.com\/en\/the-future-of-photovoltaic-energy-at-intersolar-south-america\/#breadcrumb\",\"itemListElement\":[{\"@type\":\"ListItem\",\"position\":1,\"name\":\"Inicio\",\"item\":\"https:\/\/pronutec.gorlan.com\/en\/\"},{\"@type\":\"ListItem\",\"position\":2,\"name\":\"Events\",\"item\":\"https:\/\/pronutec.gorlan.com\/en\/category\/events\/\"},{\"@type\":\"ListItem\",\"position\":3,\"name\":\"The future of photovoltaic energy at Intersolar South America\"}]},{\"@type\":\"WebSite\",\"@id\":\"https:\/\/pronutec.gorlan.com\/#website\",\"url\":\"https:\/\/pronutec.gorlan.com\/\",\"name\":\"Pronutec\",\"description\":\"Pronutec, l\u00edderes en soluciones avanzadas, b\u00fasqueda y desarrollo de nuevos productos orientados al sector el\u00e9ctrico.\",\"publisher\":{\"@id\":\"https:\/\/pronutec.gorlan.com\/#organization\"},\"potentialAction\":[{\"@type\":\"SearchAction\",\"target\":{\"@type\":\"EntryPoint\",\"urlTemplate\":\"https:\/\/pronutec.gorlan.com\/?s={search_term_string}\"},\"query-input\":\"required name=search_term_string\"}],\"inLanguage\":\"en-US\"},{\"@type\":\"Organization\",\"@id\":\"https:\/\/pronutec.gorlan.com\/#organization\",\"name\":\"Pronutec\",\"url\":\"https:\/\/pronutec.gorlan.com\/\",\"logo\":{\"@type\":\"ImageObject\",\"inLanguage\":\"en-US\",\"@id\":\"https:\/\/pronutec.gorlan.com\/#\/schema\/logo\/image\/\",\"url\":\"https:\/\/pronutec.gorlan.com\/wp-content\/uploads\/2022\/02\/resultado_defecto.jpg\",\"contentUrl\":\"https:\/\/pronutec.gorlan.com\/wp-content\/uploads\/2022\/02\/resultado_defecto.jpg\",\"width\":944,\"height\":629,\"caption\":\"Pronutec\"},\"image\":{\"@id\":\"https:\/\/pronutec.gorlan.com\/#\/schema\/logo\/image\/\"}},{\"@type\":\"Person\",\"@id\":\"https:\/\/pronutec.gorlan.com\/#\/schema\/person\/3236771df904fefc6099536fba8d9a67\",\"name\":\"Ana Peinado Lozano\",\"sameAs\":[\"http:\/\/Pronutec\"],\"url\":\"https:\/\/pronutec.gorlan.com\/en\/author\/ana_peinadolozano\/\"}]}<\/script>\n<!-- \/ Yoast SEO Premium plugin. -->","yoast_head_json":{"title":"The future of photovoltaic energy at Intersolar South America | Pronutec","description":"Pronutec participates in Intersolar South America (S\u00e3o Paulo, August 29-31), an important event focused on the solar energy sector.","robots":{"index":"index","follow":"follow","max-snippet":"max-snippet:-1","max-image-preview":"max-image-preview:large","max-video-preview":"max-video-preview:-1"},"canonical":"https:\/\/pronutec.gorlan.com\/en\/the-future-of-photovoltaic-energy-at-intersolar-south-america\/","og_locale":"en_US","og_type":"article","og_title":"The future of photovoltaic energy at Intersolar South America","og_description":"Pronutec participates in Intersolar South America (S\u00e3o Paulo, August 29-31), an important event focused on the solar energy sector.","og_url":"https:\/\/pronutec.gorlan.com\/en\/the-future-of-photovoltaic-energy-at-intersolar-south-america\/","og_site_name":"Pronutec","article_published_time":"2023-08-11T06:51:09+00:00","article_modified_time":"2023-08-22T10:49:05+00:00","og_image":[{"width":1012,"height":534,"url":"https:\/\/pronutec.gorlan.com\/wp-content\/uploads\/2023\/08\/Imagen-destacada-web-2.jpg","type":"image\/jpeg"}],"author":"Ana Peinado Lozano","twitter_card":"summary_large_image","twitter_misc":{"Written by":"Ana Peinado Lozano","Est. reading time":"3 minutes"},"schema":{"@context":"https:\/\/schema.org","@graph":[{"@type":"Article","@id":"https:\/\/pronutec.gorlan.com\/en\/the-future-of-photovoltaic-energy-at-intersolar-south-america\/#article","isPartOf":{"@id":"https:\/\/pronutec.gorlan.com\/en\/the-future-of-photovoltaic-energy-at-intersolar-south-america\/"},"author":{"name":"Ana Peinado Lozano","@id":"https:\/\/pronutec.gorlan.com\/#\/schema\/person\/3236771df904fefc6099536fba8d9a67"},"headline":"The future of photovoltaic energy at Intersolar South America","datePublished":"2023-08-11T06:51:09+00:00","dateModified":"2023-08-22T10:49:05+00:00","mainEntityOfPage":{"@id":"https:\/\/pronutec.gorlan.com\/en\/the-future-of-photovoltaic-energy-at-intersolar-south-america\/"},"wordCount":379,"commentCount":0,"publisher":{"@id":"https:\/\/pronutec.gorlan.com\/#organization"},"image":{"@id":"https:\/\/pronutec.gorlan.com\/en\/the-future-of-photovoltaic-energy-at-intersolar-south-america\/#primaryimage"},"thumbnailUrl":"https:\/\/pronutec.gorlan.com\/wp-content\/uploads\/2023\/08\/Imagen-destacada-web-2.jpg","articleSection":["Events","Power Distribution","Green Energy"],"inLanguage":"en-US","potentialAction":[{"@type":"CommentAction","name":"Comment","target":["https:\/\/pronutec.gorlan.com\/en\/the-future-of-photovoltaic-energy-at-intersolar-south-america\/#respond"]}]},{"@type":"WebPage","@id":"https:\/\/pronutec.gorlan.com\/en\/the-future-of-photovoltaic-energy-at-intersolar-south-america\/","url":"https:\/\/pronutec.gorlan.com\/en\/the-future-of-photovoltaic-energy-at-intersolar-south-america\/","name":"The future of photovoltaic energy at Intersolar South America | Pronutec","isPartOf":{"@id":"https:\/\/pronutec.gorlan.com\/#website"},"primaryImageOfPage":{"@id":"https:\/\/pronutec.gorlan.com\/en\/the-future-of-photovoltaic-energy-at-intersolar-south-america\/#primaryimage"},"image":{"@id":"https:\/\/pronutec.gorlan.com\/en\/the-future-of-photovoltaic-energy-at-intersolar-south-america\/#primaryimage"},"thumbnailUrl":"https:\/\/pronutec.gorlan.com\/wp-content\/uploads\/2023\/08\/Imagen-destacada-web-2.jpg","datePublished":"2023-08-11T06:51:09+00:00","dateModified":"2023-08-22T10:49:05+00:00","description":"Pronutec participates in Intersolar South America (S\u00e3o Paulo, August 29-31), an important event focused on the solar energy sector.","breadcrumb":{"@id":"https:\/\/pronutec.gorlan.com\/en\/the-future-of-photovoltaic-energy-at-intersolar-south-america\/#breadcrumb"},"inLanguage":"en-US","potentialAction":[{"@type":"ReadAction","target":["https:\/\/pronutec.gorlan.com\/en\/the-future-of-photovoltaic-energy-at-intersolar-south-america\/"]}]},{"@type":"ImageObject","inLanguage":"en-US","@id":"https:\/\/pronutec.gorlan.com\/en\/the-future-of-photovoltaic-energy-at-intersolar-south-america\/#primaryimage","url":"https:\/\/pronutec.gorlan.com\/wp-content\/uploads\/2023\/08\/Imagen-destacada-web-2.jpg","contentUrl":"https:\/\/pronutec.gorlan.com\/wp-content\/uploads\/2023\/08\/Imagen-destacada-web-2.jpg","width":1012,"height":534},{"@type":"BreadcrumbList","@id":"https:\/\/pronutec.gorlan.com\/en\/the-future-of-photovoltaic-energy-at-intersolar-south-america\/#breadcrumb","itemListElement":[{"@type":"ListItem","position":1,"name":"Inicio","item":"https:\/\/pronutec.gorlan.com\/en\/"},{"@type":"ListItem","position":2,"name":"Events","item":"https:\/\/pronutec.gorlan.com\/en\/category\/events\/"},{"@type":"ListItem","position":3,"name":"The future of photovoltaic energy at Intersolar South America"}]},{"@type":"WebSite","@id":"https:\/\/pronutec.gorlan.com\/#website","url":"https:\/\/pronutec.gorlan.com\/","name":"Pronutec","description":"Pronutec, l\u00edderes en soluciones avanzadas, b\u00fasqueda y desarrollo de nuevos productos orientados al sector el\u00e9ctrico.","publisher":{"@id":"https:\/\/pronutec.gorlan.com\/#organization"},"potentialAction":[{"@type":"SearchAction","target":{"@type":"EntryPoint","urlTemplate":"https:\/\/pronutec.gorlan.com\/?s={search_term_string}"},"query-input":"required name=search_term_string"}],"inLanguage":"en-US"},{"@type":"Organization","@id":"https:\/\/pronutec.gorlan.com\/#organization","name":"Pronutec","url":"https:\/\/pronutec.gorlan.com\/","logo":{"@type":"ImageObject","inLanguage":"en-US","@id":"https:\/\/pronutec.gorlan.com\/#\/schema\/logo\/image\/","url":"https:\/\/pronutec.gorlan.com\/wp-content\/uploads\/2022\/02\/resultado_defecto.jpg","contentUrl":"https:\/\/pronutec.gorlan.com\/wp-content\/uploads\/2022\/02\/resultado_defecto.jpg","width":944,"height":629,"caption":"Pronutec"},"image":{"@id":"https:\/\/pronutec.gorlan.com\/#\/schema\/logo\/image\/"}},{"@type":"Person","@id":"https:\/\/pronutec.gorlan.com\/#\/schema\/person\/3236771df904fefc6099536fba8d9a67","name":"Ana Peinado Lozano","sameAs":["http:\/\/Pronutec"],"url":"https:\/\/pronutec.gorlan.com\/en\/author\/ana_peinadolozano\/"}]}},"_links":{"self":[{"href":"https:\/\/pronutec.gorlan.com\/en\/wp-json\/wp\/v2\/posts\/16740"}],"collection":[{"href":"https:\/\/pronutec.gorlan.com\/en\/wp-json\/wp\/v2\/posts"}],"about":[{"href":"https:\/\/pronutec.gorlan.com\/en\/wp-json\/wp\/v2\/types\/post"}],"author":[{"embeddable":true,"href":"https:\/\/pronutec.gorlan.com\/en\/wp-json\/wp\/v2\/users\/12"}],"replies":[{"embeddable":true,"href":"https:\/\/pronutec.gorlan.com\/en\/wp-json\/wp\/v2\/comments?post=16740"}],"version-history":[{"count":14,"href":"https:\/\/pronutec.gorlan.com\/en\/wp-json\/wp\/v2\/posts\/16740\/revisions"}],"predecessor-version":[{"id":16940,"href":"https:\/\/pronutec.gorlan.com\/en\/wp-json\/wp\/v2\/posts\/16740\/revisions\/16940"}],"wp:featuredmedia":[{"embeddable":true,"href":"https:\/\/pronutec.gorlan.com\/en\/wp-json\/wp\/v2\/media\/16759"}],"wp:attachment":[{"href":"https:\/\/pronutec.gorlan.com\/en\/wp-json\/wp\/v2\/media?parent=16740"}],"wp:term":[{"taxonomy":"category","embeddable":true,"href":"https:\/\/pronutec.gorlan.com\/en\/wp-json\/wp\/v2\/categories?post=16740"},{"taxonomy":"post_tag","embeddable":true,"href":"https:\/\/pronutec.gorlan.com\/en\/wp-json\/wp\/v2\/tags?post=16740"}],"curies":[{"name":"wp","href":"https:\/\/api.w.org\/{rel}","templated":true}]}}