{"id":16862,"date":"2023-08-18T10:52:31","date_gmt":"2023-08-18T08:52:31","guid":{"rendered":"https:\/\/pronutec.gorlan.com\/pronutec-no-faltara-a-su-cita-con-el-sector-electrico-polaco-en-energetab\/"},"modified":"2023-08-31T11:01:39","modified_gmt":"2023-08-31T09:01:39","slug":"pronutec-will-not-miss-its-appointment-with-the-polish-electrical-sector-at-energetab-2023","status":"publish","type":"post","link":"https:\/\/pronutec.gorlan.com\/en\/pronutec-will-not-miss-its-appointment-with-the-polish-electrical-sector-at-energetab-2023\/","title":{"rendered":"Pronutec will not miss its appointment with the Polish electrical sector at Energetab 2023"},"content":{"rendered":"<p>&nbsp;<\/p>\n<p>From 12 to 14 September 2023, Pronutec attends the Energetab fair based in Bielsko-Bia\u0142a, Poland. In this edition, the focus is on renewable energies, electromobility or the proper management of the power grid, among others. It will certainly be an event of great interest.<\/p>\n<p>Committed to a sustainable industry, we support the <strong>digitalization of the Low Voltage network with our Smart Grids solutions<\/strong> and we innovate in the development of new <strong>products for renewable energy applications<\/strong>, with the aim of making the energy transition a reality.<\/p>\n<p>We invite you to the Energetab fair, you just have to<strong> contact us and request your free pass.<\/strong><\/p>\n<p>&nbsp;<\/p>\n<p><a href=\"https:\/\/energetab.pl\/registration-on-line-old\/?lang=en&amp;utm_content=261043971&amp;utm_medium=social&amp;utm_source=linkedin&amp;hss_channel=lcp-3846956\" target=\"_blank\" rel=\"noopener\"><img decoding=\"async\" loading=\"lazy\" class=\"aligncenter wp-image-8984 size-medium\" src=\"https:\/\/pronutec.gorlan.com\/wp-content\/uploads\/2022\/08\/Boton-EN-1-250x100.png\" alt=\"\" width=\"250\" height=\"100\" srcset=\"https:\/\/pronutec.gorlan.com\/wp-content\/uploads\/2022\/08\/Boton-EN-1-250x100.png 250w, https:\/\/pronutec.gorlan.com\/wp-content\/uploads\/2022\/08\/Boton-EN-1-120x48.png 120w, https:\/\/pronutec.gorlan.com\/wp-content\/uploads\/2022\/08\/Boton-EN-1.png 312w\" sizes=\"(max-width: 250px) 100vw, 250px\" \/><\/a><\/p>\n<h3><\/h3>\n<h3>We are at Stand 4, Pavilion G.<\/h3>\n<p>&nbsp;<\/p>\n<p><strong>Come visit us and learn more about our outstanding products:<\/strong><\/p>\n<p><a href=\"https:\/\/gorlan.com\/en\/smart-grids\/?from=pronutec\"><img decoding=\"async\" loading=\"lazy\" class=\"alignleft wp-image-8807\" src=\"https:\/\/pronutec.gorlan.com\/wp-content\/uploads\/2022\/08\/SAL_Superior_conexion_RTU-b-1-250x250.png\" alt=\"\" width=\"119\" height=\"119\" srcset=\"https:\/\/pronutec.gorlan.com\/wp-content\/uploads\/2022\/08\/SAL_Superior_conexion_RTU-b-1-250x250.png 250w, https:\/\/pronutec.gorlan.com\/wp-content\/uploads\/2022\/08\/SAL_Superior_conexion_RTU-b-1-700x700.png 700w, https:\/\/pronutec.gorlan.com\/wp-content\/uploads\/2022\/08\/SAL_Superior_conexion_RTU-b-1-150x150.png 150w, https:\/\/pronutec.gorlan.com\/wp-content\/uploads\/2022\/08\/SAL_Superior_conexion_RTU-b-1-768x768.png 768w, https:\/\/pronutec.gorlan.com\/wp-content\/uploads\/2022\/08\/SAL_Superior_conexion_RTU-b-1-1536x1536.png 1536w, https:\/\/pronutec.gorlan.com\/wp-content\/uploads\/2022\/08\/SAL_Superior_conexion_RTU-b-1-2048x2048.png 2048w, https:\/\/pronutec.gorlan.com\/wp-content\/uploads\/2022\/08\/SAL_Superior_conexion_RTU-b-1-120x120.png 120w\" sizes=\"(max-width: 119px) 100vw, 119px\" \/><\/a><\/p>\n<p>&nbsp;<\/p>\n<p><a href=\"https:\/\/gorlan.com\/en\/smart-grids\/?from=pronutec\"><strong>Smart Grids<\/strong><\/a><\/p>\n<p>We are committed to the digital and energy revolution with our Smart Grids solution for the Low Voltage network, that allows analyze and send load and generation data in real time. This avoids losses or failures in the network and ensures a quality supply.<\/p>\n<p><a href=\"https:\/\/pronutec.gorlan.com\/en\/products-categories\/vertical-design-fuse-switches-for-800-v-ac-applications-btvc\/vertical-design-fuse-switches-for-800-v-ac-applications-btvc\/\"><img decoding=\"async\" loading=\"lazy\" class=\"alignleft wp-image-8848\" src=\"https:\/\/pronutec.gorlan.com\/wp-content\/uploads\/2022\/08\/Bases-800-V-C_ok-1-250x450.png\" alt=\"\" width=\"114\" height=\"205\" srcset=\"https:\/\/pronutec.gorlan.com\/wp-content\/uploads\/2022\/08\/Bases-800-V-C_ok-1-250x450.png 250w, https:\/\/pronutec.gorlan.com\/wp-content\/uploads\/2022\/08\/Bases-800-V-C_ok-1-120x216.png 120w, https:\/\/pronutec.gorlan.com\/wp-content\/uploads\/2022\/08\/Bases-800-V-C_ok-1.png 397w\" sizes=\"(max-width: 114px) 100vw, 114px\" \/><\/a><\/p>\n<p>&nbsp;<\/p>\n<p>&nbsp;<\/p>\n<p><a href=\"https:\/\/pronutec.gorlan.com\/en\/products-categories\/vertical-design-fuse-switches-for-800-v-ac-applications-btvc\/vertical-design-fuse-switches-for-800-v-ac-applications-btvc\/\"><strong>Fuse Switches para PV in 800 V AC<\/strong><\/a><\/p>\n<p>Pronutec developes a new range of fue switches for 800V AC photovoltaic applications with string inverters. The new range are designed to support higher voltages achieving a reduction in losses.<\/p>\n<p>&nbsp;<\/p>\n<p>&nbsp;<\/p>\n<p><img decoding=\"async\" loading=\"lazy\" class=\"wp-image-16872 alignleft\" src=\"https:\/\/pronutec.gorlan.com\/wp-content\/uploads\/2023\/08\/base-nueva-BTVC-DT-438-e1692359017981-250x442.png\" alt=\"\" width=\"113\" height=\"199\" srcset=\"https:\/\/pronutec.gorlan.com\/wp-content\/uploads\/2023\/08\/base-nueva-BTVC-DT-438-e1692359017981-250x442.png 250w, https:\/\/pronutec.gorlan.com\/wp-content\/uploads\/2023\/08\/base-nueva-BTVC-DT-438-e1692359017981-700x1239.png 700w, https:\/\/pronutec.gorlan.com\/wp-content\/uploads\/2023\/08\/base-nueva-BTVC-DT-438-e1692359017981-768x1359.png 768w, https:\/\/pronutec.gorlan.com\/wp-content\/uploads\/2023\/08\/base-nueva-BTVC-DT-438-e1692359017981-868x1536.png 868w, https:\/\/pronutec.gorlan.com\/wp-content\/uploads\/2023\/08\/base-nueva-BTVC-DT-438-e1692359017981-1157x2048.png 1157w, https:\/\/pronutec.gorlan.com\/wp-content\/uploads\/2023\/08\/base-nueva-BTVC-DT-438-e1692359017981-120x212.png 120w\" sizes=\"(max-width: 113px) 100vw, 113px\" \/><\/p>\n<p>&nbsp;<\/p>\n<p><a href=\"https:\/\/pronutec.gorlan.com\/en\/products\/new-compact-vertical-fuse-switches-nh-1-2-3-250-400-630-185-mm\/\"><strong>New compact vertical fuse switches NH 1\/2\/3<\/strong><\/a><\/p>\n<p>We present the new 3 pole vertical fuse switches, 3 pole switchable, with parking position and improved grounding connection.<\/p>\n<p>&nbsp;<\/p>\n<p>&nbsp;<\/p>\n<p>&nbsp;<\/p>\n<p><img decoding=\"async\" loading=\"lazy\" class=\"alignnone wp-image-16867 size-large\" src=\"https:\/\/pronutec.gorlan.com\/wp-content\/uploads\/2023\/08\/banner-pronutec-Energetab-2023-EN-V2-700x175.png\" alt=\"\" width=\"700\" height=\"175\" srcset=\"https:\/\/pronutec.gorlan.com\/wp-content\/uploads\/2023\/08\/banner-pronutec-Energetab-2023-EN-V2-700x175.png 700w, https:\/\/pronutec.gorlan.com\/wp-content\/uploads\/2023\/08\/banner-pronutec-Energetab-2023-EN-V2-250x63.png 250w, https:\/\/pronutec.gorlan.com\/wp-content\/uploads\/2023\/08\/banner-pronutec-Energetab-2023-EN-V2-768x192.png 768w, https:\/\/pronutec.gorlan.com\/wp-content\/uploads\/2023\/08\/banner-pronutec-Energetab-2023-EN-V2-120x30.png 120w, https:\/\/pronutec.gorlan.com\/wp-content\/uploads\/2023\/08\/banner-pronutec-Energetab-2023-EN-V2.png 800w\" sizes=\"(max-width: 700px) 100vw, 700px\" \/><\/p>\n","protected":false},"excerpt":{"rendered":"&nbsp; From 12 to 14 September 2023, Pronutec attends the Energetab fair based in Bielsko-Bia\u0142a, Poland. In this edition, the focus is on renewable energies, electromobility or the proper management of the power grid, among others. It will certainly be an event of great interest. Committed to a sustainable industry, we support the digitalization of&#8230; <a class=\"view-article\" href=\"https:\/\/pronutec.gorlan.com\/en\/pronutec-will-not-miss-its-appointment-with-the-polish-electrical-sector-at-energetab-2023\/\">View Article<\/a>","protected":false},"author":2,"featured_media":16850,"comment_status":"open","ping_status":"open","sticky":false,"template":"","format":"standard","meta":{"footnotes":""},"categories":[332,289,290,292],"tags":[],"acf":[],"yoast_head":"<!-- This site is optimized with the Yoast SEO Premium plugin v21.3 (Yoast SEO v22.5) - https:\/\/yoast.com\/wordpress\/plugins\/seo\/ -->\n<title>Pronutec will not miss its appointment with the Polish electrical sector at Energetab 2023 | Pronutec<\/title>\n<meta name=\"description\" content=\"Once again this year we participate in Energetab, the leading trade fair in Poland for the electricity distribution sector.\" \/>\n<meta name=\"robots\" content=\"index, follow, max-snippet:-1, max-image-preview:large, max-video-preview:-1\" \/>\n<link rel=\"canonical\" href=\"https:\/\/pronutec.gorlan.com\/en\/pronutec-will-not-miss-its-appointment-with-the-polish-electrical-sector-at-energetab-2023\/\" \/>\n<meta property=\"og:locale\" content=\"en_US\" \/>\n<meta property=\"og:type\" content=\"article\" \/>\n<meta property=\"og:title\" content=\"Pronutec will not miss its appointment with the Polish electrical sector at Energetab 2023\" \/>\n<meta property=\"og:description\" content=\"Once again this year we participate in Energetab, the leading trade fair in Poland for the electricity distribution sector.\" \/>\n<meta property=\"og:url\" content=\"https:\/\/pronutec.gorlan.com\/en\/pronutec-will-not-miss-its-appointment-with-the-polish-electrical-sector-at-energetab-2023\/\" \/>\n<meta property=\"og:site_name\" content=\"Pronutec\" \/>\n<meta property=\"article:published_time\" content=\"2023-08-18T08:52:31+00:00\" \/>\n<meta property=\"article:modified_time\" content=\"2023-08-31T09:01:39+00:00\" \/>\n<meta property=\"og:image\" content=\"https:\/\/pronutec.gorlan.com\/wp-content\/uploads\/2023\/08\/Imagen-web-energetab-2023-ES.png\" \/>\n\t<meta property=\"og:image:width\" content=\"1920\" \/>\n\t<meta property=\"og:image:height\" content=\"1080\" \/>\n\t<meta property=\"og:image:type\" content=\"image\/png\" \/>\n<meta name=\"author\" content=\"Nur\u00eda Juli\u00e1n\" \/>\n<meta name=\"twitter:card\" content=\"summary_large_image\" \/>\n<meta name=\"twitter:label1\" content=\"Written by\" \/>\n\t<meta name=\"twitter:data1\" content=\"Nur\u00eda Juli\u00e1n\" \/>\n\t<meta name=\"twitter:label2\" content=\"Est. reading time\" \/>\n\t<meta name=\"twitter:data2\" content=\"3 minutes\" \/>\n<script type=\"application\/ld+json\" class=\"yoast-schema-graph\">{\"@context\":\"https:\/\/schema.org\",\"@graph\":[{\"@type\":\"Article\",\"@id\":\"https:\/\/pronutec.gorlan.com\/en\/pronutec-will-not-miss-its-appointment-with-the-polish-electrical-sector-at-energetab-2023\/#article\",\"isPartOf\":{\"@id\":\"https:\/\/pronutec.gorlan.com\/en\/pronutec-will-not-miss-its-appointment-with-the-polish-electrical-sector-at-energetab-2023\/\"},\"author\":{\"name\":\"Nur\u00eda Juli\u00e1n\",\"@id\":\"https:\/\/pronutec.gorlan.com\/#\/schema\/person\/9f40ced926c84b3ca3ad120399fd9013\"},\"headline\":\"Pronutec will not miss its appointment with the Polish electrical sector at Energetab 2023\",\"datePublished\":\"2023-08-18T08:52:31+00:00\",\"dateModified\":\"2023-08-31T09:01:39+00:00\",\"mainEntityOfPage\":{\"@id\":\"https:\/\/pronutec.gorlan.com\/en\/pronutec-will-not-miss-its-appointment-with-the-polish-electrical-sector-at-energetab-2023\/\"},\"wordCount\":249,\"commentCount\":0,\"publisher\":{\"@id\":\"https:\/\/pronutec.gorlan.com\/#organization\"},\"image\":{\"@id\":\"https:\/\/pronutec.gorlan.com\/en\/pronutec-will-not-miss-its-appointment-with-the-polish-electrical-sector-at-energetab-2023\/#primaryimage\"},\"thumbnailUrl\":\"https:\/\/pronutec.gorlan.com\/wp-content\/uploads\/2023\/08\/Imagen-web-energetab-2023-ES.png\",\"articleSection\":[\"Corporate\",\"Pronutec\",\"Utility\",\"Events\"],\"inLanguage\":\"en-US\",\"potentialAction\":[{\"@type\":\"CommentAction\",\"name\":\"Comment\",\"target\":[\"https:\/\/pronutec.gorlan.com\/en\/pronutec-will-not-miss-its-appointment-with-the-polish-electrical-sector-at-energetab-2023\/#respond\"]}]},{\"@type\":\"WebPage\",\"@id\":\"https:\/\/pronutec.gorlan.com\/en\/pronutec-will-not-miss-its-appointment-with-the-polish-electrical-sector-at-energetab-2023\/\",\"url\":\"https:\/\/pronutec.gorlan.com\/en\/pronutec-will-not-miss-its-appointment-with-the-polish-electrical-sector-at-energetab-2023\/\",\"name\":\"Pronutec will not miss its appointment with the Polish electrical sector at Energetab 2023 | Pronutec\",\"isPartOf\":{\"@id\":\"https:\/\/pronutec.gorlan.com\/#website\"},\"primaryImageOfPage\":{\"@id\":\"https:\/\/pronutec.gorlan.com\/en\/pronutec-will-not-miss-its-appointment-with-the-polish-electrical-sector-at-energetab-2023\/#primaryimage\"},\"image\":{\"@id\":\"https:\/\/pronutec.gorlan.com\/en\/pronutec-will-not-miss-its-appointment-with-the-polish-electrical-sector-at-energetab-2023\/#primaryimage\"},\"thumbnailUrl\":\"https:\/\/pronutec.gorlan.com\/wp-content\/uploads\/2023\/08\/Imagen-web-energetab-2023-ES.png\",\"datePublished\":\"2023-08-18T08:52:31+00:00\",\"dateModified\":\"2023-08-31T09:01:39+00:00\",\"description\":\"Once again this year we participate in Energetab, the leading trade fair in Poland for the electricity distribution sector.\",\"breadcrumb\":{\"@id\":\"https:\/\/pronutec.gorlan.com\/en\/pronutec-will-not-miss-its-appointment-with-the-polish-electrical-sector-at-energetab-2023\/#breadcrumb\"},\"inLanguage\":\"en-US\",\"potentialAction\":[{\"@type\":\"ReadAction\",\"target\":[\"https:\/\/pronutec.gorlan.com\/en\/pronutec-will-not-miss-its-appointment-with-the-polish-electrical-sector-at-energetab-2023\/\"]}]},{\"@type\":\"ImageObject\",\"inLanguage\":\"en-US\",\"@id\":\"https:\/\/pronutec.gorlan.com\/en\/pronutec-will-not-miss-its-appointment-with-the-polish-electrical-sector-at-energetab-2023\/#primaryimage\",\"url\":\"https:\/\/pronutec.gorlan.com\/wp-content\/uploads\/2023\/08\/Imagen-web-energetab-2023-ES.png\",\"contentUrl\":\"https:\/\/pronutec.gorlan.com\/wp-content\/uploads\/2023\/08\/Imagen-web-energetab-2023-ES.png\",\"width\":1920,\"height\":1080},{\"@type\":\"BreadcrumbList\",\"@id\":\"https:\/\/pronutec.gorlan.com\/en\/pronutec-will-not-miss-its-appointment-with-the-polish-electrical-sector-at-energetab-2023\/#breadcrumb\",\"itemListElement\":[{\"@type\":\"ListItem\",\"position\":1,\"name\":\"Inicio\",\"item\":\"https:\/\/pronutec.gorlan.com\/en\/\"},{\"@type\":\"ListItem\",\"position\":2,\"name\":\"Events\",\"item\":\"https:\/\/pronutec.gorlan.com\/en\/category\/events\/\"},{\"@type\":\"ListItem\",\"position\":3,\"name\":\"Pronutec will not miss its appointment with the Polish electrical sector at Energetab 2023\"}]},{\"@type\":\"WebSite\",\"@id\":\"https:\/\/pronutec.gorlan.com\/#website\",\"url\":\"https:\/\/pronutec.gorlan.com\/\",\"name\":\"Pronutec\",\"description\":\"Pronutec, l\u00edderes en soluciones avanzadas, b\u00fasqueda y desarrollo de nuevos productos orientados al sector el\u00e9ctrico.\",\"publisher\":{\"@id\":\"https:\/\/pronutec.gorlan.com\/#organization\"},\"potentialAction\":[{\"@type\":\"SearchAction\",\"target\":{\"@type\":\"EntryPoint\",\"urlTemplate\":\"https:\/\/pronutec.gorlan.com\/?s={search_term_string}\"},\"query-input\":\"required name=search_term_string\"}],\"inLanguage\":\"en-US\"},{\"@type\":\"Organization\",\"@id\":\"https:\/\/pronutec.gorlan.com\/#organization\",\"name\":\"Pronutec\",\"url\":\"https:\/\/pronutec.gorlan.com\/\",\"logo\":{\"@type\":\"ImageObject\",\"inLanguage\":\"en-US\",\"@id\":\"https:\/\/pronutec.gorlan.com\/#\/schema\/logo\/image\/\",\"url\":\"https:\/\/pronutec.gorlan.com\/wp-content\/uploads\/2022\/02\/resultado_defecto.jpg\",\"contentUrl\":\"https:\/\/pronutec.gorlan.com\/wp-content\/uploads\/2022\/02\/resultado_defecto.jpg\",\"width\":944,\"height\":629,\"caption\":\"Pronutec\"},\"image\":{\"@id\":\"https:\/\/pronutec.gorlan.com\/#\/schema\/logo\/image\/\"}},{\"@type\":\"Person\",\"@id\":\"https:\/\/pronutec.gorlan.com\/#\/schema\/person\/9f40ced926c84b3ca3ad120399fd9013\",\"name\":\"Nur\u00eda Juli\u00e1n\",\"url\":\"https:\/\/pronutec.gorlan.com\/en\/author\/nuria_qdrrw83l\/\"}]}<\/script>\n<!-- \/ Yoast SEO Premium plugin. -->","yoast_head_json":{"title":"Pronutec will not miss its appointment with the Polish electrical sector at Energetab 2023 | Pronutec","description":"Once again this year we participate in Energetab, the leading trade fair in Poland for the electricity distribution sector.","robots":{"index":"index","follow":"follow","max-snippet":"max-snippet:-1","max-image-preview":"max-image-preview:large","max-video-preview":"max-video-preview:-1"},"canonical":"https:\/\/pronutec.gorlan.com\/en\/pronutec-will-not-miss-its-appointment-with-the-polish-electrical-sector-at-energetab-2023\/","og_locale":"en_US","og_type":"article","og_title":"Pronutec will not miss its appointment with the Polish electrical sector at Energetab 2023","og_description":"Once again this year we participate in Energetab, the leading trade fair in Poland for the electricity distribution sector.","og_url":"https:\/\/pronutec.gorlan.com\/en\/pronutec-will-not-miss-its-appointment-with-the-polish-electrical-sector-at-energetab-2023\/","og_site_name":"Pronutec","article_published_time":"2023-08-18T08:52:31+00:00","article_modified_time":"2023-08-31T09:01:39+00:00","og_image":[{"width":1920,"height":1080,"url":"https:\/\/pronutec.gorlan.com\/wp-content\/uploads\/2023\/08\/Imagen-web-energetab-2023-ES.png","type":"image\/png"}],"author":"Nur\u00eda Juli\u00e1n","twitter_card":"summary_large_image","twitter_misc":{"Written by":"Nur\u00eda Juli\u00e1n","Est. reading time":"3 minutes"},"schema":{"@context":"https:\/\/schema.org","@graph":[{"@type":"Article","@id":"https:\/\/pronutec.gorlan.com\/en\/pronutec-will-not-miss-its-appointment-with-the-polish-electrical-sector-at-energetab-2023\/#article","isPartOf":{"@id":"https:\/\/pronutec.gorlan.com\/en\/pronutec-will-not-miss-its-appointment-with-the-polish-electrical-sector-at-energetab-2023\/"},"author":{"name":"Nur\u00eda Juli\u00e1n","@id":"https:\/\/pronutec.gorlan.com\/#\/schema\/person\/9f40ced926c84b3ca3ad120399fd9013"},"headline":"Pronutec will not miss its appointment with the Polish electrical sector at Energetab 2023","datePublished":"2023-08-18T08:52:31+00:00","dateModified":"2023-08-31T09:01:39+00:00","mainEntityOfPage":{"@id":"https:\/\/pronutec.gorlan.com\/en\/pronutec-will-not-miss-its-appointment-with-the-polish-electrical-sector-at-energetab-2023\/"},"wordCount":249,"commentCount":0,"publisher":{"@id":"https:\/\/pronutec.gorlan.com\/#organization"},"image":{"@id":"https:\/\/pronutec.gorlan.com\/en\/pronutec-will-not-miss-its-appointment-with-the-polish-electrical-sector-at-energetab-2023\/#primaryimage"},"thumbnailUrl":"https:\/\/pronutec.gorlan.com\/wp-content\/uploads\/2023\/08\/Imagen-web-energetab-2023-ES.png","articleSection":["Corporate","Pronutec","Utility","Events"],"inLanguage":"en-US","potentialAction":[{"@type":"CommentAction","name":"Comment","target":["https:\/\/pronutec.gorlan.com\/en\/pronutec-will-not-miss-its-appointment-with-the-polish-electrical-sector-at-energetab-2023\/#respond"]}]},{"@type":"WebPage","@id":"https:\/\/pronutec.gorlan.com\/en\/pronutec-will-not-miss-its-appointment-with-the-polish-electrical-sector-at-energetab-2023\/","url":"https:\/\/pronutec.gorlan.com\/en\/pronutec-will-not-miss-its-appointment-with-the-polish-electrical-sector-at-energetab-2023\/","name":"Pronutec will not miss its appointment with the Polish electrical sector at Energetab 2023 | Pronutec","isPartOf":{"@id":"https:\/\/pronutec.gorlan.com\/#website"},"primaryImageOfPage":{"@id":"https:\/\/pronutec.gorlan.com\/en\/pronutec-will-not-miss-its-appointment-with-the-polish-electrical-sector-at-energetab-2023\/#primaryimage"},"image":{"@id":"https:\/\/pronutec.gorlan.com\/en\/pronutec-will-not-miss-its-appointment-with-the-polish-electrical-sector-at-energetab-2023\/#primaryimage"},"thumbnailUrl":"https:\/\/pronutec.gorlan.com\/wp-content\/uploads\/2023\/08\/Imagen-web-energetab-2023-ES.png","datePublished":"2023-08-18T08:52:31+00:00","dateModified":"2023-08-31T09:01:39+00:00","description":"Once again this year we participate in Energetab, the leading trade fair in Poland for the electricity distribution sector.","breadcrumb":{"@id":"https:\/\/pronutec.gorlan.com\/en\/pronutec-will-not-miss-its-appointment-with-the-polish-electrical-sector-at-energetab-2023\/#breadcrumb"},"inLanguage":"en-US","potentialAction":[{"@type":"ReadAction","target":["https:\/\/pronutec.gorlan.com\/en\/pronutec-will-not-miss-its-appointment-with-the-polish-electrical-sector-at-energetab-2023\/"]}]},{"@type":"ImageObject","inLanguage":"en-US","@id":"https:\/\/pronutec.gorlan.com\/en\/pronutec-will-not-miss-its-appointment-with-the-polish-electrical-sector-at-energetab-2023\/#primaryimage","url":"https:\/\/pronutec.gorlan.com\/wp-content\/uploads\/2023\/08\/Imagen-web-energetab-2023-ES.png","contentUrl":"https:\/\/pronutec.gorlan.com\/wp-content\/uploads\/2023\/08\/Imagen-web-energetab-2023-ES.png","width":1920,"height":1080},{"@type":"BreadcrumbList","@id":"https:\/\/pronutec.gorlan.com\/en\/pronutec-will-not-miss-its-appointment-with-the-polish-electrical-sector-at-energetab-2023\/#breadcrumb","itemListElement":[{"@type":"ListItem","position":1,"name":"Inicio","item":"https:\/\/pronutec.gorlan.com\/en\/"},{"@type":"ListItem","position":2,"name":"Events","item":"https:\/\/pronutec.gorlan.com\/en\/category\/events\/"},{"@type":"ListItem","position":3,"name":"Pronutec will not miss its appointment with the Polish electrical sector at Energetab 2023"}]},{"@type":"WebSite","@id":"https:\/\/pronutec.gorlan.com\/#website","url":"https:\/\/pronutec.gorlan.com\/","name":"Pronutec","description":"Pronutec, l\u00edderes en soluciones avanzadas, b\u00fasqueda y desarrollo de nuevos productos orientados al sector el\u00e9ctrico.","publisher":{"@id":"https:\/\/pronutec.gorlan.com\/#organization"},"potentialAction":[{"@type":"SearchAction","target":{"@type":"EntryPoint","urlTemplate":"https:\/\/pronutec.gorlan.com\/?s={search_term_string}"},"query-input":"required name=search_term_string"}],"inLanguage":"en-US"},{"@type":"Organization","@id":"https:\/\/pronutec.gorlan.com\/#organization","name":"Pronutec","url":"https:\/\/pronutec.gorlan.com\/","logo":{"@type":"ImageObject","inLanguage":"en-US","@id":"https:\/\/pronutec.gorlan.com\/#\/schema\/logo\/image\/","url":"https:\/\/pronutec.gorlan.com\/wp-content\/uploads\/2022\/02\/resultado_defecto.jpg","contentUrl":"https:\/\/pronutec.gorlan.com\/wp-content\/uploads\/2022\/02\/resultado_defecto.jpg","width":944,"height":629,"caption":"Pronutec"},"image":{"@id":"https:\/\/pronutec.gorlan.com\/#\/schema\/logo\/image\/"}},{"@type":"Person","@id":"https:\/\/pronutec.gorlan.com\/#\/schema\/person\/9f40ced926c84b3ca3ad120399fd9013","name":"Nur\u00eda Juli\u00e1n","url":"https:\/\/pronutec.gorlan.com\/en\/author\/nuria_qdrrw83l\/"}]}},"_links":{"self":[{"href":"https:\/\/pronutec.gorlan.com\/en\/wp-json\/wp\/v2\/posts\/16862"}],"collection":[{"href":"https:\/\/pronutec.gorlan.com\/en\/wp-json\/wp\/v2\/posts"}],"about":[{"href":"https:\/\/pronutec.gorlan.com\/en\/wp-json\/wp\/v2\/types\/post"}],"author":[{"embeddable":true,"href":"https:\/\/pronutec.gorlan.com\/en\/wp-json\/wp\/v2\/users\/2"}],"replies":[{"embeddable":true,"href":"https:\/\/pronutec.gorlan.com\/en\/wp-json\/wp\/v2\/comments?post=16862"}],"version-history":[{"count":11,"href":"https:\/\/pronutec.gorlan.com\/en\/wp-json\/wp\/v2\/posts\/16862\/revisions"}],"predecessor-version":[{"id":17072,"href":"https:\/\/pronutec.gorlan.com\/en\/wp-json\/wp\/v2\/posts\/16862\/revisions\/17072"}],"wp:featuredmedia":[{"embeddable":true,"href":"https:\/\/pronutec.gorlan.com\/en\/wp-json\/wp\/v2\/media\/16850"}],"wp:attachment":[{"href":"https:\/\/pronutec.gorlan.com\/en\/wp-json\/wp\/v2\/media?parent=16862"}],"wp:term":[{"taxonomy":"category","embeddable":true,"href":"https:\/\/pronutec.gorlan.com\/en\/wp-json\/wp\/v2\/categories?post=16862"},{"taxonomy":"post_tag","embeddable":true,"href":"https:\/\/pronutec.gorlan.com\/en\/wp-json\/wp\/v2\/tags?post=16862"}],"curies":[{"name":"wp","href":"https:\/\/api.w.org\/{rel}","templated":true}]}}