{"id":18173,"date":"2023-11-10T13:00:41","date_gmt":"2023-11-10T11:00:41","guid":{"rendered":"https:\/\/pronutec.gorlan.com\/?p=18173"},"modified":"2023-11-17T12:41:23","modified_gmt":"2023-11-17T10:41:23","slug":"we-will-exhibit-at-enlit-europe","status":"publish","type":"post","link":"https:\/\/pronutec.gorlan.com\/en\/we-will-exhibit-at-enlit-europe\/","title":{"rendered":"We will exhibit at Enlit Europe"},"content":{"rendered":"<p>Once again we will participate at Enlit Europe, that will be held in Paris,\u00a0 from November 28 &#8211; 30.\u00a0 An event\u00a0 reference on the digitalization of the electric sector, where hundreds of companies in the energy sector converge to share the latest innovations and developments.\u00a0 This year, Enlit will welcome more than 12,000 energy professionals, 700 exhibitors, and hear from 500 speakers.<\/p>\n<p>&nbsp;<\/p>\n<p>We will be exhibiting in the Basque Pavilion, with Merytronic and AriadnaGrid, where we will showcase our solutions and launch our new innovative solutions for the digitalitaztion of the Low Voltage network<\/p>\n<p>&nbsp;<\/p>\n<h2>Get your free pass and discover our success cases<\/h2>\n<p>Do not miss this opportunity of visit us and <strong><a href=\"https:\/\/pronutec.gorlan.com\/en\/smart-grids-solutions-for-the-most-important-utility-in-germany\/?li_fat_id=c4098490-983c-4f2f-88ff-a09fba34879a&amp;utm_source=hs_email&amp;utm_medium=email&amp;_hsenc=p2ANqtz-9ftkCV11t9zy9RcDFZO9MpdQqoms_8lMQsxCys58JaXFrGWvqIRuVGSCw63hllhYLWeaOD\" target=\"_blank\" rel=\"noopener\">discover our success cases with important utilities. <\/a><\/strong>You can get your free invitation clicking on the banner.<\/p>\n","protected":false},"excerpt":{"rendered":"Once again we will participate at Enlit Europe, that will be held in Paris,\u00a0 from November 28 &#8211; 30.\u00a0 An event\u00a0 reference on the digitalization of the electric sector, where hundreds of companies in the energy sector converge to share the latest innovations and developments.\u00a0 This year, Enlit will welcome more than 12,000 energy professionals,&#8230; <a class=\"view-article\" href=\"https:\/\/pronutec.gorlan.com\/en\/we-will-exhibit-at-enlit-europe\/\">View Article<\/a>","protected":false},"author":12,"featured_media":18196,"comment_status":"open","ping_status":"open","sticky":false,"template":"","format":"standard","meta":{"footnotes":""},"categories":[332,404],"tags":[],"acf":[],"yoast_head":"<!-- This site is optimized with the Yoast SEO Premium plugin v21.3 (Yoast SEO v22.5) - https:\/\/yoast.com\/wordpress\/plugins\/seo\/ -->\n<title>We will exhibit at Enlit Europe | Pronutec<\/title>\n<meta name=\"robots\" content=\"index, follow, max-snippet:-1, max-image-preview:large, max-video-preview:-1\" \/>\n<link rel=\"canonical\" href=\"https:\/\/pronutec.gorlan.com\/en\/we-will-exhibit-at-enlit-europe\/\" \/>\n<meta property=\"og:locale\" content=\"en_US\" \/>\n<meta property=\"og:type\" content=\"article\" \/>\n<meta property=\"og:title\" content=\"We will exhibit at Enlit Europe\" \/>\n<meta property=\"og:url\" content=\"https:\/\/pronutec.gorlan.com\/en\/we-will-exhibit-at-enlit-europe\/\" \/>\n<meta property=\"og:site_name\" content=\"Pronutec\" \/>\n<meta property=\"article:published_time\" content=\"2023-11-10T11:00:41+00:00\" \/>\n<meta property=\"article:modified_time\" content=\"2023-11-17T10:41:23+00:00\" \/>\n<meta property=\"og:image\" content=\"https:\/\/pronutec.gorlan.com\/wp-content\/uploads\/2023\/11\/imagen-destsacada-enlit-EN-1.png\" \/>\n\t<meta property=\"og:image:width\" content=\"1012\" \/>\n\t<meta property=\"og:image:height\" content=\"534\" \/>\n\t<meta property=\"og:image:type\" content=\"image\/png\" \/>\n<meta name=\"author\" content=\"Ana Peinado Lozano\" \/>\n<meta name=\"twitter:card\" content=\"summary_large_image\" \/>\n<meta name=\"twitter:label1\" content=\"Written by\" \/>\n\t<meta name=\"twitter:data1\" content=\"Ana Peinado Lozano\" \/>\n\t<meta name=\"twitter:label2\" content=\"Est. reading time\" \/>\n\t<meta name=\"twitter:data2\" content=\"1 minute\" \/>\n<script type=\"application\/ld+json\" class=\"yoast-schema-graph\">{\"@context\":\"https:\/\/schema.org\",\"@graph\":[{\"@type\":\"Article\",\"@id\":\"https:\/\/pronutec.gorlan.com\/en\/we-will-exhibit-at-enlit-europe\/#article\",\"isPartOf\":{\"@id\":\"https:\/\/pronutec.gorlan.com\/en\/we-will-exhibit-at-enlit-europe\/\"},\"author\":{\"name\":\"Ana Peinado Lozano\",\"@id\":\"https:\/\/pronutec.gorlan.com\/#\/schema\/person\/3236771df904fefc6099536fba8d9a67\"},\"headline\":\"We will exhibit at Enlit Europe\",\"datePublished\":\"2023-11-10T11:00:41+00:00\",\"dateModified\":\"2023-11-17T10:41:23+00:00\",\"mainEntityOfPage\":{\"@id\":\"https:\/\/pronutec.gorlan.com\/en\/we-will-exhibit-at-enlit-europe\/\"},\"wordCount\":132,\"commentCount\":0,\"publisher\":{\"@id\":\"https:\/\/pronutec.gorlan.com\/#organization\"},\"image\":{\"@id\":\"https:\/\/pronutec.gorlan.com\/en\/we-will-exhibit-at-enlit-europe\/#primaryimage\"},\"thumbnailUrl\":\"https:\/\/pronutec.gorlan.com\/wp-content\/uploads\/2023\/11\/imagen-destsacada-enlit-EN-1.png\",\"articleSection\":[\"Corporate\",\"Power Distribution\"],\"inLanguage\":\"en-US\",\"potentialAction\":[{\"@type\":\"CommentAction\",\"name\":\"Comment\",\"target\":[\"https:\/\/pronutec.gorlan.com\/en\/we-will-exhibit-at-enlit-europe\/#respond\"]}]},{\"@type\":\"WebPage\",\"@id\":\"https:\/\/pronutec.gorlan.com\/en\/we-will-exhibit-at-enlit-europe\/\",\"url\":\"https:\/\/pronutec.gorlan.com\/en\/we-will-exhibit-at-enlit-europe\/\",\"name\":\"We will exhibit at Enlit Europe | Pronutec\",\"isPartOf\":{\"@id\":\"https:\/\/pronutec.gorlan.com\/#website\"},\"primaryImageOfPage\":{\"@id\":\"https:\/\/pronutec.gorlan.com\/en\/we-will-exhibit-at-enlit-europe\/#primaryimage\"},\"image\":{\"@id\":\"https:\/\/pronutec.gorlan.com\/en\/we-will-exhibit-at-enlit-europe\/#primaryimage\"},\"thumbnailUrl\":\"https:\/\/pronutec.gorlan.com\/wp-content\/uploads\/2023\/11\/imagen-destsacada-enlit-EN-1.png\",\"datePublished\":\"2023-11-10T11:00:41+00:00\",\"dateModified\":\"2023-11-17T10:41:23+00:00\",\"breadcrumb\":{\"@id\":\"https:\/\/pronutec.gorlan.com\/en\/we-will-exhibit-at-enlit-europe\/#breadcrumb\"},\"inLanguage\":\"en-US\",\"potentialAction\":[{\"@type\":\"ReadAction\",\"target\":[\"https:\/\/pronutec.gorlan.com\/en\/we-will-exhibit-at-enlit-europe\/\"]}]},{\"@type\":\"ImageObject\",\"inLanguage\":\"en-US\",\"@id\":\"https:\/\/pronutec.gorlan.com\/en\/we-will-exhibit-at-enlit-europe\/#primaryimage\",\"url\":\"https:\/\/pronutec.gorlan.com\/wp-content\/uploads\/2023\/11\/imagen-destsacada-enlit-EN-1.png\",\"contentUrl\":\"https:\/\/pronutec.gorlan.com\/wp-content\/uploads\/2023\/11\/imagen-destsacada-enlit-EN-1.png\",\"width\":1012,\"height\":534},{\"@type\":\"BreadcrumbList\",\"@id\":\"https:\/\/pronutec.gorlan.com\/en\/we-will-exhibit-at-enlit-europe\/#breadcrumb\",\"itemListElement\":[{\"@type\":\"ListItem\",\"position\":1,\"name\":\"Inicio\",\"item\":\"https:\/\/pronutec.gorlan.com\/en\/\"},{\"@type\":\"ListItem\",\"position\":2,\"name\":\"Corporate\",\"item\":\"https:\/\/pronutec.gorlan.com\/category\/corporate\/?lang=en\"},{\"@type\":\"ListItem\",\"position\":3,\"name\":\"We will exhibit at Enlit Europe\"}]},{\"@type\":\"WebSite\",\"@id\":\"https:\/\/pronutec.gorlan.com\/#website\",\"url\":\"https:\/\/pronutec.gorlan.com\/\",\"name\":\"Pronutec\",\"description\":\"Pronutec, l\u00edderes en soluciones avanzadas, b\u00fasqueda y desarrollo de nuevos productos orientados al sector el\u00e9ctrico.\",\"publisher\":{\"@id\":\"https:\/\/pronutec.gorlan.com\/#organization\"},\"potentialAction\":[{\"@type\":\"SearchAction\",\"target\":{\"@type\":\"EntryPoint\",\"urlTemplate\":\"https:\/\/pronutec.gorlan.com\/?s={search_term_string}\"},\"query-input\":\"required name=search_term_string\"}],\"inLanguage\":\"en-US\"},{\"@type\":\"Organization\",\"@id\":\"https:\/\/pronutec.gorlan.com\/#organization\",\"name\":\"Pronutec\",\"url\":\"https:\/\/pronutec.gorlan.com\/\",\"logo\":{\"@type\":\"ImageObject\",\"inLanguage\":\"en-US\",\"@id\":\"https:\/\/pronutec.gorlan.com\/#\/schema\/logo\/image\/\",\"url\":\"https:\/\/pronutec.gorlan.com\/wp-content\/uploads\/2022\/02\/resultado_defecto.jpg\",\"contentUrl\":\"https:\/\/pronutec.gorlan.com\/wp-content\/uploads\/2022\/02\/resultado_defecto.jpg\",\"width\":944,\"height\":629,\"caption\":\"Pronutec\"},\"image\":{\"@id\":\"https:\/\/pronutec.gorlan.com\/#\/schema\/logo\/image\/\"}},{\"@type\":\"Person\",\"@id\":\"https:\/\/pronutec.gorlan.com\/#\/schema\/person\/3236771df904fefc6099536fba8d9a67\",\"name\":\"Ana Peinado Lozano\",\"sameAs\":[\"http:\/\/Pronutec\"],\"url\":\"https:\/\/pronutec.gorlan.com\/en\/author\/ana_peinadolozano\/\"}]}<\/script>\n<!-- \/ Yoast SEO Premium plugin. -->","yoast_head_json":{"title":"We will exhibit at Enlit Europe | Pronutec","robots":{"index":"index","follow":"follow","max-snippet":"max-snippet:-1","max-image-preview":"max-image-preview:large","max-video-preview":"max-video-preview:-1"},"canonical":"https:\/\/pronutec.gorlan.com\/en\/we-will-exhibit-at-enlit-europe\/","og_locale":"en_US","og_type":"article","og_title":"We will exhibit at Enlit Europe","og_url":"https:\/\/pronutec.gorlan.com\/en\/we-will-exhibit-at-enlit-europe\/","og_site_name":"Pronutec","article_published_time":"2023-11-10T11:00:41+00:00","article_modified_time":"2023-11-17T10:41:23+00:00","og_image":[{"width":1012,"height":534,"url":"https:\/\/pronutec.gorlan.com\/wp-content\/uploads\/2023\/11\/imagen-destsacada-enlit-EN-1.png","type":"image\/png"}],"author":"Ana Peinado Lozano","twitter_card":"summary_large_image","twitter_misc":{"Written by":"Ana Peinado Lozano","Est. reading time":"1 minute"},"schema":{"@context":"https:\/\/schema.org","@graph":[{"@type":"Article","@id":"https:\/\/pronutec.gorlan.com\/en\/we-will-exhibit-at-enlit-europe\/#article","isPartOf":{"@id":"https:\/\/pronutec.gorlan.com\/en\/we-will-exhibit-at-enlit-europe\/"},"author":{"name":"Ana Peinado Lozano","@id":"https:\/\/pronutec.gorlan.com\/#\/schema\/person\/3236771df904fefc6099536fba8d9a67"},"headline":"We will exhibit at Enlit Europe","datePublished":"2023-11-10T11:00:41+00:00","dateModified":"2023-11-17T10:41:23+00:00","mainEntityOfPage":{"@id":"https:\/\/pronutec.gorlan.com\/en\/we-will-exhibit-at-enlit-europe\/"},"wordCount":132,"commentCount":0,"publisher":{"@id":"https:\/\/pronutec.gorlan.com\/#organization"},"image":{"@id":"https:\/\/pronutec.gorlan.com\/en\/we-will-exhibit-at-enlit-europe\/#primaryimage"},"thumbnailUrl":"https:\/\/pronutec.gorlan.com\/wp-content\/uploads\/2023\/11\/imagen-destsacada-enlit-EN-1.png","articleSection":["Corporate","Power Distribution"],"inLanguage":"en-US","potentialAction":[{"@type":"CommentAction","name":"Comment","target":["https:\/\/pronutec.gorlan.com\/en\/we-will-exhibit-at-enlit-europe\/#respond"]}]},{"@type":"WebPage","@id":"https:\/\/pronutec.gorlan.com\/en\/we-will-exhibit-at-enlit-europe\/","url":"https:\/\/pronutec.gorlan.com\/en\/we-will-exhibit-at-enlit-europe\/","name":"We will exhibit at Enlit Europe | Pronutec","isPartOf":{"@id":"https:\/\/pronutec.gorlan.com\/#website"},"primaryImageOfPage":{"@id":"https:\/\/pronutec.gorlan.com\/en\/we-will-exhibit-at-enlit-europe\/#primaryimage"},"image":{"@id":"https:\/\/pronutec.gorlan.com\/en\/we-will-exhibit-at-enlit-europe\/#primaryimage"},"thumbnailUrl":"https:\/\/pronutec.gorlan.com\/wp-content\/uploads\/2023\/11\/imagen-destsacada-enlit-EN-1.png","datePublished":"2023-11-10T11:00:41+00:00","dateModified":"2023-11-17T10:41:23+00:00","breadcrumb":{"@id":"https:\/\/pronutec.gorlan.com\/en\/we-will-exhibit-at-enlit-europe\/#breadcrumb"},"inLanguage":"en-US","potentialAction":[{"@type":"ReadAction","target":["https:\/\/pronutec.gorlan.com\/en\/we-will-exhibit-at-enlit-europe\/"]}]},{"@type":"ImageObject","inLanguage":"en-US","@id":"https:\/\/pronutec.gorlan.com\/en\/we-will-exhibit-at-enlit-europe\/#primaryimage","url":"https:\/\/pronutec.gorlan.com\/wp-content\/uploads\/2023\/11\/imagen-destsacada-enlit-EN-1.png","contentUrl":"https:\/\/pronutec.gorlan.com\/wp-content\/uploads\/2023\/11\/imagen-destsacada-enlit-EN-1.png","width":1012,"height":534},{"@type":"BreadcrumbList","@id":"https:\/\/pronutec.gorlan.com\/en\/we-will-exhibit-at-enlit-europe\/#breadcrumb","itemListElement":[{"@type":"ListItem","position":1,"name":"Inicio","item":"https:\/\/pronutec.gorlan.com\/en\/"},{"@type":"ListItem","position":2,"name":"Corporate","item":"https:\/\/pronutec.gorlan.com\/category\/corporate\/?lang=en"},{"@type":"ListItem","position":3,"name":"We will exhibit at Enlit Europe"}]},{"@type":"WebSite","@id":"https:\/\/pronutec.gorlan.com\/#website","url":"https:\/\/pronutec.gorlan.com\/","name":"Pronutec","description":"Pronutec, l\u00edderes en soluciones avanzadas, b\u00fasqueda y desarrollo de nuevos productos orientados al sector el\u00e9ctrico.","publisher":{"@id":"https:\/\/pronutec.gorlan.com\/#organization"},"potentialAction":[{"@type":"SearchAction","target":{"@type":"EntryPoint","urlTemplate":"https:\/\/pronutec.gorlan.com\/?s={search_term_string}"},"query-input":"required name=search_term_string"}],"inLanguage":"en-US"},{"@type":"Organization","@id":"https:\/\/pronutec.gorlan.com\/#organization","name":"Pronutec","url":"https:\/\/pronutec.gorlan.com\/","logo":{"@type":"ImageObject","inLanguage":"en-US","@id":"https:\/\/pronutec.gorlan.com\/#\/schema\/logo\/image\/","url":"https:\/\/pronutec.gorlan.com\/wp-content\/uploads\/2022\/02\/resultado_defecto.jpg","contentUrl":"https:\/\/pronutec.gorlan.com\/wp-content\/uploads\/2022\/02\/resultado_defecto.jpg","width":944,"height":629,"caption":"Pronutec"},"image":{"@id":"https:\/\/pronutec.gorlan.com\/#\/schema\/logo\/image\/"}},{"@type":"Person","@id":"https:\/\/pronutec.gorlan.com\/#\/schema\/person\/3236771df904fefc6099536fba8d9a67","name":"Ana Peinado Lozano","sameAs":["http:\/\/Pronutec"],"url":"https:\/\/pronutec.gorlan.com\/en\/author\/ana_peinadolozano\/"}]}},"_links":{"self":[{"href":"https:\/\/pronutec.gorlan.com\/en\/wp-json\/wp\/v2\/posts\/18173"}],"collection":[{"href":"https:\/\/pronutec.gorlan.com\/en\/wp-json\/wp\/v2\/posts"}],"about":[{"href":"https:\/\/pronutec.gorlan.com\/en\/wp-json\/wp\/v2\/types\/post"}],"author":[{"embeddable":true,"href":"https:\/\/pronutec.gorlan.com\/en\/wp-json\/wp\/v2\/users\/12"}],"replies":[{"embeddable":true,"href":"https:\/\/pronutec.gorlan.com\/en\/wp-json\/wp\/v2\/comments?post=18173"}],"version-history":[{"count":3,"href":"https:\/\/pronutec.gorlan.com\/en\/wp-json\/wp\/v2\/posts\/18173\/revisions"}],"predecessor-version":[{"id":18213,"href":"https:\/\/pronutec.gorlan.com\/en\/wp-json\/wp\/v2\/posts\/18173\/revisions\/18213"}],"wp:featuredmedia":[{"embeddable":true,"href":"https:\/\/pronutec.gorlan.com\/en\/wp-json\/wp\/v2\/media\/18196"}],"wp:attachment":[{"href":"https:\/\/pronutec.gorlan.com\/en\/wp-json\/wp\/v2\/media?parent=18173"}],"wp:term":[{"taxonomy":"category","embeddable":true,"href":"https:\/\/pronutec.gorlan.com\/en\/wp-json\/wp\/v2\/categories?post=18173"},{"taxonomy":"post_tag","embeddable":true,"href":"https:\/\/pronutec.gorlan.com\/en\/wp-json\/wp\/v2\/tags?post=18173"}],"curies":[{"name":"wp","href":"https:\/\/api.w.org\/{rel}","templated":true}]}}