{"id":18501,"date":"2023-11-27T15:20:41","date_gmt":"2023-11-27T13:20:41","guid":{"rendered":"https:\/\/pronutec.gorlan.com\/catalogo-cuadros-de-distribucion-de-baja-tension-para-proyectos-fotovoltaicos\/"},"modified":"2025-01-22T12:20:57","modified_gmt":"2025-01-22T10:20:57","slug":"new-catalogue-of-800v-ac-combiner-panels-for-photovoltaic-applications","status":"publish","type":"post","link":"https:\/\/pronutec.gorlan.com\/en\/new-catalogue-of-800v-ac-combiner-panels-for-photovoltaic-applications\/","title":{"rendered":"New catalogue of 800V AC combiner panels for photovoltaic applications!"},"content":{"rendered":"","protected":false},"excerpt":{"rendered":"At Pronutec, we have been providing innovative and durable solutions for the photovoltaic sector for years, and hundreds of leading companies in the sector in both the national and international markets have placed their trust in us.","protected":false},"author":12,"featured_media":18504,"comment_status":"open","ping_status":"open","sticky":false,"template":"","format":"standard","meta":{"footnotes":""},"categories":[288,330,414],"tags":[],"acf":[],"yoast_head":"<!-- This site is optimized with the Yoast SEO Premium plugin v21.3 (Yoast SEO v22.5) - https:\/\/yoast.com\/wordpress\/plugins\/seo\/ -->\n<title>New catalogue of 800V AC combiner panels for photovoltaic applications! | Pronutec<\/title>\n<meta name=\"description\" content=\"800 V AC combinar panels for photovoltaic applications. The best solution for transformer substation in photovoltaic proyects.\" \/>\n<meta name=\"robots\" content=\"index, follow, max-snippet:-1, max-image-preview:large, max-video-preview:-1\" \/>\n<link rel=\"canonical\" href=\"https:\/\/pronutec.gorlan.com\/en\/new-catalogue-of-800v-ac-combiner-panels-for-photovoltaic-applications\/\" \/>\n<meta property=\"og:locale\" content=\"en_US\" \/>\n<meta property=\"og:type\" content=\"article\" \/>\n<meta property=\"og:title\" content=\"New catalogue of 800V AC combiner panels for photovoltaic applications!\" \/>\n<meta property=\"og:description\" content=\"800 V AC combinar panels for photovoltaic applications. The best solution for transformer substation in photovoltaic proyects.\" \/>\n<meta property=\"og:url\" content=\"https:\/\/pronutec.gorlan.com\/en\/new-catalogue-of-800v-ac-combiner-panels-for-photovoltaic-applications\/\" \/>\n<meta property=\"og:site_name\" content=\"Pronutec\" \/>\n<meta property=\"article:published_time\" content=\"2023-11-27T13:20:41+00:00\" \/>\n<meta property=\"article:modified_time\" content=\"2025-01-22T10:20:57+00:00\" \/>\n<meta property=\"og:image\" content=\"https:\/\/pronutec.gorlan.com\/wp-content\/uploads\/2023\/11\/Imagen-destacada-EN.jpg\" \/>\n\t<meta property=\"og:image:width\" content=\"1012\" \/>\n\t<meta property=\"og:image:height\" content=\"534\" \/>\n\t<meta property=\"og:image:type\" content=\"image\/jpeg\" \/>\n<meta name=\"author\" content=\"Ana Peinado Lozano\" \/>\n<meta name=\"twitter:card\" content=\"summary_large_image\" \/>\n<meta name=\"twitter:label1\" content=\"Written by\" \/>\n\t<meta name=\"twitter:data1\" content=\"Ana Peinado Lozano\" \/>\n\t<meta name=\"twitter:label2\" content=\"Est. reading time\" \/>\n\t<meta name=\"twitter:data2\" content=\"3 minutes\" \/>\n<script type=\"application\/ld+json\" class=\"yoast-schema-graph\">{\"@context\":\"https:\/\/schema.org\",\"@graph\":[{\"@type\":\"Article\",\"@id\":\"https:\/\/pronutec.gorlan.com\/en\/new-catalogue-of-800v-ac-combiner-panels-for-photovoltaic-applications\/#article\",\"isPartOf\":{\"@id\":\"https:\/\/pronutec.gorlan.com\/en\/new-catalogue-of-800v-ac-combiner-panels-for-photovoltaic-applications\/\"},\"author\":{\"name\":\"Ana Peinado Lozano\",\"@id\":\"https:\/\/pronutec.gorlan.com\/#\/schema\/person\/3236771df904fefc6099536fba8d9a67\"},\"headline\":\"New catalogue of 800V AC combiner panels for photovoltaic applications!\",\"datePublished\":\"2023-11-27T13:20:41+00:00\",\"dateModified\":\"2025-01-22T10:20:57+00:00\",\"mainEntityOfPage\":{\"@id\":\"https:\/\/pronutec.gorlan.com\/en\/new-catalogue-of-800v-ac-combiner-panels-for-photovoltaic-applications\/\"},\"wordCount\":10,\"commentCount\":0,\"publisher\":{\"@id\":\"https:\/\/pronutec.gorlan.com\/#organization\"},\"image\":{\"@id\":\"https:\/\/pronutec.gorlan.com\/en\/new-catalogue-of-800v-ac-combiner-panels-for-photovoltaic-applications\/#primaryimage\"},\"thumbnailUrl\":\"https:\/\/pronutec.gorlan.com\/wp-content\/uploads\/2023\/11\/Imagen-destacada-EN.jpg\",\"articleSection\":[\"Products\",\"Technical articles\",\"Green Energy\"],\"inLanguage\":\"en-US\",\"potentialAction\":[{\"@type\":\"CommentAction\",\"name\":\"Comment\",\"target\":[\"https:\/\/pronutec.gorlan.com\/en\/new-catalogue-of-800v-ac-combiner-panels-for-photovoltaic-applications\/#respond\"]}]},{\"@type\":\"WebPage\",\"@id\":\"https:\/\/pronutec.gorlan.com\/en\/new-catalogue-of-800v-ac-combiner-panels-for-photovoltaic-applications\/\",\"url\":\"https:\/\/pronutec.gorlan.com\/en\/new-catalogue-of-800v-ac-combiner-panels-for-photovoltaic-applications\/\",\"name\":\"New catalogue of 800V AC combiner panels for photovoltaic applications! | Pronutec\",\"isPartOf\":{\"@id\":\"https:\/\/pronutec.gorlan.com\/#website\"},\"primaryImageOfPage\":{\"@id\":\"https:\/\/pronutec.gorlan.com\/en\/new-catalogue-of-800v-ac-combiner-panels-for-photovoltaic-applications\/#primaryimage\"},\"image\":{\"@id\":\"https:\/\/pronutec.gorlan.com\/en\/new-catalogue-of-800v-ac-combiner-panels-for-photovoltaic-applications\/#primaryimage\"},\"thumbnailUrl\":\"https:\/\/pronutec.gorlan.com\/wp-content\/uploads\/2023\/11\/Imagen-destacada-EN.jpg\",\"datePublished\":\"2023-11-27T13:20:41+00:00\",\"dateModified\":\"2025-01-22T10:20:57+00:00\",\"description\":\"800 V AC combinar panels for photovoltaic applications. The best solution for transformer substation in photovoltaic proyects.\",\"breadcrumb\":{\"@id\":\"https:\/\/pronutec.gorlan.com\/en\/new-catalogue-of-800v-ac-combiner-panels-for-photovoltaic-applications\/#breadcrumb\"},\"inLanguage\":\"en-US\",\"potentialAction\":[{\"@type\":\"ReadAction\",\"target\":[\"https:\/\/pronutec.gorlan.com\/en\/new-catalogue-of-800v-ac-combiner-panels-for-photovoltaic-applications\/\"]}]},{\"@type\":\"ImageObject\",\"inLanguage\":\"en-US\",\"@id\":\"https:\/\/pronutec.gorlan.com\/en\/new-catalogue-of-800v-ac-combiner-panels-for-photovoltaic-applications\/#primaryimage\",\"url\":\"https:\/\/pronutec.gorlan.com\/wp-content\/uploads\/2023\/11\/Imagen-destacada-EN.jpg\",\"contentUrl\":\"https:\/\/pronutec.gorlan.com\/wp-content\/uploads\/2023\/11\/Imagen-destacada-EN.jpg\",\"width\":1012,\"height\":534},{\"@type\":\"BreadcrumbList\",\"@id\":\"https:\/\/pronutec.gorlan.com\/en\/new-catalogue-of-800v-ac-combiner-panels-for-photovoltaic-applications\/#breadcrumb\",\"itemListElement\":[{\"@type\":\"ListItem\",\"position\":1,\"name\":\"Inicio\",\"item\":\"https:\/\/pronutec.gorlan.com\/en\/\"},{\"@type\":\"ListItem\",\"position\":2,\"name\":\"Art\u00edculos t\u00e9cnicos\",\"item\":\"https:\/\/pronutec.gorlan.com\/category\/articulos-tecnicos\/\"},{\"@type\":\"ListItem\",\"position\":3,\"name\":\"New catalogue of 800V AC combiner panels for photovoltaic applications!\"}]},{\"@type\":\"WebSite\",\"@id\":\"https:\/\/pronutec.gorlan.com\/#website\",\"url\":\"https:\/\/pronutec.gorlan.com\/\",\"name\":\"Pronutec\",\"description\":\"Pronutec, l\u00edderes en soluciones avanzadas, b\u00fasqueda y desarrollo de nuevos productos orientados al sector el\u00e9ctrico.\",\"publisher\":{\"@id\":\"https:\/\/pronutec.gorlan.com\/#organization\"},\"potentialAction\":[{\"@type\":\"SearchAction\",\"target\":{\"@type\":\"EntryPoint\",\"urlTemplate\":\"https:\/\/pronutec.gorlan.com\/?s={search_term_string}\"},\"query-input\":\"required name=search_term_string\"}],\"inLanguage\":\"en-US\"},{\"@type\":\"Organization\",\"@id\":\"https:\/\/pronutec.gorlan.com\/#organization\",\"name\":\"Pronutec\",\"url\":\"https:\/\/pronutec.gorlan.com\/\",\"logo\":{\"@type\":\"ImageObject\",\"inLanguage\":\"en-US\",\"@id\":\"https:\/\/pronutec.gorlan.com\/#\/schema\/logo\/image\/\",\"url\":\"https:\/\/pronutec.gorlan.com\/wp-content\/uploads\/2022\/02\/resultado_defecto.jpg\",\"contentUrl\":\"https:\/\/pronutec.gorlan.com\/wp-content\/uploads\/2022\/02\/resultado_defecto.jpg\",\"width\":944,\"height\":629,\"caption\":\"Pronutec\"},\"image\":{\"@id\":\"https:\/\/pronutec.gorlan.com\/#\/schema\/logo\/image\/\"}},{\"@type\":\"Person\",\"@id\":\"https:\/\/pronutec.gorlan.com\/#\/schema\/person\/3236771df904fefc6099536fba8d9a67\",\"name\":\"Ana Peinado Lozano\",\"sameAs\":[\"http:\/\/Pronutec\"],\"url\":\"https:\/\/pronutec.gorlan.com\/en\/author\/ana_peinadolozano\/\"}]}<\/script>\n<!-- \/ Yoast SEO Premium plugin. -->","yoast_head_json":{"title":"New catalogue of 800V AC combiner panels for photovoltaic applications! | Pronutec","description":"800 V AC combinar panels for photovoltaic applications. The best solution for transformer substation in photovoltaic proyects.","robots":{"index":"index","follow":"follow","max-snippet":"max-snippet:-1","max-image-preview":"max-image-preview:large","max-video-preview":"max-video-preview:-1"},"canonical":"https:\/\/pronutec.gorlan.com\/en\/new-catalogue-of-800v-ac-combiner-panels-for-photovoltaic-applications\/","og_locale":"en_US","og_type":"article","og_title":"New catalogue of 800V AC combiner panels for photovoltaic applications!","og_description":"800 V AC combinar panels for photovoltaic applications. The best solution for transformer substation in photovoltaic proyects.","og_url":"https:\/\/pronutec.gorlan.com\/en\/new-catalogue-of-800v-ac-combiner-panels-for-photovoltaic-applications\/","og_site_name":"Pronutec","article_published_time":"2023-11-27T13:20:41+00:00","article_modified_time":"2025-01-22T10:20:57+00:00","og_image":[{"width":1012,"height":534,"url":"https:\/\/pronutec.gorlan.com\/wp-content\/uploads\/2023\/11\/Imagen-destacada-EN.jpg","type":"image\/jpeg"}],"author":"Ana Peinado Lozano","twitter_card":"summary_large_image","twitter_misc":{"Written by":"Ana Peinado Lozano","Est. reading time":"3 minutes"},"schema":{"@context":"https:\/\/schema.org","@graph":[{"@type":"Article","@id":"https:\/\/pronutec.gorlan.com\/en\/new-catalogue-of-800v-ac-combiner-panels-for-photovoltaic-applications\/#article","isPartOf":{"@id":"https:\/\/pronutec.gorlan.com\/en\/new-catalogue-of-800v-ac-combiner-panels-for-photovoltaic-applications\/"},"author":{"name":"Ana Peinado Lozano","@id":"https:\/\/pronutec.gorlan.com\/#\/schema\/person\/3236771df904fefc6099536fba8d9a67"},"headline":"New catalogue of 800V AC combiner panels for photovoltaic applications!","datePublished":"2023-11-27T13:20:41+00:00","dateModified":"2025-01-22T10:20:57+00:00","mainEntityOfPage":{"@id":"https:\/\/pronutec.gorlan.com\/en\/new-catalogue-of-800v-ac-combiner-panels-for-photovoltaic-applications\/"},"wordCount":10,"commentCount":0,"publisher":{"@id":"https:\/\/pronutec.gorlan.com\/#organization"},"image":{"@id":"https:\/\/pronutec.gorlan.com\/en\/new-catalogue-of-800v-ac-combiner-panels-for-photovoltaic-applications\/#primaryimage"},"thumbnailUrl":"https:\/\/pronutec.gorlan.com\/wp-content\/uploads\/2023\/11\/Imagen-destacada-EN.jpg","articleSection":["Products","Technical articles","Green Energy"],"inLanguage":"en-US","potentialAction":[{"@type":"CommentAction","name":"Comment","target":["https:\/\/pronutec.gorlan.com\/en\/new-catalogue-of-800v-ac-combiner-panels-for-photovoltaic-applications\/#respond"]}]},{"@type":"WebPage","@id":"https:\/\/pronutec.gorlan.com\/en\/new-catalogue-of-800v-ac-combiner-panels-for-photovoltaic-applications\/","url":"https:\/\/pronutec.gorlan.com\/en\/new-catalogue-of-800v-ac-combiner-panels-for-photovoltaic-applications\/","name":"New catalogue of 800V AC combiner panels for photovoltaic applications! | Pronutec","isPartOf":{"@id":"https:\/\/pronutec.gorlan.com\/#website"},"primaryImageOfPage":{"@id":"https:\/\/pronutec.gorlan.com\/en\/new-catalogue-of-800v-ac-combiner-panels-for-photovoltaic-applications\/#primaryimage"},"image":{"@id":"https:\/\/pronutec.gorlan.com\/en\/new-catalogue-of-800v-ac-combiner-panels-for-photovoltaic-applications\/#primaryimage"},"thumbnailUrl":"https:\/\/pronutec.gorlan.com\/wp-content\/uploads\/2023\/11\/Imagen-destacada-EN.jpg","datePublished":"2023-11-27T13:20:41+00:00","dateModified":"2025-01-22T10:20:57+00:00","description":"800 V AC combinar panels for photovoltaic applications. The best solution for transformer substation in photovoltaic proyects.","breadcrumb":{"@id":"https:\/\/pronutec.gorlan.com\/en\/new-catalogue-of-800v-ac-combiner-panels-for-photovoltaic-applications\/#breadcrumb"},"inLanguage":"en-US","potentialAction":[{"@type":"ReadAction","target":["https:\/\/pronutec.gorlan.com\/en\/new-catalogue-of-800v-ac-combiner-panels-for-photovoltaic-applications\/"]}]},{"@type":"ImageObject","inLanguage":"en-US","@id":"https:\/\/pronutec.gorlan.com\/en\/new-catalogue-of-800v-ac-combiner-panels-for-photovoltaic-applications\/#primaryimage","url":"https:\/\/pronutec.gorlan.com\/wp-content\/uploads\/2023\/11\/Imagen-destacada-EN.jpg","contentUrl":"https:\/\/pronutec.gorlan.com\/wp-content\/uploads\/2023\/11\/Imagen-destacada-EN.jpg","width":1012,"height":534},{"@type":"BreadcrumbList","@id":"https:\/\/pronutec.gorlan.com\/en\/new-catalogue-of-800v-ac-combiner-panels-for-photovoltaic-applications\/#breadcrumb","itemListElement":[{"@type":"ListItem","position":1,"name":"Inicio","item":"https:\/\/pronutec.gorlan.com\/en\/"},{"@type":"ListItem","position":2,"name":"Art\u00edculos t\u00e9cnicos","item":"https:\/\/pronutec.gorlan.com\/category\/articulos-tecnicos\/"},{"@type":"ListItem","position":3,"name":"New catalogue of 800V AC combiner panels for photovoltaic applications!"}]},{"@type":"WebSite","@id":"https:\/\/pronutec.gorlan.com\/#website","url":"https:\/\/pronutec.gorlan.com\/","name":"Pronutec","description":"Pronutec, l\u00edderes en soluciones avanzadas, b\u00fasqueda y desarrollo de nuevos productos orientados al sector el\u00e9ctrico.","publisher":{"@id":"https:\/\/pronutec.gorlan.com\/#organization"},"potentialAction":[{"@type":"SearchAction","target":{"@type":"EntryPoint","urlTemplate":"https:\/\/pronutec.gorlan.com\/?s={search_term_string}"},"query-input":"required name=search_term_string"}],"inLanguage":"en-US"},{"@type":"Organization","@id":"https:\/\/pronutec.gorlan.com\/#organization","name":"Pronutec","url":"https:\/\/pronutec.gorlan.com\/","logo":{"@type":"ImageObject","inLanguage":"en-US","@id":"https:\/\/pronutec.gorlan.com\/#\/schema\/logo\/image\/","url":"https:\/\/pronutec.gorlan.com\/wp-content\/uploads\/2022\/02\/resultado_defecto.jpg","contentUrl":"https:\/\/pronutec.gorlan.com\/wp-content\/uploads\/2022\/02\/resultado_defecto.jpg","width":944,"height":629,"caption":"Pronutec"},"image":{"@id":"https:\/\/pronutec.gorlan.com\/#\/schema\/logo\/image\/"}},{"@type":"Person","@id":"https:\/\/pronutec.gorlan.com\/#\/schema\/person\/3236771df904fefc6099536fba8d9a67","name":"Ana Peinado Lozano","sameAs":["http:\/\/Pronutec"],"url":"https:\/\/pronutec.gorlan.com\/en\/author\/ana_peinadolozano\/"}]}},"_links":{"self":[{"href":"https:\/\/pronutec.gorlan.com\/en\/wp-json\/wp\/v2\/posts\/18501"}],"collection":[{"href":"https:\/\/pronutec.gorlan.com\/en\/wp-json\/wp\/v2\/posts"}],"about":[{"href":"https:\/\/pronutec.gorlan.com\/en\/wp-json\/wp\/v2\/types\/post"}],"author":[{"embeddable":true,"href":"https:\/\/pronutec.gorlan.com\/en\/wp-json\/wp\/v2\/users\/12"}],"replies":[{"embeddable":true,"href":"https:\/\/pronutec.gorlan.com\/en\/wp-json\/wp\/v2\/comments?post=18501"}],"version-history":[{"count":14,"href":"https:\/\/pronutec.gorlan.com\/en\/wp-json\/wp\/v2\/posts\/18501\/revisions"}],"predecessor-version":[{"id":24792,"href":"https:\/\/pronutec.gorlan.com\/en\/wp-json\/wp\/v2\/posts\/18501\/revisions\/24792"}],"wp:featuredmedia":[{"embeddable":true,"href":"https:\/\/pronutec.gorlan.com\/en\/wp-json\/wp\/v2\/media\/18504"}],"wp:attachment":[{"href":"https:\/\/pronutec.gorlan.com\/en\/wp-json\/wp\/v2\/media?parent=18501"}],"wp:term":[{"taxonomy":"category","embeddable":true,"href":"https:\/\/pronutec.gorlan.com\/en\/wp-json\/wp\/v2\/categories?post=18501"},{"taxonomy":"post_tag","embeddable":true,"href":"https:\/\/pronutec.gorlan.com\/en\/wp-json\/wp\/v2\/tags?post=18501"}],"curies":[{"name":"wp","href":"https:\/\/api.w.org\/{rel}","templated":true}]}}