{"id":18686,"date":"2024-01-04T18:47:46","date_gmt":"2024-01-04T16:47:46","guid":{"rendered":"https:\/\/pronutec.gorlan.com\/participamos-en-genera-la-feria-internacional-de-energia-y-medio-ambiente\/"},"modified":"2025-01-22T12:20:45","modified_gmt":"2025-01-22T10:20:45","slug":"participamos-en-genera-la-feria-internacional-de-energia-y-medio-ambiente","status":"publish","type":"post","link":"https:\/\/pronutec.gorlan.com\/en\/participamos-en-genera-la-feria-internacional-de-energia-y-medio-ambiente\/","title":{"rendered":"We are taking part in Genera, the international energy and environment trade fair"},"content":{"rendered":"<p>On 6, 7 and 8 February we will be in Madrid at the Genera trade fair, a key event in Spain where hundreds of companies from the energy sector will gather. The fair, which will be held at the Ifema exhibition centre, is expected to welcome more than 35,000 professionals from the sector and will focus on the latest innovations and trends in the renewable energy sector.<\/p>\n<p>&nbsp;<\/p>\n","protected":false},"excerpt":{"rendered":"On 6, 7 and 8 February we will be in Madrid at the Genera trade fair, a key event in Spain where hundreds of companies from the energy sector will gather. The fair, which will be held at the Ifema exhibition centre, is expected to welcome more than 35,000 professionals from the sector and will focus on the latest innovations and trends in the renewable energy sector.","protected":false},"author":12,"featured_media":18694,"comment_status":"open","ping_status":"open","sticky":false,"template":"","format":"standard","meta":{"footnotes":""},"categories":[289,292,414],"tags":[],"acf":[],"yoast_head":"<!-- This site is optimized with the Yoast SEO Premium plugin v21.3 (Yoast SEO v22.5) - https:\/\/yoast.com\/wordpress\/plugins\/seo\/ -->\n<title>We are taking part in Genera, the international energy and environment trade fair | Pronutec<\/title>\n<meta name=\"description\" content=\"Participamos en la feria de Genera, un evento clave en Espa\u00f1a donde mostrar nuestras soluciones para el sector de la energ\u00eda renovable\" \/>\n<meta name=\"robots\" content=\"index, follow, max-snippet:-1, max-image-preview:large, max-video-preview:-1\" \/>\n<link rel=\"canonical\" href=\"https:\/\/pronutec.gorlan.com\/en\/participamos-en-genera-la-feria-internacional-de-energia-y-medio-ambiente\/\" \/>\n<meta property=\"og:locale\" content=\"en_US\" \/>\n<meta property=\"og:type\" content=\"article\" \/>\n<meta property=\"og:title\" content=\"We are taking part in Genera, the international energy and environment trade fair\" \/>\n<meta property=\"og:description\" content=\"Participamos en la feria de Genera, un evento clave en Espa\u00f1a donde mostrar nuestras soluciones para el sector de la energ\u00eda renovable\" \/>\n<meta property=\"og:url\" content=\"https:\/\/pronutec.gorlan.com\/en\/participamos-en-genera-la-feria-internacional-de-energia-y-medio-ambiente\/\" \/>\n<meta property=\"og:site_name\" content=\"Pronutec\" \/>\n<meta property=\"article:published_time\" content=\"2024-01-04T16:47:46+00:00\" \/>\n<meta property=\"article:modified_time\" content=\"2025-01-22T10:20:45+00:00\" \/>\n<meta property=\"og:image\" content=\"https:\/\/pronutec.gorlan.com\/wp-content\/uploads\/2024\/01\/Imagen-destacada-Genera-EN.png\" \/>\n\t<meta property=\"og:image:width\" content=\"1010\" \/>\n\t<meta property=\"og:image:height\" content=\"535\" \/>\n\t<meta property=\"og:image:type\" content=\"image\/png\" \/>\n<meta name=\"author\" content=\"Ana Peinado Lozano\" \/>\n<meta name=\"twitter:card\" content=\"summary_large_image\" \/>\n<meta name=\"twitter:label1\" content=\"Written by\" \/>\n\t<meta name=\"twitter:data1\" content=\"Ana Peinado Lozano\" \/>\n\t<meta name=\"twitter:label2\" content=\"Est. reading time\" \/>\n\t<meta name=\"twitter:data2\" content=\"2 minutes\" \/>\n<script type=\"application\/ld+json\" class=\"yoast-schema-graph\">{\"@context\":\"https:\/\/schema.org\",\"@graph\":[{\"@type\":\"Article\",\"@id\":\"https:\/\/pronutec.gorlan.com\/en\/participamos-en-genera-la-feria-internacional-de-energia-y-medio-ambiente\/#article\",\"isPartOf\":{\"@id\":\"https:\/\/pronutec.gorlan.com\/en\/participamos-en-genera-la-feria-internacional-de-energia-y-medio-ambiente\/\"},\"author\":{\"name\":\"Ana Peinado Lozano\",\"@id\":\"https:\/\/pronutec.gorlan.com\/#\/schema\/person\/3236771df904fefc6099536fba8d9a67\"},\"headline\":\"We are taking part in Genera, the international energy and environment trade fair\",\"datePublished\":\"2024-01-04T16:47:46+00:00\",\"dateModified\":\"2025-01-22T10:20:45+00:00\",\"mainEntityOfPage\":{\"@id\":\"https:\/\/pronutec.gorlan.com\/en\/participamos-en-genera-la-feria-internacional-de-energia-y-medio-ambiente\/\"},\"wordCount\":77,\"commentCount\":0,\"publisher\":{\"@id\":\"https:\/\/pronutec.gorlan.com\/#organization\"},\"image\":{\"@id\":\"https:\/\/pronutec.gorlan.com\/en\/participamos-en-genera-la-feria-internacional-de-energia-y-medio-ambiente\/#primaryimage\"},\"thumbnailUrl\":\"https:\/\/pronutec.gorlan.com\/wp-content\/uploads\/2024\/01\/Imagen-destacada-Genera-EN.png\",\"articleSection\":[\"Pronutec\",\"Events\",\"Green Energy\"],\"inLanguage\":\"en-US\",\"potentialAction\":[{\"@type\":\"CommentAction\",\"name\":\"Comment\",\"target\":[\"https:\/\/pronutec.gorlan.com\/en\/participamos-en-genera-la-feria-internacional-de-energia-y-medio-ambiente\/#respond\"]}]},{\"@type\":\"WebPage\",\"@id\":\"https:\/\/pronutec.gorlan.com\/en\/participamos-en-genera-la-feria-internacional-de-energia-y-medio-ambiente\/\",\"url\":\"https:\/\/pronutec.gorlan.com\/en\/participamos-en-genera-la-feria-internacional-de-energia-y-medio-ambiente\/\",\"name\":\"We are taking part in Genera, the international energy and environment trade fair | Pronutec\",\"isPartOf\":{\"@id\":\"https:\/\/pronutec.gorlan.com\/#website\"},\"primaryImageOfPage\":{\"@id\":\"https:\/\/pronutec.gorlan.com\/en\/participamos-en-genera-la-feria-internacional-de-energia-y-medio-ambiente\/#primaryimage\"},\"image\":{\"@id\":\"https:\/\/pronutec.gorlan.com\/en\/participamos-en-genera-la-feria-internacional-de-energia-y-medio-ambiente\/#primaryimage\"},\"thumbnailUrl\":\"https:\/\/pronutec.gorlan.com\/wp-content\/uploads\/2024\/01\/Imagen-destacada-Genera-EN.png\",\"datePublished\":\"2024-01-04T16:47:46+00:00\",\"dateModified\":\"2025-01-22T10:20:45+00:00\",\"description\":\"Participamos en la feria de Genera, un evento clave en Espa\u00f1a donde mostrar nuestras soluciones para el sector de la energ\u00eda renovable\",\"breadcrumb\":{\"@id\":\"https:\/\/pronutec.gorlan.com\/en\/participamos-en-genera-la-feria-internacional-de-energia-y-medio-ambiente\/#breadcrumb\"},\"inLanguage\":\"en-US\",\"potentialAction\":[{\"@type\":\"ReadAction\",\"target\":[\"https:\/\/pronutec.gorlan.com\/en\/participamos-en-genera-la-feria-internacional-de-energia-y-medio-ambiente\/\"]}]},{\"@type\":\"ImageObject\",\"inLanguage\":\"en-US\",\"@id\":\"https:\/\/pronutec.gorlan.com\/en\/participamos-en-genera-la-feria-internacional-de-energia-y-medio-ambiente\/#primaryimage\",\"url\":\"https:\/\/pronutec.gorlan.com\/wp-content\/uploads\/2024\/01\/Imagen-destacada-Genera-EN.png\",\"contentUrl\":\"https:\/\/pronutec.gorlan.com\/wp-content\/uploads\/2024\/01\/Imagen-destacada-Genera-EN.png\",\"width\":1010,\"height\":535},{\"@type\":\"BreadcrumbList\",\"@id\":\"https:\/\/pronutec.gorlan.com\/en\/participamos-en-genera-la-feria-internacional-de-energia-y-medio-ambiente\/#breadcrumb\",\"itemListElement\":[{\"@type\":\"ListItem\",\"position\":1,\"name\":\"Inicio\",\"item\":\"https:\/\/pronutec.gorlan.com\/en\/\"},{\"@type\":\"ListItem\",\"position\":2,\"name\":\"Eventos\",\"item\":\"https:\/\/pronutec.gorlan.com\/category\/eventos\/\"},{\"@type\":\"ListItem\",\"position\":3,\"name\":\"We are taking part in Genera, the international energy and environment trade fair\"}]},{\"@type\":\"WebSite\",\"@id\":\"https:\/\/pronutec.gorlan.com\/#website\",\"url\":\"https:\/\/pronutec.gorlan.com\/\",\"name\":\"Pronutec\",\"description\":\"Pronutec, l\u00edderes en soluciones avanzadas, b\u00fasqueda y desarrollo de nuevos productos orientados al sector el\u00e9ctrico.\",\"publisher\":{\"@id\":\"https:\/\/pronutec.gorlan.com\/#organization\"},\"potentialAction\":[{\"@type\":\"SearchAction\",\"target\":{\"@type\":\"EntryPoint\",\"urlTemplate\":\"https:\/\/pronutec.gorlan.com\/?s={search_term_string}\"},\"query-input\":\"required name=search_term_string\"}],\"inLanguage\":\"en-US\"},{\"@type\":\"Organization\",\"@id\":\"https:\/\/pronutec.gorlan.com\/#organization\",\"name\":\"Pronutec\",\"url\":\"https:\/\/pronutec.gorlan.com\/\",\"logo\":{\"@type\":\"ImageObject\",\"inLanguage\":\"en-US\",\"@id\":\"https:\/\/pronutec.gorlan.com\/#\/schema\/logo\/image\/\",\"url\":\"https:\/\/pronutec.gorlan.com\/wp-content\/uploads\/2022\/02\/resultado_defecto.jpg\",\"contentUrl\":\"https:\/\/pronutec.gorlan.com\/wp-content\/uploads\/2022\/02\/resultado_defecto.jpg\",\"width\":944,\"height\":629,\"caption\":\"Pronutec\"},\"image\":{\"@id\":\"https:\/\/pronutec.gorlan.com\/#\/schema\/logo\/image\/\"}},{\"@type\":\"Person\",\"@id\":\"https:\/\/pronutec.gorlan.com\/#\/schema\/person\/3236771df904fefc6099536fba8d9a67\",\"name\":\"Ana Peinado Lozano\",\"sameAs\":[\"http:\/\/Pronutec\"],\"url\":\"https:\/\/pronutec.gorlan.com\/en\/author\/ana_peinadolozano\/\"}]}<\/script>\n<!-- \/ Yoast SEO Premium plugin. -->","yoast_head_json":{"title":"We are taking part in Genera, the international energy and environment trade fair | Pronutec","description":"Participamos en la feria de Genera, un evento clave en Espa\u00f1a donde mostrar nuestras soluciones para el sector de la energ\u00eda renovable","robots":{"index":"index","follow":"follow","max-snippet":"max-snippet:-1","max-image-preview":"max-image-preview:large","max-video-preview":"max-video-preview:-1"},"canonical":"https:\/\/pronutec.gorlan.com\/en\/participamos-en-genera-la-feria-internacional-de-energia-y-medio-ambiente\/","og_locale":"en_US","og_type":"article","og_title":"We are taking part in Genera, the international energy and environment trade fair","og_description":"Participamos en la feria de Genera, un evento clave en Espa\u00f1a donde mostrar nuestras soluciones para el sector de la energ\u00eda renovable","og_url":"https:\/\/pronutec.gorlan.com\/en\/participamos-en-genera-la-feria-internacional-de-energia-y-medio-ambiente\/","og_site_name":"Pronutec","article_published_time":"2024-01-04T16:47:46+00:00","article_modified_time":"2025-01-22T10:20:45+00:00","og_image":[{"width":1010,"height":535,"url":"https:\/\/pronutec.gorlan.com\/wp-content\/uploads\/2024\/01\/Imagen-destacada-Genera-EN.png","type":"image\/png"}],"author":"Ana Peinado Lozano","twitter_card":"summary_large_image","twitter_misc":{"Written by":"Ana Peinado Lozano","Est. reading time":"2 minutes"},"schema":{"@context":"https:\/\/schema.org","@graph":[{"@type":"Article","@id":"https:\/\/pronutec.gorlan.com\/en\/participamos-en-genera-la-feria-internacional-de-energia-y-medio-ambiente\/#article","isPartOf":{"@id":"https:\/\/pronutec.gorlan.com\/en\/participamos-en-genera-la-feria-internacional-de-energia-y-medio-ambiente\/"},"author":{"name":"Ana Peinado Lozano","@id":"https:\/\/pronutec.gorlan.com\/#\/schema\/person\/3236771df904fefc6099536fba8d9a67"},"headline":"We are taking part in Genera, the international energy and environment trade fair","datePublished":"2024-01-04T16:47:46+00:00","dateModified":"2025-01-22T10:20:45+00:00","mainEntityOfPage":{"@id":"https:\/\/pronutec.gorlan.com\/en\/participamos-en-genera-la-feria-internacional-de-energia-y-medio-ambiente\/"},"wordCount":77,"commentCount":0,"publisher":{"@id":"https:\/\/pronutec.gorlan.com\/#organization"},"image":{"@id":"https:\/\/pronutec.gorlan.com\/en\/participamos-en-genera-la-feria-internacional-de-energia-y-medio-ambiente\/#primaryimage"},"thumbnailUrl":"https:\/\/pronutec.gorlan.com\/wp-content\/uploads\/2024\/01\/Imagen-destacada-Genera-EN.png","articleSection":["Pronutec","Events","Green Energy"],"inLanguage":"en-US","potentialAction":[{"@type":"CommentAction","name":"Comment","target":["https:\/\/pronutec.gorlan.com\/en\/participamos-en-genera-la-feria-internacional-de-energia-y-medio-ambiente\/#respond"]}]},{"@type":"WebPage","@id":"https:\/\/pronutec.gorlan.com\/en\/participamos-en-genera-la-feria-internacional-de-energia-y-medio-ambiente\/","url":"https:\/\/pronutec.gorlan.com\/en\/participamos-en-genera-la-feria-internacional-de-energia-y-medio-ambiente\/","name":"We are taking part in Genera, the international energy and environment trade fair | Pronutec","isPartOf":{"@id":"https:\/\/pronutec.gorlan.com\/#website"},"primaryImageOfPage":{"@id":"https:\/\/pronutec.gorlan.com\/en\/participamos-en-genera-la-feria-internacional-de-energia-y-medio-ambiente\/#primaryimage"},"image":{"@id":"https:\/\/pronutec.gorlan.com\/en\/participamos-en-genera-la-feria-internacional-de-energia-y-medio-ambiente\/#primaryimage"},"thumbnailUrl":"https:\/\/pronutec.gorlan.com\/wp-content\/uploads\/2024\/01\/Imagen-destacada-Genera-EN.png","datePublished":"2024-01-04T16:47:46+00:00","dateModified":"2025-01-22T10:20:45+00:00","description":"Participamos en la feria de Genera, un evento clave en Espa\u00f1a donde mostrar nuestras soluciones para el sector de la energ\u00eda renovable","breadcrumb":{"@id":"https:\/\/pronutec.gorlan.com\/en\/participamos-en-genera-la-feria-internacional-de-energia-y-medio-ambiente\/#breadcrumb"},"inLanguage":"en-US","potentialAction":[{"@type":"ReadAction","target":["https:\/\/pronutec.gorlan.com\/en\/participamos-en-genera-la-feria-internacional-de-energia-y-medio-ambiente\/"]}]},{"@type":"ImageObject","inLanguage":"en-US","@id":"https:\/\/pronutec.gorlan.com\/en\/participamos-en-genera-la-feria-internacional-de-energia-y-medio-ambiente\/#primaryimage","url":"https:\/\/pronutec.gorlan.com\/wp-content\/uploads\/2024\/01\/Imagen-destacada-Genera-EN.png","contentUrl":"https:\/\/pronutec.gorlan.com\/wp-content\/uploads\/2024\/01\/Imagen-destacada-Genera-EN.png","width":1010,"height":535},{"@type":"BreadcrumbList","@id":"https:\/\/pronutec.gorlan.com\/en\/participamos-en-genera-la-feria-internacional-de-energia-y-medio-ambiente\/#breadcrumb","itemListElement":[{"@type":"ListItem","position":1,"name":"Inicio","item":"https:\/\/pronutec.gorlan.com\/en\/"},{"@type":"ListItem","position":2,"name":"Eventos","item":"https:\/\/pronutec.gorlan.com\/category\/eventos\/"},{"@type":"ListItem","position":3,"name":"We are taking part in Genera, the international energy and environment trade fair"}]},{"@type":"WebSite","@id":"https:\/\/pronutec.gorlan.com\/#website","url":"https:\/\/pronutec.gorlan.com\/","name":"Pronutec","description":"Pronutec, l\u00edderes en soluciones avanzadas, b\u00fasqueda y desarrollo de nuevos productos orientados al sector el\u00e9ctrico.","publisher":{"@id":"https:\/\/pronutec.gorlan.com\/#organization"},"potentialAction":[{"@type":"SearchAction","target":{"@type":"EntryPoint","urlTemplate":"https:\/\/pronutec.gorlan.com\/?s={search_term_string}"},"query-input":"required name=search_term_string"}],"inLanguage":"en-US"},{"@type":"Organization","@id":"https:\/\/pronutec.gorlan.com\/#organization","name":"Pronutec","url":"https:\/\/pronutec.gorlan.com\/","logo":{"@type":"ImageObject","inLanguage":"en-US","@id":"https:\/\/pronutec.gorlan.com\/#\/schema\/logo\/image\/","url":"https:\/\/pronutec.gorlan.com\/wp-content\/uploads\/2022\/02\/resultado_defecto.jpg","contentUrl":"https:\/\/pronutec.gorlan.com\/wp-content\/uploads\/2022\/02\/resultado_defecto.jpg","width":944,"height":629,"caption":"Pronutec"},"image":{"@id":"https:\/\/pronutec.gorlan.com\/#\/schema\/logo\/image\/"}},{"@type":"Person","@id":"https:\/\/pronutec.gorlan.com\/#\/schema\/person\/3236771df904fefc6099536fba8d9a67","name":"Ana Peinado Lozano","sameAs":["http:\/\/Pronutec"],"url":"https:\/\/pronutec.gorlan.com\/en\/author\/ana_peinadolozano\/"}]}},"_links":{"self":[{"href":"https:\/\/pronutec.gorlan.com\/en\/wp-json\/wp\/v2\/posts\/18686"}],"collection":[{"href":"https:\/\/pronutec.gorlan.com\/en\/wp-json\/wp\/v2\/posts"}],"about":[{"href":"https:\/\/pronutec.gorlan.com\/en\/wp-json\/wp\/v2\/types\/post"}],"author":[{"embeddable":true,"href":"https:\/\/pronutec.gorlan.com\/en\/wp-json\/wp\/v2\/users\/12"}],"replies":[{"embeddable":true,"href":"https:\/\/pronutec.gorlan.com\/en\/wp-json\/wp\/v2\/comments?post=18686"}],"version-history":[{"count":4,"href":"https:\/\/pronutec.gorlan.com\/en\/wp-json\/wp\/v2\/posts\/18686\/revisions"}],"predecessor-version":[{"id":24791,"href":"https:\/\/pronutec.gorlan.com\/en\/wp-json\/wp\/v2\/posts\/18686\/revisions\/24791"}],"wp:featuredmedia":[{"embeddable":true,"href":"https:\/\/pronutec.gorlan.com\/en\/wp-json\/wp\/v2\/media\/18694"}],"wp:attachment":[{"href":"https:\/\/pronutec.gorlan.com\/en\/wp-json\/wp\/v2\/media?parent=18686"}],"wp:term":[{"taxonomy":"category","embeddable":true,"href":"https:\/\/pronutec.gorlan.com\/en\/wp-json\/wp\/v2\/categories?post=18686"},{"taxonomy":"post_tag","embeddable":true,"href":"https:\/\/pronutec.gorlan.com\/en\/wp-json\/wp\/v2\/tags?post=18686"}],"curies":[{"name":"wp","href":"https:\/\/api.w.org\/{rel}","templated":true}]}}