{"id":22957,"date":"2024-05-28T16:22:30","date_gmt":"2024-05-28T14:22:30","guid":{"rendered":"https:\/\/pronutec.gorlan.com\/modos-de-recarga-de-vehiculos-electricos-segun-la-norma-iec-61851-1\/"},"modified":"2025-01-22T12:18:26","modified_gmt":"2025-01-22T10:18:26","slug":"electric-vehicle-charging-modes-according-to-the-iec-61851-1-standard","status":"publish","type":"post","link":"https:\/\/pronutec.gorlan.com\/en\/electric-vehicle-charging-modes-according-to-the-iec-61851-1-standard\/","title":{"rendered":"Electric Vehicle Charging Modes according to the IEC 61851-1 Standard"},"content":{"rendered":"","protected":false},"excerpt":{"rendered":"Electric vehicle (EV) charging is a crucial issue in the move towards sustainable mobility. There are different charging modes that vary depending on the power and current demanded. The power of the charging point determines the speed at which an EV can be charged, and these modes are defined in the IEC 61851-1 standard, numbered from 1 to 4.","protected":false},"author":2,"featured_media":22964,"comment_status":"open","ping_status":"open","sticky":false,"template":"","format":"standard","meta":{"footnotes":""},"categories":[289,330,403,404,414],"tags":[560,561,566],"acf":[],"yoast_head":"<!-- This site is optimized with the Yoast SEO Premium plugin v21.3 (Yoast SEO v22.5) - https:\/\/yoast.com\/wordpress\/plugins\/seo\/ -->\n<title>Electric Vehicle Charging Modes according to the IEC 61851-1 Standard | Pronutec<\/title>\n<meta name=\"robots\" content=\"index, follow, max-snippet:-1, max-image-preview:large, max-video-preview:-1\" \/>\n<link rel=\"canonical\" href=\"https:\/\/pronutec.gorlan.com\/en\/electric-vehicle-charging-modes-according-to-the-iec-61851-1-standard\/\" \/>\n<meta property=\"og:locale\" content=\"en_US\" \/>\n<meta property=\"og:type\" content=\"article\" \/>\n<meta property=\"og:title\" content=\"Electric Vehicle Charging Modes according to the IEC 61851-1 Standard\" \/>\n<meta property=\"og:url\" content=\"https:\/\/pronutec.gorlan.com\/en\/electric-vehicle-charging-modes-according-to-the-iec-61851-1-standard\/\" \/>\n<meta property=\"og:site_name\" content=\"Pronutec\" \/>\n<meta property=\"article:published_time\" content=\"2024-05-28T14:22:30+00:00\" \/>\n<meta property=\"article:modified_time\" content=\"2025-01-22T10:18:26+00:00\" \/>\n<meta property=\"og:image\" content=\"https:\/\/pronutec.gorlan.com\/wp-content\/uploads\/2024\/04\/Imagen-destacada-WEB-vehiculo-electrico-EN-1.png\" \/>\n\t<meta property=\"og:image:width\" content=\"1010\" \/>\n\t<meta property=\"og:image:height\" content=\"535\" \/>\n\t<meta property=\"og:image:type\" content=\"image\/png\" \/>\n<meta name=\"author\" content=\"Nur\u00eda Juli\u00e1n\" \/>\n<meta name=\"twitter:card\" content=\"summary_large_image\" \/>\n<meta name=\"twitter:label1\" content=\"Written by\" \/>\n\t<meta name=\"twitter:data1\" content=\"Nur\u00eda Juli\u00e1n\" \/>\n\t<meta name=\"twitter:label2\" content=\"Est. reading time\" \/>\n\t<meta name=\"twitter:data2\" content=\"4 minutes\" \/>\n<script type=\"application\/ld+json\" class=\"yoast-schema-graph\">{\"@context\":\"https:\/\/schema.org\",\"@graph\":[{\"@type\":\"Article\",\"@id\":\"https:\/\/pronutec.gorlan.com\/en\/electric-vehicle-charging-modes-according-to-the-iec-61851-1-standard\/#article\",\"isPartOf\":{\"@id\":\"https:\/\/pronutec.gorlan.com\/en\/electric-vehicle-charging-modes-according-to-the-iec-61851-1-standard\/\"},\"author\":{\"name\":\"Nur\u00eda Juli\u00e1n\",\"@id\":\"https:\/\/pronutec.gorlan.com\/#\/schema\/person\/9f40ced926c84b3ca3ad120399fd9013\"},\"headline\":\"Electric Vehicle Charging Modes according to the IEC 61851-1 Standard\",\"datePublished\":\"2024-05-28T14:22:30+00:00\",\"dateModified\":\"2025-01-22T10:18:26+00:00\",\"mainEntityOfPage\":{\"@id\":\"https:\/\/pronutec.gorlan.com\/en\/electric-vehicle-charging-modes-according-to-the-iec-61851-1-standard\/\"},\"wordCount\":10,\"commentCount\":0,\"publisher\":{\"@id\":\"https:\/\/pronutec.gorlan.com\/#organization\"},\"image\":{\"@id\":\"https:\/\/pronutec.gorlan.com\/en\/electric-vehicle-charging-modes-according-to-the-iec-61851-1-standard\/#primaryimage\"},\"thumbnailUrl\":\"https:\/\/pronutec.gorlan.com\/wp-content\/uploads\/2024\/04\/Imagen-destacada-WEB-vehiculo-electrico-EN-1.png\",\"keywords\":[\"e-mobility\",\"veh\u00edculo el\u00e9ctrico\",\"electric vehicle\"],\"articleSection\":[\"Pronutec\",\"Technical articles\",\"Industrial applications\",\"Power Distribution\",\"Green Energy\"],\"inLanguage\":\"en-US\",\"potentialAction\":[{\"@type\":\"CommentAction\",\"name\":\"Comment\",\"target\":[\"https:\/\/pronutec.gorlan.com\/en\/electric-vehicle-charging-modes-according-to-the-iec-61851-1-standard\/#respond\"]}]},{\"@type\":\"WebPage\",\"@id\":\"https:\/\/pronutec.gorlan.com\/en\/electric-vehicle-charging-modes-according-to-the-iec-61851-1-standard\/\",\"url\":\"https:\/\/pronutec.gorlan.com\/en\/electric-vehicle-charging-modes-according-to-the-iec-61851-1-standard\/\",\"name\":\"Electric Vehicle Charging Modes according to the IEC 61851-1 Standard | Pronutec\",\"isPartOf\":{\"@id\":\"https:\/\/pronutec.gorlan.com\/#website\"},\"primaryImageOfPage\":{\"@id\":\"https:\/\/pronutec.gorlan.com\/en\/electric-vehicle-charging-modes-according-to-the-iec-61851-1-standard\/#primaryimage\"},\"image\":{\"@id\":\"https:\/\/pronutec.gorlan.com\/en\/electric-vehicle-charging-modes-according-to-the-iec-61851-1-standard\/#primaryimage\"},\"thumbnailUrl\":\"https:\/\/pronutec.gorlan.com\/wp-content\/uploads\/2024\/04\/Imagen-destacada-WEB-vehiculo-electrico-EN-1.png\",\"datePublished\":\"2024-05-28T14:22:30+00:00\",\"dateModified\":\"2025-01-22T10:18:26+00:00\",\"breadcrumb\":{\"@id\":\"https:\/\/pronutec.gorlan.com\/en\/electric-vehicle-charging-modes-according-to-the-iec-61851-1-standard\/#breadcrumb\"},\"inLanguage\":\"en-US\",\"potentialAction\":[{\"@type\":\"ReadAction\",\"target\":[\"https:\/\/pronutec.gorlan.com\/en\/electric-vehicle-charging-modes-according-to-the-iec-61851-1-standard\/\"]}]},{\"@type\":\"ImageObject\",\"inLanguage\":\"en-US\",\"@id\":\"https:\/\/pronutec.gorlan.com\/en\/electric-vehicle-charging-modes-according-to-the-iec-61851-1-standard\/#primaryimage\",\"url\":\"https:\/\/pronutec.gorlan.com\/wp-content\/uploads\/2024\/04\/Imagen-destacada-WEB-vehiculo-electrico-EN-1.png\",\"contentUrl\":\"https:\/\/pronutec.gorlan.com\/wp-content\/uploads\/2024\/04\/Imagen-destacada-WEB-vehiculo-electrico-EN-1.png\",\"width\":1010,\"height\":535},{\"@type\":\"BreadcrumbList\",\"@id\":\"https:\/\/pronutec.gorlan.com\/en\/electric-vehicle-charging-modes-according-to-the-iec-61851-1-standard\/#breadcrumb\",\"itemListElement\":[{\"@type\":\"ListItem\",\"position\":1,\"name\":\"Inicio\",\"item\":\"https:\/\/pronutec.gorlan.com\/en\/\"},{\"@type\":\"ListItem\",\"position\":2,\"name\":\"Art\u00edculos t\u00e9cnicos\",\"item\":\"https:\/\/pronutec.gorlan.com\/category\/articulos-tecnicos\/\"},{\"@type\":\"ListItem\",\"position\":3,\"name\":\"Electric Vehicle Charging Modes according to the IEC 61851-1 Standard\"}]},{\"@type\":\"WebSite\",\"@id\":\"https:\/\/pronutec.gorlan.com\/#website\",\"url\":\"https:\/\/pronutec.gorlan.com\/\",\"name\":\"Pronutec\",\"description\":\"Pronutec, l\u00edderes en soluciones avanzadas, b\u00fasqueda y desarrollo de nuevos productos orientados al sector el\u00e9ctrico.\",\"publisher\":{\"@id\":\"https:\/\/pronutec.gorlan.com\/#organization\"},\"potentialAction\":[{\"@type\":\"SearchAction\",\"target\":{\"@type\":\"EntryPoint\",\"urlTemplate\":\"https:\/\/pronutec.gorlan.com\/?s={search_term_string}\"},\"query-input\":\"required name=search_term_string\"}],\"inLanguage\":\"en-US\"},{\"@type\":\"Organization\",\"@id\":\"https:\/\/pronutec.gorlan.com\/#organization\",\"name\":\"Pronutec\",\"url\":\"https:\/\/pronutec.gorlan.com\/\",\"logo\":{\"@type\":\"ImageObject\",\"inLanguage\":\"en-US\",\"@id\":\"https:\/\/pronutec.gorlan.com\/#\/schema\/logo\/image\/\",\"url\":\"https:\/\/pronutec.gorlan.com\/wp-content\/uploads\/2022\/02\/resultado_defecto.jpg\",\"contentUrl\":\"https:\/\/pronutec.gorlan.com\/wp-content\/uploads\/2022\/02\/resultado_defecto.jpg\",\"width\":944,\"height\":629,\"caption\":\"Pronutec\"},\"image\":{\"@id\":\"https:\/\/pronutec.gorlan.com\/#\/schema\/logo\/image\/\"}},{\"@type\":\"Person\",\"@id\":\"https:\/\/pronutec.gorlan.com\/#\/schema\/person\/9f40ced926c84b3ca3ad120399fd9013\",\"name\":\"Nur\u00eda Juli\u00e1n\",\"url\":\"https:\/\/pronutec.gorlan.com\/en\/author\/nuria_qdrrw83l\/\"}]}<\/script>\n<!-- \/ Yoast SEO Premium plugin. -->","yoast_head_json":{"title":"Electric Vehicle Charging Modes according to the IEC 61851-1 Standard | Pronutec","robots":{"index":"index","follow":"follow","max-snippet":"max-snippet:-1","max-image-preview":"max-image-preview:large","max-video-preview":"max-video-preview:-1"},"canonical":"https:\/\/pronutec.gorlan.com\/en\/electric-vehicle-charging-modes-according-to-the-iec-61851-1-standard\/","og_locale":"en_US","og_type":"article","og_title":"Electric Vehicle Charging Modes according to the IEC 61851-1 Standard","og_url":"https:\/\/pronutec.gorlan.com\/en\/electric-vehicle-charging-modes-according-to-the-iec-61851-1-standard\/","og_site_name":"Pronutec","article_published_time":"2024-05-28T14:22:30+00:00","article_modified_time":"2025-01-22T10:18:26+00:00","og_image":[{"width":1010,"height":535,"url":"https:\/\/pronutec.gorlan.com\/wp-content\/uploads\/2024\/04\/Imagen-destacada-WEB-vehiculo-electrico-EN-1.png","type":"image\/png"}],"author":"Nur\u00eda Juli\u00e1n","twitter_card":"summary_large_image","twitter_misc":{"Written by":"Nur\u00eda Juli\u00e1n","Est. reading time":"4 minutes"},"schema":{"@context":"https:\/\/schema.org","@graph":[{"@type":"Article","@id":"https:\/\/pronutec.gorlan.com\/en\/electric-vehicle-charging-modes-according-to-the-iec-61851-1-standard\/#article","isPartOf":{"@id":"https:\/\/pronutec.gorlan.com\/en\/electric-vehicle-charging-modes-according-to-the-iec-61851-1-standard\/"},"author":{"name":"Nur\u00eda Juli\u00e1n","@id":"https:\/\/pronutec.gorlan.com\/#\/schema\/person\/9f40ced926c84b3ca3ad120399fd9013"},"headline":"Electric Vehicle Charging Modes according to the IEC 61851-1 Standard","datePublished":"2024-05-28T14:22:30+00:00","dateModified":"2025-01-22T10:18:26+00:00","mainEntityOfPage":{"@id":"https:\/\/pronutec.gorlan.com\/en\/electric-vehicle-charging-modes-according-to-the-iec-61851-1-standard\/"},"wordCount":10,"commentCount":0,"publisher":{"@id":"https:\/\/pronutec.gorlan.com\/#organization"},"image":{"@id":"https:\/\/pronutec.gorlan.com\/en\/electric-vehicle-charging-modes-according-to-the-iec-61851-1-standard\/#primaryimage"},"thumbnailUrl":"https:\/\/pronutec.gorlan.com\/wp-content\/uploads\/2024\/04\/Imagen-destacada-WEB-vehiculo-electrico-EN-1.png","keywords":["e-mobility","veh\u00edculo el\u00e9ctrico","electric vehicle"],"articleSection":["Pronutec","Technical articles","Industrial applications","Power Distribution","Green Energy"],"inLanguage":"en-US","potentialAction":[{"@type":"CommentAction","name":"Comment","target":["https:\/\/pronutec.gorlan.com\/en\/electric-vehicle-charging-modes-according-to-the-iec-61851-1-standard\/#respond"]}]},{"@type":"WebPage","@id":"https:\/\/pronutec.gorlan.com\/en\/electric-vehicle-charging-modes-according-to-the-iec-61851-1-standard\/","url":"https:\/\/pronutec.gorlan.com\/en\/electric-vehicle-charging-modes-according-to-the-iec-61851-1-standard\/","name":"Electric Vehicle Charging Modes according to the IEC 61851-1 Standard | Pronutec","isPartOf":{"@id":"https:\/\/pronutec.gorlan.com\/#website"},"primaryImageOfPage":{"@id":"https:\/\/pronutec.gorlan.com\/en\/electric-vehicle-charging-modes-according-to-the-iec-61851-1-standard\/#primaryimage"},"image":{"@id":"https:\/\/pronutec.gorlan.com\/en\/electric-vehicle-charging-modes-according-to-the-iec-61851-1-standard\/#primaryimage"},"thumbnailUrl":"https:\/\/pronutec.gorlan.com\/wp-content\/uploads\/2024\/04\/Imagen-destacada-WEB-vehiculo-electrico-EN-1.png","datePublished":"2024-05-28T14:22:30+00:00","dateModified":"2025-01-22T10:18:26+00:00","breadcrumb":{"@id":"https:\/\/pronutec.gorlan.com\/en\/electric-vehicle-charging-modes-according-to-the-iec-61851-1-standard\/#breadcrumb"},"inLanguage":"en-US","potentialAction":[{"@type":"ReadAction","target":["https:\/\/pronutec.gorlan.com\/en\/electric-vehicle-charging-modes-according-to-the-iec-61851-1-standard\/"]}]},{"@type":"ImageObject","inLanguage":"en-US","@id":"https:\/\/pronutec.gorlan.com\/en\/electric-vehicle-charging-modes-according-to-the-iec-61851-1-standard\/#primaryimage","url":"https:\/\/pronutec.gorlan.com\/wp-content\/uploads\/2024\/04\/Imagen-destacada-WEB-vehiculo-electrico-EN-1.png","contentUrl":"https:\/\/pronutec.gorlan.com\/wp-content\/uploads\/2024\/04\/Imagen-destacada-WEB-vehiculo-electrico-EN-1.png","width":1010,"height":535},{"@type":"BreadcrumbList","@id":"https:\/\/pronutec.gorlan.com\/en\/electric-vehicle-charging-modes-according-to-the-iec-61851-1-standard\/#breadcrumb","itemListElement":[{"@type":"ListItem","position":1,"name":"Inicio","item":"https:\/\/pronutec.gorlan.com\/en\/"},{"@type":"ListItem","position":2,"name":"Art\u00edculos t\u00e9cnicos","item":"https:\/\/pronutec.gorlan.com\/category\/articulos-tecnicos\/"},{"@type":"ListItem","position":3,"name":"Electric Vehicle Charging Modes according to the IEC 61851-1 Standard"}]},{"@type":"WebSite","@id":"https:\/\/pronutec.gorlan.com\/#website","url":"https:\/\/pronutec.gorlan.com\/","name":"Pronutec","description":"Pronutec, l\u00edderes en soluciones avanzadas, b\u00fasqueda y desarrollo de nuevos productos orientados al sector el\u00e9ctrico.","publisher":{"@id":"https:\/\/pronutec.gorlan.com\/#organization"},"potentialAction":[{"@type":"SearchAction","target":{"@type":"EntryPoint","urlTemplate":"https:\/\/pronutec.gorlan.com\/?s={search_term_string}"},"query-input":"required name=search_term_string"}],"inLanguage":"en-US"},{"@type":"Organization","@id":"https:\/\/pronutec.gorlan.com\/#organization","name":"Pronutec","url":"https:\/\/pronutec.gorlan.com\/","logo":{"@type":"ImageObject","inLanguage":"en-US","@id":"https:\/\/pronutec.gorlan.com\/#\/schema\/logo\/image\/","url":"https:\/\/pronutec.gorlan.com\/wp-content\/uploads\/2022\/02\/resultado_defecto.jpg","contentUrl":"https:\/\/pronutec.gorlan.com\/wp-content\/uploads\/2022\/02\/resultado_defecto.jpg","width":944,"height":629,"caption":"Pronutec"},"image":{"@id":"https:\/\/pronutec.gorlan.com\/#\/schema\/logo\/image\/"}},{"@type":"Person","@id":"https:\/\/pronutec.gorlan.com\/#\/schema\/person\/9f40ced926c84b3ca3ad120399fd9013","name":"Nur\u00eda Juli\u00e1n","url":"https:\/\/pronutec.gorlan.com\/en\/author\/nuria_qdrrw83l\/"}]}},"_links":{"self":[{"href":"https:\/\/pronutec.gorlan.com\/en\/wp-json\/wp\/v2\/posts\/22957"}],"collection":[{"href":"https:\/\/pronutec.gorlan.com\/en\/wp-json\/wp\/v2\/posts"}],"about":[{"href":"https:\/\/pronutec.gorlan.com\/en\/wp-json\/wp\/v2\/types\/post"}],"author":[{"embeddable":true,"href":"https:\/\/pronutec.gorlan.com\/en\/wp-json\/wp\/v2\/users\/2"}],"replies":[{"embeddable":true,"href":"https:\/\/pronutec.gorlan.com\/en\/wp-json\/wp\/v2\/comments?post=22957"}],"version-history":[{"count":5,"href":"https:\/\/pronutec.gorlan.com\/en\/wp-json\/wp\/v2\/posts\/22957\/revisions"}],"predecessor-version":[{"id":24782,"href":"https:\/\/pronutec.gorlan.com\/en\/wp-json\/wp\/v2\/posts\/22957\/revisions\/24782"}],"wp:featuredmedia":[{"embeddable":true,"href":"https:\/\/pronutec.gorlan.com\/en\/wp-json\/wp\/v2\/media\/22964"}],"wp:attachment":[{"href":"https:\/\/pronutec.gorlan.com\/en\/wp-json\/wp\/v2\/media?parent=22957"}],"wp:term":[{"taxonomy":"category","embeddable":true,"href":"https:\/\/pronutec.gorlan.com\/en\/wp-json\/wp\/v2\/categories?post=22957"},{"taxonomy":"post_tag","embeddable":true,"href":"https:\/\/pronutec.gorlan.com\/en\/wp-json\/wp\/v2\/tags?post=22957"}],"curies":[{"name":"wp","href":"https:\/\/api.w.org\/{rel}","templated":true}]}}