{"id":22969,"date":"2024-05-29T08:36:02","date_gmt":"2024-05-29T06:36:02","guid":{"rendered":"https:\/\/pronutec.gorlan.com\/?p=22969"},"modified":"2025-01-22T12:18:10","modified_gmt":"2025-01-22T10:18:10","slug":"pronutec-participates-in-snec-the-key-trade-fair-focused-on-the-photovoltaic-sector-in-shanghai-2","status":"publish","type":"post","link":"https:\/\/pronutec.gorlan.com\/en\/pronutec-participates-in-snec-the-key-trade-fair-focused-on-the-photovoltaic-sector-in-shanghai-2\/","title":{"rendered":"Pronutec participates in Snec, the key trade fair focused on the photovoltaic sector in Shanghai"},"content":{"rendered":"","protected":false},"excerpt":{"rendered":"From 13 to 15 June, we will be exhibiting in SNEC, a special trade fair for the photovoltaic sector in China. The event, mainly focused on the photovoltaic sector, will take place at Nation Exhibiton and Convention Center, which will bring together more than 3.500 exhibiting companies and where more than 500,000 visitors are expected.","protected":false},"author":12,"featured_media":22972,"comment_status":"open","ping_status":"open","sticky":false,"template":"","format":"standard","meta":{"footnotes":""},"categories":[289,292,414],"tags":[],"acf":[],"yoast_head":"<!-- This site is optimized with the Yoast SEO Premium plugin v21.3 (Yoast SEO v22.5) - https:\/\/yoast.com\/wordpress\/plugins\/seo\/ -->\n<title>Pronutec participates in Snec, the key trade fair focused on the photovoltaic sector in Shanghai | Pronutec<\/title>\n<meta name=\"description\" content=\"Pronutec participates in SNEC showcasing our Solutions for Photovoltaic applications. Visit us at our stand 6.1H - E250!\" \/>\n<meta name=\"robots\" content=\"index, follow, max-snippet:-1, max-image-preview:large, max-video-preview:-1\" \/>\n<link rel=\"canonical\" href=\"https:\/\/pronutec.gorlan.com\/en\/pronutec-participates-in-snec-the-key-trade-fair-focused-on-the-photovoltaic-sector-in-shanghai-2\/\" \/>\n<meta property=\"og:locale\" content=\"en_US\" \/>\n<meta property=\"og:type\" content=\"article\" \/>\n<meta property=\"og:title\" content=\"Pronutec participates in Snec, the key trade fair focused on the photovoltaic sector in Shanghai\" \/>\n<meta property=\"og:description\" content=\"Pronutec participates in SNEC showcasing our Solutions for Photovoltaic applications. Visit us at our stand 6.1H - E250!\" \/>\n<meta property=\"og:url\" content=\"https:\/\/pronutec.gorlan.com\/en\/pronutec-participates-in-snec-the-key-trade-fair-focused-on-the-photovoltaic-sector-in-shanghai-2\/\" \/>\n<meta property=\"og:site_name\" content=\"Pronutec\" \/>\n<meta property=\"article:published_time\" content=\"2024-05-29T06:36:02+00:00\" \/>\n<meta property=\"article:modified_time\" content=\"2025-01-22T10:18:10+00:00\" \/>\n<meta property=\"og:image\" content=\"https:\/\/pronutec.gorlan.com\/wp-content\/uploads\/2024\/05\/SNEC-1er-post-2.png\" \/>\n\t<meta property=\"og:image:width\" content=\"1200\" \/>\n\t<meta property=\"og:image:height\" content=\"627\" \/>\n\t<meta property=\"og:image:type\" content=\"image\/png\" \/>\n<meta name=\"author\" content=\"Ana Peinado Lozano\" \/>\n<meta name=\"twitter:card\" content=\"summary_large_image\" \/>\n<meta name=\"twitter:label1\" content=\"Written by\" \/>\n\t<meta name=\"twitter:data1\" content=\"Ana Peinado Lozano\" \/>\n\t<meta name=\"twitter:label2\" content=\"Est. reading time\" \/>\n\t<meta name=\"twitter:data2\" content=\"1 minute\" \/>\n<script type=\"application\/ld+json\" class=\"yoast-schema-graph\">{\"@context\":\"https:\/\/schema.org\",\"@graph\":[{\"@type\":\"Article\",\"@id\":\"https:\/\/pronutec.gorlan.com\/en\/pronutec-participates-in-snec-the-key-trade-fair-focused-on-the-photovoltaic-sector-in-shanghai-2\/#article\",\"isPartOf\":{\"@id\":\"https:\/\/pronutec.gorlan.com\/en\/pronutec-participates-in-snec-the-key-trade-fair-focused-on-the-photovoltaic-sector-in-shanghai-2\/\"},\"author\":{\"name\":\"Ana Peinado Lozano\",\"@id\":\"https:\/\/pronutec.gorlan.com\/#\/schema\/person\/3236771df904fefc6099536fba8d9a67\"},\"headline\":\"Pronutec participates in Snec, the key trade fair focused on the photovoltaic sector in Shanghai\",\"datePublished\":\"2024-05-29T06:36:02+00:00\",\"dateModified\":\"2025-01-22T10:18:10+00:00\",\"mainEntityOfPage\":{\"@id\":\"https:\/\/pronutec.gorlan.com\/en\/pronutec-participates-in-snec-the-key-trade-fair-focused-on-the-photovoltaic-sector-in-shanghai-2\/\"},\"wordCount\":15,\"commentCount\":0,\"publisher\":{\"@id\":\"https:\/\/pronutec.gorlan.com\/#organization\"},\"image\":{\"@id\":\"https:\/\/pronutec.gorlan.com\/en\/pronutec-participates-in-snec-the-key-trade-fair-focused-on-the-photovoltaic-sector-in-shanghai-2\/#primaryimage\"},\"thumbnailUrl\":\"https:\/\/pronutec.gorlan.com\/wp-content\/uploads\/2024\/05\/SNEC-1er-post-2.png\",\"articleSection\":[\"Pronutec\",\"Events\",\"Green Energy\"],\"inLanguage\":\"en-US\",\"potentialAction\":[{\"@type\":\"CommentAction\",\"name\":\"Comment\",\"target\":[\"https:\/\/pronutec.gorlan.com\/en\/pronutec-participates-in-snec-the-key-trade-fair-focused-on-the-photovoltaic-sector-in-shanghai-2\/#respond\"]}]},{\"@type\":\"WebPage\",\"@id\":\"https:\/\/pronutec.gorlan.com\/en\/pronutec-participates-in-snec-the-key-trade-fair-focused-on-the-photovoltaic-sector-in-shanghai-2\/\",\"url\":\"https:\/\/pronutec.gorlan.com\/en\/pronutec-participates-in-snec-the-key-trade-fair-focused-on-the-photovoltaic-sector-in-shanghai-2\/\",\"name\":\"Pronutec participates in Snec, the key trade fair focused on the photovoltaic sector in Shanghai | Pronutec\",\"isPartOf\":{\"@id\":\"https:\/\/pronutec.gorlan.com\/#website\"},\"primaryImageOfPage\":{\"@id\":\"https:\/\/pronutec.gorlan.com\/en\/pronutec-participates-in-snec-the-key-trade-fair-focused-on-the-photovoltaic-sector-in-shanghai-2\/#primaryimage\"},\"image\":{\"@id\":\"https:\/\/pronutec.gorlan.com\/en\/pronutec-participates-in-snec-the-key-trade-fair-focused-on-the-photovoltaic-sector-in-shanghai-2\/#primaryimage\"},\"thumbnailUrl\":\"https:\/\/pronutec.gorlan.com\/wp-content\/uploads\/2024\/05\/SNEC-1er-post-2.png\",\"datePublished\":\"2024-05-29T06:36:02+00:00\",\"dateModified\":\"2025-01-22T10:18:10+00:00\",\"description\":\"Pronutec participates in SNEC showcasing our Solutions for Photovoltaic applications. Visit us at our stand 6.1H - E250!\",\"breadcrumb\":{\"@id\":\"https:\/\/pronutec.gorlan.com\/en\/pronutec-participates-in-snec-the-key-trade-fair-focused-on-the-photovoltaic-sector-in-shanghai-2\/#breadcrumb\"},\"inLanguage\":\"en-US\",\"potentialAction\":[{\"@type\":\"ReadAction\",\"target\":[\"https:\/\/pronutec.gorlan.com\/en\/pronutec-participates-in-snec-the-key-trade-fair-focused-on-the-photovoltaic-sector-in-shanghai-2\/\"]}]},{\"@type\":\"ImageObject\",\"inLanguage\":\"en-US\",\"@id\":\"https:\/\/pronutec.gorlan.com\/en\/pronutec-participates-in-snec-the-key-trade-fair-focused-on-the-photovoltaic-sector-in-shanghai-2\/#primaryimage\",\"url\":\"https:\/\/pronutec.gorlan.com\/wp-content\/uploads\/2024\/05\/SNEC-1er-post-2.png\",\"contentUrl\":\"https:\/\/pronutec.gorlan.com\/wp-content\/uploads\/2024\/05\/SNEC-1er-post-2.png\",\"width\":1200,\"height\":627},{\"@type\":\"BreadcrumbList\",\"@id\":\"https:\/\/pronutec.gorlan.com\/en\/pronutec-participates-in-snec-the-key-trade-fair-focused-on-the-photovoltaic-sector-in-shanghai-2\/#breadcrumb\",\"itemListElement\":[{\"@type\":\"ListItem\",\"position\":1,\"name\":\"Inicio\",\"item\":\"https:\/\/pronutec.gorlan.com\/en\/\"},{\"@type\":\"ListItem\",\"position\":2,\"name\":\"Events\",\"item\":\"https:\/\/pronutec.gorlan.com\/en\/category\/events\/\"},{\"@type\":\"ListItem\",\"position\":3,\"name\":\"Pronutec participates in Snec, the key trade fair focused on the photovoltaic sector in Shanghai\"}]},{\"@type\":\"WebSite\",\"@id\":\"https:\/\/pronutec.gorlan.com\/#website\",\"url\":\"https:\/\/pronutec.gorlan.com\/\",\"name\":\"Pronutec\",\"description\":\"Pronutec, l\u00edderes en soluciones avanzadas, b\u00fasqueda y desarrollo de nuevos productos orientados al sector el\u00e9ctrico.\",\"publisher\":{\"@id\":\"https:\/\/pronutec.gorlan.com\/#organization\"},\"potentialAction\":[{\"@type\":\"SearchAction\",\"target\":{\"@type\":\"EntryPoint\",\"urlTemplate\":\"https:\/\/pronutec.gorlan.com\/?s={search_term_string}\"},\"query-input\":\"required name=search_term_string\"}],\"inLanguage\":\"en-US\"},{\"@type\":\"Organization\",\"@id\":\"https:\/\/pronutec.gorlan.com\/#organization\",\"name\":\"Pronutec\",\"url\":\"https:\/\/pronutec.gorlan.com\/\",\"logo\":{\"@type\":\"ImageObject\",\"inLanguage\":\"en-US\",\"@id\":\"https:\/\/pronutec.gorlan.com\/#\/schema\/logo\/image\/\",\"url\":\"https:\/\/pronutec.gorlan.com\/wp-content\/uploads\/2022\/02\/resultado_defecto.jpg\",\"contentUrl\":\"https:\/\/pronutec.gorlan.com\/wp-content\/uploads\/2022\/02\/resultado_defecto.jpg\",\"width\":944,\"height\":629,\"caption\":\"Pronutec\"},\"image\":{\"@id\":\"https:\/\/pronutec.gorlan.com\/#\/schema\/logo\/image\/\"}},{\"@type\":\"Person\",\"@id\":\"https:\/\/pronutec.gorlan.com\/#\/schema\/person\/3236771df904fefc6099536fba8d9a67\",\"name\":\"Ana Peinado Lozano\",\"sameAs\":[\"http:\/\/Pronutec\"],\"url\":\"https:\/\/pronutec.gorlan.com\/en\/author\/ana_peinadolozano\/\"}]}<\/script>\n<!-- \/ Yoast SEO Premium plugin. -->","yoast_head_json":{"title":"Pronutec participates in Snec, the key trade fair focused on the photovoltaic sector in Shanghai | Pronutec","description":"Pronutec participates in SNEC showcasing our Solutions for Photovoltaic applications. Visit us at our stand 6.1H - E250!","robots":{"index":"index","follow":"follow","max-snippet":"max-snippet:-1","max-image-preview":"max-image-preview:large","max-video-preview":"max-video-preview:-1"},"canonical":"https:\/\/pronutec.gorlan.com\/en\/pronutec-participates-in-snec-the-key-trade-fair-focused-on-the-photovoltaic-sector-in-shanghai-2\/","og_locale":"en_US","og_type":"article","og_title":"Pronutec participates in Snec, the key trade fair focused on the photovoltaic sector in Shanghai","og_description":"Pronutec participates in SNEC showcasing our Solutions for Photovoltaic applications. Visit us at our stand 6.1H - E250!","og_url":"https:\/\/pronutec.gorlan.com\/en\/pronutec-participates-in-snec-the-key-trade-fair-focused-on-the-photovoltaic-sector-in-shanghai-2\/","og_site_name":"Pronutec","article_published_time":"2024-05-29T06:36:02+00:00","article_modified_time":"2025-01-22T10:18:10+00:00","og_image":[{"width":1200,"height":627,"url":"https:\/\/pronutec.gorlan.com\/wp-content\/uploads\/2024\/05\/SNEC-1er-post-2.png","type":"image\/png"}],"author":"Ana Peinado Lozano","twitter_card":"summary_large_image","twitter_misc":{"Written by":"Ana Peinado Lozano","Est. reading time":"1 minute"},"schema":{"@context":"https:\/\/schema.org","@graph":[{"@type":"Article","@id":"https:\/\/pronutec.gorlan.com\/en\/pronutec-participates-in-snec-the-key-trade-fair-focused-on-the-photovoltaic-sector-in-shanghai-2\/#article","isPartOf":{"@id":"https:\/\/pronutec.gorlan.com\/en\/pronutec-participates-in-snec-the-key-trade-fair-focused-on-the-photovoltaic-sector-in-shanghai-2\/"},"author":{"name":"Ana Peinado Lozano","@id":"https:\/\/pronutec.gorlan.com\/#\/schema\/person\/3236771df904fefc6099536fba8d9a67"},"headline":"Pronutec participates in Snec, the key trade fair focused on the photovoltaic sector in Shanghai","datePublished":"2024-05-29T06:36:02+00:00","dateModified":"2025-01-22T10:18:10+00:00","mainEntityOfPage":{"@id":"https:\/\/pronutec.gorlan.com\/en\/pronutec-participates-in-snec-the-key-trade-fair-focused-on-the-photovoltaic-sector-in-shanghai-2\/"},"wordCount":15,"commentCount":0,"publisher":{"@id":"https:\/\/pronutec.gorlan.com\/#organization"},"image":{"@id":"https:\/\/pronutec.gorlan.com\/en\/pronutec-participates-in-snec-the-key-trade-fair-focused-on-the-photovoltaic-sector-in-shanghai-2\/#primaryimage"},"thumbnailUrl":"https:\/\/pronutec.gorlan.com\/wp-content\/uploads\/2024\/05\/SNEC-1er-post-2.png","articleSection":["Pronutec","Events","Green Energy"],"inLanguage":"en-US","potentialAction":[{"@type":"CommentAction","name":"Comment","target":["https:\/\/pronutec.gorlan.com\/en\/pronutec-participates-in-snec-the-key-trade-fair-focused-on-the-photovoltaic-sector-in-shanghai-2\/#respond"]}]},{"@type":"WebPage","@id":"https:\/\/pronutec.gorlan.com\/en\/pronutec-participates-in-snec-the-key-trade-fair-focused-on-the-photovoltaic-sector-in-shanghai-2\/","url":"https:\/\/pronutec.gorlan.com\/en\/pronutec-participates-in-snec-the-key-trade-fair-focused-on-the-photovoltaic-sector-in-shanghai-2\/","name":"Pronutec participates in Snec, the key trade fair focused on the photovoltaic sector in Shanghai | Pronutec","isPartOf":{"@id":"https:\/\/pronutec.gorlan.com\/#website"},"primaryImageOfPage":{"@id":"https:\/\/pronutec.gorlan.com\/en\/pronutec-participates-in-snec-the-key-trade-fair-focused-on-the-photovoltaic-sector-in-shanghai-2\/#primaryimage"},"image":{"@id":"https:\/\/pronutec.gorlan.com\/en\/pronutec-participates-in-snec-the-key-trade-fair-focused-on-the-photovoltaic-sector-in-shanghai-2\/#primaryimage"},"thumbnailUrl":"https:\/\/pronutec.gorlan.com\/wp-content\/uploads\/2024\/05\/SNEC-1er-post-2.png","datePublished":"2024-05-29T06:36:02+00:00","dateModified":"2025-01-22T10:18:10+00:00","description":"Pronutec participates in SNEC showcasing our Solutions for Photovoltaic applications. Visit us at our stand 6.1H - E250!","breadcrumb":{"@id":"https:\/\/pronutec.gorlan.com\/en\/pronutec-participates-in-snec-the-key-trade-fair-focused-on-the-photovoltaic-sector-in-shanghai-2\/#breadcrumb"},"inLanguage":"en-US","potentialAction":[{"@type":"ReadAction","target":["https:\/\/pronutec.gorlan.com\/en\/pronutec-participates-in-snec-the-key-trade-fair-focused-on-the-photovoltaic-sector-in-shanghai-2\/"]}]},{"@type":"ImageObject","inLanguage":"en-US","@id":"https:\/\/pronutec.gorlan.com\/en\/pronutec-participates-in-snec-the-key-trade-fair-focused-on-the-photovoltaic-sector-in-shanghai-2\/#primaryimage","url":"https:\/\/pronutec.gorlan.com\/wp-content\/uploads\/2024\/05\/SNEC-1er-post-2.png","contentUrl":"https:\/\/pronutec.gorlan.com\/wp-content\/uploads\/2024\/05\/SNEC-1er-post-2.png","width":1200,"height":627},{"@type":"BreadcrumbList","@id":"https:\/\/pronutec.gorlan.com\/en\/pronutec-participates-in-snec-the-key-trade-fair-focused-on-the-photovoltaic-sector-in-shanghai-2\/#breadcrumb","itemListElement":[{"@type":"ListItem","position":1,"name":"Inicio","item":"https:\/\/pronutec.gorlan.com\/en\/"},{"@type":"ListItem","position":2,"name":"Events","item":"https:\/\/pronutec.gorlan.com\/en\/category\/events\/"},{"@type":"ListItem","position":3,"name":"Pronutec participates in Snec, the key trade fair focused on the photovoltaic sector in Shanghai"}]},{"@type":"WebSite","@id":"https:\/\/pronutec.gorlan.com\/#website","url":"https:\/\/pronutec.gorlan.com\/","name":"Pronutec","description":"Pronutec, l\u00edderes en soluciones avanzadas, b\u00fasqueda y desarrollo de nuevos productos orientados al sector el\u00e9ctrico.","publisher":{"@id":"https:\/\/pronutec.gorlan.com\/#organization"},"potentialAction":[{"@type":"SearchAction","target":{"@type":"EntryPoint","urlTemplate":"https:\/\/pronutec.gorlan.com\/?s={search_term_string}"},"query-input":"required name=search_term_string"}],"inLanguage":"en-US"},{"@type":"Organization","@id":"https:\/\/pronutec.gorlan.com\/#organization","name":"Pronutec","url":"https:\/\/pronutec.gorlan.com\/","logo":{"@type":"ImageObject","inLanguage":"en-US","@id":"https:\/\/pronutec.gorlan.com\/#\/schema\/logo\/image\/","url":"https:\/\/pronutec.gorlan.com\/wp-content\/uploads\/2022\/02\/resultado_defecto.jpg","contentUrl":"https:\/\/pronutec.gorlan.com\/wp-content\/uploads\/2022\/02\/resultado_defecto.jpg","width":944,"height":629,"caption":"Pronutec"},"image":{"@id":"https:\/\/pronutec.gorlan.com\/#\/schema\/logo\/image\/"}},{"@type":"Person","@id":"https:\/\/pronutec.gorlan.com\/#\/schema\/person\/3236771df904fefc6099536fba8d9a67","name":"Ana Peinado Lozano","sameAs":["http:\/\/Pronutec"],"url":"https:\/\/pronutec.gorlan.com\/en\/author\/ana_peinadolozano\/"}]}},"_links":{"self":[{"href":"https:\/\/pronutec.gorlan.com\/en\/wp-json\/wp\/v2\/posts\/22969"}],"collection":[{"href":"https:\/\/pronutec.gorlan.com\/en\/wp-json\/wp\/v2\/posts"}],"about":[{"href":"https:\/\/pronutec.gorlan.com\/en\/wp-json\/wp\/v2\/types\/post"}],"author":[{"embeddable":true,"href":"https:\/\/pronutec.gorlan.com\/en\/wp-json\/wp\/v2\/users\/12"}],"replies":[{"embeddable":true,"href":"https:\/\/pronutec.gorlan.com\/en\/wp-json\/wp\/v2\/comments?post=22969"}],"version-history":[{"count":7,"href":"https:\/\/pronutec.gorlan.com\/en\/wp-json\/wp\/v2\/posts\/22969\/revisions"}],"predecessor-version":[{"id":24781,"href":"https:\/\/pronutec.gorlan.com\/en\/wp-json\/wp\/v2\/posts\/22969\/revisions\/24781"}],"wp:featuredmedia":[{"embeddable":true,"href":"https:\/\/pronutec.gorlan.com\/en\/wp-json\/wp\/v2\/media\/22972"}],"wp:attachment":[{"href":"https:\/\/pronutec.gorlan.com\/en\/wp-json\/wp\/v2\/media?parent=22969"}],"wp:term":[{"taxonomy":"category","embeddable":true,"href":"https:\/\/pronutec.gorlan.com\/en\/wp-json\/wp\/v2\/categories?post=22969"},{"taxonomy":"post_tag","embeddable":true,"href":"https:\/\/pronutec.gorlan.com\/en\/wp-json\/wp\/v2\/tags?post=22969"}],"curies":[{"name":"wp","href":"https:\/\/api.w.org\/{rel}","templated":true}]}}