{"id":23464,"date":"2024-09-10T10:24:08","date_gmt":"2024-09-10T08:24:08","guid":{"rendered":"https:\/\/pronutec.gorlan.com\/?p=23464"},"modified":"2025-01-22T12:22:54","modified_gmt":"2025-01-22T10:22:54","slug":"pronutec-will-exhibit-in-solar-and-storage-uk-2024","status":"publish","type":"post","link":"https:\/\/pronutec.gorlan.com\/en\/pronutec-will-exhibit-in-solar-and-storage-uk-2024\/","title":{"rendered":"Pronutec will exhibit in Solar &#038; Storage UK 2024"},"content":{"rendered":"","protected":false},"excerpt":{"rendered":"From Septiember 24 to 26, we will be exhibiting at Solar &#038; Storage Live UK. This edition, where more than 500 exhibiting companies and 30,000 visitors are expected is focused on residential, C&#038;I and utility solar and storage projects. We are waiting for you at booth P7.","protected":false},"author":12,"featured_media":23440,"comment_status":"open","ping_status":"open","sticky":false,"template":"","format":"standard","meta":{"footnotes":""},"categories":[289,292,414],"tags":[],"acf":[],"yoast_head":"<!-- This site is optimized with the Yoast SEO Premium plugin v21.3 (Yoast SEO v22.5) - https:\/\/yoast.com\/wordpress\/plugins\/seo\/ -->\n<title>Pronutec will exhibit in Solar &amp; Storage UK 2024 | Pronutec<\/title>\n<meta name=\"description\" content=\"From Septiember 24 to 26, we will be exhibiting at Solar &amp; Storage Live UK, we are waiting for you at booth P7.\" \/>\n<meta name=\"robots\" content=\"index, follow, max-snippet:-1, max-image-preview:large, max-video-preview:-1\" \/>\n<link rel=\"canonical\" href=\"https:\/\/pronutec.gorlan.com\/en\/pronutec-will-exhibit-in-solar-and-storage-uk-2024\/\" \/>\n<meta property=\"og:locale\" content=\"en_US\" \/>\n<meta property=\"og:type\" content=\"article\" \/>\n<meta property=\"og:title\" content=\"Pronutec will exhibit in Solar &amp; Storage UK 2024\" \/>\n<meta property=\"og:description\" content=\"From Septiember 24 to 26, we will be exhibiting at Solar &amp; Storage Live UK, we are waiting for you at booth P7.\" \/>\n<meta property=\"og:url\" content=\"https:\/\/pronutec.gorlan.com\/en\/pronutec-will-exhibit-in-solar-and-storage-uk-2024\/\" \/>\n<meta property=\"og:site_name\" content=\"Pronutec\" \/>\n<meta property=\"article:published_time\" content=\"2024-09-10T08:24:08+00:00\" \/>\n<meta property=\"article:modified_time\" content=\"2025-01-22T10:22:54+00:00\" \/>\n<meta property=\"og:image\" content=\"https:\/\/pronutec.gorlan.com\/wp-content\/uploads\/2024\/09\/Solar-Storage-imagen-destacada-1010-x-535-px.png\" \/>\n\t<meta property=\"og:image:width\" content=\"1010\" \/>\n\t<meta property=\"og:image:height\" content=\"535\" \/>\n\t<meta property=\"og:image:type\" content=\"image\/png\" \/>\n<meta name=\"author\" content=\"Ana Peinado Lozano\" \/>\n<meta name=\"twitter:card\" content=\"summary_large_image\" \/>\n<meta name=\"twitter:label1\" content=\"Written by\" \/>\n\t<meta name=\"twitter:data1\" content=\"Ana Peinado Lozano\" \/>\n\t<meta name=\"twitter:label2\" content=\"Est. reading time\" \/>\n\t<meta name=\"twitter:data2\" content=\"1 minute\" \/>\n<script type=\"application\/ld+json\" class=\"yoast-schema-graph\">{\"@context\":\"https:\/\/schema.org\",\"@graph\":[{\"@type\":\"Article\",\"@id\":\"https:\/\/pronutec.gorlan.com\/en\/pronutec-will-exhibit-in-solar-and-storage-uk-2024\/#article\",\"isPartOf\":{\"@id\":\"https:\/\/pronutec.gorlan.com\/en\/pronutec-will-exhibit-in-solar-and-storage-uk-2024\/\"},\"author\":{\"name\":\"Ana Peinado Lozano\",\"@id\":\"https:\/\/pronutec.gorlan.com\/#\/schema\/person\/3236771df904fefc6099536fba8d9a67\"},\"headline\":\"Pronutec will exhibit in Solar &#038; Storage UK 2024\",\"datePublished\":\"2024-09-10T08:24:08+00:00\",\"dateModified\":\"2025-01-22T10:22:54+00:00\",\"mainEntityOfPage\":{\"@id\":\"https:\/\/pronutec.gorlan.com\/en\/pronutec-will-exhibit-in-solar-and-storage-uk-2024\/\"},\"wordCount\":7,\"commentCount\":0,\"publisher\":{\"@id\":\"https:\/\/pronutec.gorlan.com\/#organization\"},\"image\":{\"@id\":\"https:\/\/pronutec.gorlan.com\/en\/pronutec-will-exhibit-in-solar-and-storage-uk-2024\/#primaryimage\"},\"thumbnailUrl\":\"https:\/\/pronutec.gorlan.com\/wp-content\/uploads\/2024\/09\/Solar-Storage-imagen-destacada-1010-x-535-px.png\",\"articleSection\":[\"Pronutec\",\"Events\",\"Green Energy\"],\"inLanguage\":\"en-US\",\"potentialAction\":[{\"@type\":\"CommentAction\",\"name\":\"Comment\",\"target\":[\"https:\/\/pronutec.gorlan.com\/en\/pronutec-will-exhibit-in-solar-and-storage-uk-2024\/#respond\"]}]},{\"@type\":\"WebPage\",\"@id\":\"https:\/\/pronutec.gorlan.com\/en\/pronutec-will-exhibit-in-solar-and-storage-uk-2024\/\",\"url\":\"https:\/\/pronutec.gorlan.com\/en\/pronutec-will-exhibit-in-solar-and-storage-uk-2024\/\",\"name\":\"Pronutec will exhibit in Solar & Storage UK 2024 | Pronutec\",\"isPartOf\":{\"@id\":\"https:\/\/pronutec.gorlan.com\/#website\"},\"primaryImageOfPage\":{\"@id\":\"https:\/\/pronutec.gorlan.com\/en\/pronutec-will-exhibit-in-solar-and-storage-uk-2024\/#primaryimage\"},\"image\":{\"@id\":\"https:\/\/pronutec.gorlan.com\/en\/pronutec-will-exhibit-in-solar-and-storage-uk-2024\/#primaryimage\"},\"thumbnailUrl\":\"https:\/\/pronutec.gorlan.com\/wp-content\/uploads\/2024\/09\/Solar-Storage-imagen-destacada-1010-x-535-px.png\",\"datePublished\":\"2024-09-10T08:24:08+00:00\",\"dateModified\":\"2025-01-22T10:22:54+00:00\",\"description\":\"From Septiember 24 to 26, we will be exhibiting at Solar & Storage Live UK, we are waiting for you at booth P7.\",\"breadcrumb\":{\"@id\":\"https:\/\/pronutec.gorlan.com\/en\/pronutec-will-exhibit-in-solar-and-storage-uk-2024\/#breadcrumb\"},\"inLanguage\":\"en-US\",\"potentialAction\":[{\"@type\":\"ReadAction\",\"target\":[\"https:\/\/pronutec.gorlan.com\/en\/pronutec-will-exhibit-in-solar-and-storage-uk-2024\/\"]}]},{\"@type\":\"ImageObject\",\"inLanguage\":\"en-US\",\"@id\":\"https:\/\/pronutec.gorlan.com\/en\/pronutec-will-exhibit-in-solar-and-storage-uk-2024\/#primaryimage\",\"url\":\"https:\/\/pronutec.gorlan.com\/wp-content\/uploads\/2024\/09\/Solar-Storage-imagen-destacada-1010-x-535-px.png\",\"contentUrl\":\"https:\/\/pronutec.gorlan.com\/wp-content\/uploads\/2024\/09\/Solar-Storage-imagen-destacada-1010-x-535-px.png\",\"width\":1010,\"height\":535},{\"@type\":\"BreadcrumbList\",\"@id\":\"https:\/\/pronutec.gorlan.com\/en\/pronutec-will-exhibit-in-solar-and-storage-uk-2024\/#breadcrumb\",\"itemListElement\":[{\"@type\":\"ListItem\",\"position\":1,\"name\":\"Inicio\",\"item\":\"https:\/\/pronutec.gorlan.com\/en\/\"},{\"@type\":\"ListItem\",\"position\":2,\"name\":\"Events\",\"item\":\"https:\/\/pronutec.gorlan.com\/en\/category\/events\/\"},{\"@type\":\"ListItem\",\"position\":3,\"name\":\"Pronutec will exhibit in Solar &#038; Storage UK 2024\"}]},{\"@type\":\"WebSite\",\"@id\":\"https:\/\/pronutec.gorlan.com\/#website\",\"url\":\"https:\/\/pronutec.gorlan.com\/\",\"name\":\"Pronutec\",\"description\":\"Pronutec, l\u00edderes en soluciones avanzadas, b\u00fasqueda y desarrollo de nuevos productos orientados al sector el\u00e9ctrico.\",\"publisher\":{\"@id\":\"https:\/\/pronutec.gorlan.com\/#organization\"},\"potentialAction\":[{\"@type\":\"SearchAction\",\"target\":{\"@type\":\"EntryPoint\",\"urlTemplate\":\"https:\/\/pronutec.gorlan.com\/?s={search_term_string}\"},\"query-input\":\"required name=search_term_string\"}],\"inLanguage\":\"en-US\"},{\"@type\":\"Organization\",\"@id\":\"https:\/\/pronutec.gorlan.com\/#organization\",\"name\":\"Pronutec\",\"url\":\"https:\/\/pronutec.gorlan.com\/\",\"logo\":{\"@type\":\"ImageObject\",\"inLanguage\":\"en-US\",\"@id\":\"https:\/\/pronutec.gorlan.com\/#\/schema\/logo\/image\/\",\"url\":\"https:\/\/pronutec.gorlan.com\/wp-content\/uploads\/2022\/02\/resultado_defecto.jpg\",\"contentUrl\":\"https:\/\/pronutec.gorlan.com\/wp-content\/uploads\/2022\/02\/resultado_defecto.jpg\",\"width\":944,\"height\":629,\"caption\":\"Pronutec\"},\"image\":{\"@id\":\"https:\/\/pronutec.gorlan.com\/#\/schema\/logo\/image\/\"}},{\"@type\":\"Person\",\"@id\":\"https:\/\/pronutec.gorlan.com\/#\/schema\/person\/3236771df904fefc6099536fba8d9a67\",\"name\":\"Ana Peinado Lozano\",\"sameAs\":[\"http:\/\/Pronutec\"],\"url\":\"https:\/\/pronutec.gorlan.com\/en\/author\/ana_peinadolozano\/\"}]}<\/script>\n<!-- \/ Yoast SEO Premium plugin. -->","yoast_head_json":{"title":"Pronutec will exhibit in Solar & Storage UK 2024 | Pronutec","description":"From Septiember 24 to 26, we will be exhibiting at Solar & Storage Live UK, we are waiting for you at booth P7.","robots":{"index":"index","follow":"follow","max-snippet":"max-snippet:-1","max-image-preview":"max-image-preview:large","max-video-preview":"max-video-preview:-1"},"canonical":"https:\/\/pronutec.gorlan.com\/en\/pronutec-will-exhibit-in-solar-and-storage-uk-2024\/","og_locale":"en_US","og_type":"article","og_title":"Pronutec will exhibit in Solar & Storage UK 2024","og_description":"From Septiember 24 to 26, we will be exhibiting at Solar & Storage Live UK, we are waiting for you at booth P7.","og_url":"https:\/\/pronutec.gorlan.com\/en\/pronutec-will-exhibit-in-solar-and-storage-uk-2024\/","og_site_name":"Pronutec","article_published_time":"2024-09-10T08:24:08+00:00","article_modified_time":"2025-01-22T10:22:54+00:00","og_image":[{"width":1010,"height":535,"url":"https:\/\/pronutec.gorlan.com\/wp-content\/uploads\/2024\/09\/Solar-Storage-imagen-destacada-1010-x-535-px.png","type":"image\/png"}],"author":"Ana Peinado Lozano","twitter_card":"summary_large_image","twitter_misc":{"Written by":"Ana Peinado Lozano","Est. reading time":"1 minute"},"schema":{"@context":"https:\/\/schema.org","@graph":[{"@type":"Article","@id":"https:\/\/pronutec.gorlan.com\/en\/pronutec-will-exhibit-in-solar-and-storage-uk-2024\/#article","isPartOf":{"@id":"https:\/\/pronutec.gorlan.com\/en\/pronutec-will-exhibit-in-solar-and-storage-uk-2024\/"},"author":{"name":"Ana Peinado Lozano","@id":"https:\/\/pronutec.gorlan.com\/#\/schema\/person\/3236771df904fefc6099536fba8d9a67"},"headline":"Pronutec will exhibit in Solar &#038; Storage UK 2024","datePublished":"2024-09-10T08:24:08+00:00","dateModified":"2025-01-22T10:22:54+00:00","mainEntityOfPage":{"@id":"https:\/\/pronutec.gorlan.com\/en\/pronutec-will-exhibit-in-solar-and-storage-uk-2024\/"},"wordCount":7,"commentCount":0,"publisher":{"@id":"https:\/\/pronutec.gorlan.com\/#organization"},"image":{"@id":"https:\/\/pronutec.gorlan.com\/en\/pronutec-will-exhibit-in-solar-and-storage-uk-2024\/#primaryimage"},"thumbnailUrl":"https:\/\/pronutec.gorlan.com\/wp-content\/uploads\/2024\/09\/Solar-Storage-imagen-destacada-1010-x-535-px.png","articleSection":["Pronutec","Events","Green Energy"],"inLanguage":"en-US","potentialAction":[{"@type":"CommentAction","name":"Comment","target":["https:\/\/pronutec.gorlan.com\/en\/pronutec-will-exhibit-in-solar-and-storage-uk-2024\/#respond"]}]},{"@type":"WebPage","@id":"https:\/\/pronutec.gorlan.com\/en\/pronutec-will-exhibit-in-solar-and-storage-uk-2024\/","url":"https:\/\/pronutec.gorlan.com\/en\/pronutec-will-exhibit-in-solar-and-storage-uk-2024\/","name":"Pronutec will exhibit in Solar & Storage UK 2024 | Pronutec","isPartOf":{"@id":"https:\/\/pronutec.gorlan.com\/#website"},"primaryImageOfPage":{"@id":"https:\/\/pronutec.gorlan.com\/en\/pronutec-will-exhibit-in-solar-and-storage-uk-2024\/#primaryimage"},"image":{"@id":"https:\/\/pronutec.gorlan.com\/en\/pronutec-will-exhibit-in-solar-and-storage-uk-2024\/#primaryimage"},"thumbnailUrl":"https:\/\/pronutec.gorlan.com\/wp-content\/uploads\/2024\/09\/Solar-Storage-imagen-destacada-1010-x-535-px.png","datePublished":"2024-09-10T08:24:08+00:00","dateModified":"2025-01-22T10:22:54+00:00","description":"From Septiember 24 to 26, we will be exhibiting at Solar & Storage Live UK, we are waiting for you at booth P7.","breadcrumb":{"@id":"https:\/\/pronutec.gorlan.com\/en\/pronutec-will-exhibit-in-solar-and-storage-uk-2024\/#breadcrumb"},"inLanguage":"en-US","potentialAction":[{"@type":"ReadAction","target":["https:\/\/pronutec.gorlan.com\/en\/pronutec-will-exhibit-in-solar-and-storage-uk-2024\/"]}]},{"@type":"ImageObject","inLanguage":"en-US","@id":"https:\/\/pronutec.gorlan.com\/en\/pronutec-will-exhibit-in-solar-and-storage-uk-2024\/#primaryimage","url":"https:\/\/pronutec.gorlan.com\/wp-content\/uploads\/2024\/09\/Solar-Storage-imagen-destacada-1010-x-535-px.png","contentUrl":"https:\/\/pronutec.gorlan.com\/wp-content\/uploads\/2024\/09\/Solar-Storage-imagen-destacada-1010-x-535-px.png","width":1010,"height":535},{"@type":"BreadcrumbList","@id":"https:\/\/pronutec.gorlan.com\/en\/pronutec-will-exhibit-in-solar-and-storage-uk-2024\/#breadcrumb","itemListElement":[{"@type":"ListItem","position":1,"name":"Inicio","item":"https:\/\/pronutec.gorlan.com\/en\/"},{"@type":"ListItem","position":2,"name":"Events","item":"https:\/\/pronutec.gorlan.com\/en\/category\/events\/"},{"@type":"ListItem","position":3,"name":"Pronutec will exhibit in Solar &#038; Storage UK 2024"}]},{"@type":"WebSite","@id":"https:\/\/pronutec.gorlan.com\/#website","url":"https:\/\/pronutec.gorlan.com\/","name":"Pronutec","description":"Pronutec, l\u00edderes en soluciones avanzadas, b\u00fasqueda y desarrollo de nuevos productos orientados al sector el\u00e9ctrico.","publisher":{"@id":"https:\/\/pronutec.gorlan.com\/#organization"},"potentialAction":[{"@type":"SearchAction","target":{"@type":"EntryPoint","urlTemplate":"https:\/\/pronutec.gorlan.com\/?s={search_term_string}"},"query-input":"required name=search_term_string"}],"inLanguage":"en-US"},{"@type":"Organization","@id":"https:\/\/pronutec.gorlan.com\/#organization","name":"Pronutec","url":"https:\/\/pronutec.gorlan.com\/","logo":{"@type":"ImageObject","inLanguage":"en-US","@id":"https:\/\/pronutec.gorlan.com\/#\/schema\/logo\/image\/","url":"https:\/\/pronutec.gorlan.com\/wp-content\/uploads\/2022\/02\/resultado_defecto.jpg","contentUrl":"https:\/\/pronutec.gorlan.com\/wp-content\/uploads\/2022\/02\/resultado_defecto.jpg","width":944,"height":629,"caption":"Pronutec"},"image":{"@id":"https:\/\/pronutec.gorlan.com\/#\/schema\/logo\/image\/"}},{"@type":"Person","@id":"https:\/\/pronutec.gorlan.com\/#\/schema\/person\/3236771df904fefc6099536fba8d9a67","name":"Ana Peinado Lozano","sameAs":["http:\/\/Pronutec"],"url":"https:\/\/pronutec.gorlan.com\/en\/author\/ana_peinadolozano\/"}]}},"_links":{"self":[{"href":"https:\/\/pronutec.gorlan.com\/en\/wp-json\/wp\/v2\/posts\/23464"}],"collection":[{"href":"https:\/\/pronutec.gorlan.com\/en\/wp-json\/wp\/v2\/posts"}],"about":[{"href":"https:\/\/pronutec.gorlan.com\/en\/wp-json\/wp\/v2\/types\/post"}],"author":[{"embeddable":true,"href":"https:\/\/pronutec.gorlan.com\/en\/wp-json\/wp\/v2\/users\/12"}],"replies":[{"embeddable":true,"href":"https:\/\/pronutec.gorlan.com\/en\/wp-json\/wp\/v2\/comments?post=23464"}],"version-history":[{"count":4,"href":"https:\/\/pronutec.gorlan.com\/en\/wp-json\/wp\/v2\/posts\/23464\/revisions"}],"predecessor-version":[{"id":24796,"href":"https:\/\/pronutec.gorlan.com\/en\/wp-json\/wp\/v2\/posts\/23464\/revisions\/24796"}],"wp:featuredmedia":[{"embeddable":true,"href":"https:\/\/pronutec.gorlan.com\/en\/wp-json\/wp\/v2\/media\/23440"}],"wp:attachment":[{"href":"https:\/\/pronutec.gorlan.com\/en\/wp-json\/wp\/v2\/media?parent=23464"}],"wp:term":[{"taxonomy":"category","embeddable":true,"href":"https:\/\/pronutec.gorlan.com\/en\/wp-json\/wp\/v2\/categories?post=23464"},{"taxonomy":"post_tag","embeddable":true,"href":"https:\/\/pronutec.gorlan.com\/en\/wp-json\/wp\/v2\/tags?post=23464"}],"curies":[{"name":"wp","href":"https:\/\/api.w.org\/{rel}","templated":true}]}}