{"id":23820,"date":"2024-10-08T10:21:10","date_gmt":"2024-10-08T08:21:10","guid":{"rendered":"https:\/\/pronutec.gorlan.com\/?p=23820"},"modified":"2025-01-22T12:22:34","modified_gmt":"2025-01-22T10:22:34","slug":"we-will-exhibit-in-enlit-europe-2024","status":"publish","type":"post","link":"https:\/\/pronutec.gorlan.com\/en\/we-will-exhibit-in-enlit-europe-2024\/","title":{"rendered":"We will exhibit in Enlit Europe!"},"content":{"rendered":"","protected":false},"excerpt":{"rendered":"We are back with a new edition of Enlit Europe, one of the most important trade fairs focused on digitalisation and energy transition in the electricity sector, where hundreds of companies from the energy sector will be present to share the latest innovations and developments. This year, Enlit will welcome more than 12,000 energy professionals, 700 exhibitors and 500 speakers.","protected":false},"author":12,"featured_media":24389,"comment_status":"open","ping_status":"open","sticky":false,"template":"","format":"standard","meta":{"footnotes":""},"categories":[292],"tags":[],"acf":[],"yoast_head":"<!-- This site is optimized with the Yoast SEO Premium plugin v21.3 (Yoast SEO v22.5) - https:\/\/yoast.com\/wordpress\/plugins\/seo\/ -->\n<title>We will exhibit in Enlit Europe! | Pronutec<\/title>\n<meta name=\"robots\" content=\"index, follow, max-snippet:-1, max-image-preview:large, max-video-preview:-1\" \/>\n<link rel=\"canonical\" href=\"https:\/\/pronutec.gorlan.com\/en\/we-will-exhibit-in-enlit-europe-2024\/\" \/>\n<meta property=\"og:locale\" content=\"en_US\" \/>\n<meta property=\"og:type\" content=\"article\" \/>\n<meta property=\"og:title\" content=\"We will exhibit in Enlit Europe!\" \/>\n<meta property=\"og:url\" content=\"https:\/\/pronutec.gorlan.com\/en\/we-will-exhibit-in-enlit-europe-2024\/\" \/>\n<meta property=\"og:site_name\" content=\"Pronutec\" \/>\n<meta property=\"article:published_time\" content=\"2024-10-08T08:21:10+00:00\" \/>\n<meta property=\"article:modified_time\" content=\"2025-01-22T10:22:34+00:00\" \/>\n<meta property=\"og:image\" content=\"https:\/\/pronutec.gorlan.com\/wp-content\/uploads\/2024\/10\/Imagen-destacada-EN-2.png\" \/>\n\t<meta property=\"og:image:width\" content=\"1010\" \/>\n\t<meta property=\"og:image:height\" content=\"535\" \/>\n\t<meta property=\"og:image:type\" content=\"image\/png\" \/>\n<meta name=\"author\" content=\"Ana Peinado Lozano\" \/>\n<meta name=\"twitter:card\" content=\"summary_large_image\" \/>\n<meta name=\"twitter:label1\" content=\"Written by\" \/>\n\t<meta name=\"twitter:data1\" content=\"Ana Peinado Lozano\" \/>\n\t<meta name=\"twitter:label2\" content=\"Est. reading time\" \/>\n\t<meta name=\"twitter:data2\" content=\"2 minutes\" \/>\n<script type=\"application\/ld+json\" class=\"yoast-schema-graph\">{\"@context\":\"https:\/\/schema.org\",\"@graph\":[{\"@type\":\"Article\",\"@id\":\"https:\/\/pronutec.gorlan.com\/en\/we-will-exhibit-in-enlit-europe-2024\/#article\",\"isPartOf\":{\"@id\":\"https:\/\/pronutec.gorlan.com\/en\/we-will-exhibit-in-enlit-europe-2024\/\"},\"author\":{\"name\":\"Ana Peinado Lozano\",\"@id\":\"https:\/\/pronutec.gorlan.com\/#\/schema\/person\/3236771df904fefc6099536fba8d9a67\"},\"headline\":\"We will exhibit in Enlit Europe!\",\"datePublished\":\"2024-10-08T08:21:10+00:00\",\"dateModified\":\"2025-01-22T10:22:34+00:00\",\"mainEntityOfPage\":{\"@id\":\"https:\/\/pronutec.gorlan.com\/en\/we-will-exhibit-in-enlit-europe-2024\/\"},\"wordCount\":6,\"commentCount\":0,\"publisher\":{\"@id\":\"https:\/\/pronutec.gorlan.com\/#organization\"},\"image\":{\"@id\":\"https:\/\/pronutec.gorlan.com\/en\/we-will-exhibit-in-enlit-europe-2024\/#primaryimage\"},\"thumbnailUrl\":\"https:\/\/pronutec.gorlan.com\/wp-content\/uploads\/2024\/10\/Imagen-destacada-EN-2.png\",\"articleSection\":[\"Events\"],\"inLanguage\":\"en-US\",\"potentialAction\":[{\"@type\":\"CommentAction\",\"name\":\"Comment\",\"target\":[\"https:\/\/pronutec.gorlan.com\/en\/we-will-exhibit-in-enlit-europe-2024\/#respond\"]}]},{\"@type\":\"WebPage\",\"@id\":\"https:\/\/pronutec.gorlan.com\/en\/we-will-exhibit-in-enlit-europe-2024\/\",\"url\":\"https:\/\/pronutec.gorlan.com\/en\/we-will-exhibit-in-enlit-europe-2024\/\",\"name\":\"We will exhibit in Enlit Europe! | Pronutec\",\"isPartOf\":{\"@id\":\"https:\/\/pronutec.gorlan.com\/#website\"},\"primaryImageOfPage\":{\"@id\":\"https:\/\/pronutec.gorlan.com\/en\/we-will-exhibit-in-enlit-europe-2024\/#primaryimage\"},\"image\":{\"@id\":\"https:\/\/pronutec.gorlan.com\/en\/we-will-exhibit-in-enlit-europe-2024\/#primaryimage\"},\"thumbnailUrl\":\"https:\/\/pronutec.gorlan.com\/wp-content\/uploads\/2024\/10\/Imagen-destacada-EN-2.png\",\"datePublished\":\"2024-10-08T08:21:10+00:00\",\"dateModified\":\"2025-01-22T10:22:34+00:00\",\"breadcrumb\":{\"@id\":\"https:\/\/pronutec.gorlan.com\/en\/we-will-exhibit-in-enlit-europe-2024\/#breadcrumb\"},\"inLanguage\":\"en-US\",\"potentialAction\":[{\"@type\":\"ReadAction\",\"target\":[\"https:\/\/pronutec.gorlan.com\/en\/we-will-exhibit-in-enlit-europe-2024\/\"]}]},{\"@type\":\"ImageObject\",\"inLanguage\":\"en-US\",\"@id\":\"https:\/\/pronutec.gorlan.com\/en\/we-will-exhibit-in-enlit-europe-2024\/#primaryimage\",\"url\":\"https:\/\/pronutec.gorlan.com\/wp-content\/uploads\/2024\/10\/Imagen-destacada-EN-2.png\",\"contentUrl\":\"https:\/\/pronutec.gorlan.com\/wp-content\/uploads\/2024\/10\/Imagen-destacada-EN-2.png\",\"width\":1010,\"height\":535},{\"@type\":\"BreadcrumbList\",\"@id\":\"https:\/\/pronutec.gorlan.com\/en\/we-will-exhibit-in-enlit-europe-2024\/#breadcrumb\",\"itemListElement\":[{\"@type\":\"ListItem\",\"position\":1,\"name\":\"Inicio\",\"item\":\"https:\/\/pronutec.gorlan.com\/en\/\"},{\"@type\":\"ListItem\",\"position\":2,\"name\":\"Events\",\"item\":\"https:\/\/pronutec.gorlan.com\/en\/category\/events\/\"},{\"@type\":\"ListItem\",\"position\":3,\"name\":\"We will exhibit in Enlit Europe!\"}]},{\"@type\":\"WebSite\",\"@id\":\"https:\/\/pronutec.gorlan.com\/#website\",\"url\":\"https:\/\/pronutec.gorlan.com\/\",\"name\":\"Pronutec\",\"description\":\"Pronutec, l\u00edderes en soluciones avanzadas, b\u00fasqueda y desarrollo de nuevos productos orientados al sector el\u00e9ctrico.\",\"publisher\":{\"@id\":\"https:\/\/pronutec.gorlan.com\/#organization\"},\"potentialAction\":[{\"@type\":\"SearchAction\",\"target\":{\"@type\":\"EntryPoint\",\"urlTemplate\":\"https:\/\/pronutec.gorlan.com\/?s={search_term_string}\"},\"query-input\":\"required name=search_term_string\"}],\"inLanguage\":\"en-US\"},{\"@type\":\"Organization\",\"@id\":\"https:\/\/pronutec.gorlan.com\/#organization\",\"name\":\"Pronutec\",\"url\":\"https:\/\/pronutec.gorlan.com\/\",\"logo\":{\"@type\":\"ImageObject\",\"inLanguage\":\"en-US\",\"@id\":\"https:\/\/pronutec.gorlan.com\/#\/schema\/logo\/image\/\",\"url\":\"https:\/\/pronutec.gorlan.com\/wp-content\/uploads\/2022\/02\/resultado_defecto.jpg\",\"contentUrl\":\"https:\/\/pronutec.gorlan.com\/wp-content\/uploads\/2022\/02\/resultado_defecto.jpg\",\"width\":944,\"height\":629,\"caption\":\"Pronutec\"},\"image\":{\"@id\":\"https:\/\/pronutec.gorlan.com\/#\/schema\/logo\/image\/\"}},{\"@type\":\"Person\",\"@id\":\"https:\/\/pronutec.gorlan.com\/#\/schema\/person\/3236771df904fefc6099536fba8d9a67\",\"name\":\"Ana Peinado Lozano\",\"sameAs\":[\"http:\/\/Pronutec\"],\"url\":\"https:\/\/pronutec.gorlan.com\/en\/author\/ana_peinadolozano\/\"}]}<\/script>\n<!-- \/ Yoast SEO Premium plugin. -->","yoast_head_json":{"title":"We will exhibit in Enlit Europe! | Pronutec","robots":{"index":"index","follow":"follow","max-snippet":"max-snippet:-1","max-image-preview":"max-image-preview:large","max-video-preview":"max-video-preview:-1"},"canonical":"https:\/\/pronutec.gorlan.com\/en\/we-will-exhibit-in-enlit-europe-2024\/","og_locale":"en_US","og_type":"article","og_title":"We will exhibit in Enlit Europe!","og_url":"https:\/\/pronutec.gorlan.com\/en\/we-will-exhibit-in-enlit-europe-2024\/","og_site_name":"Pronutec","article_published_time":"2024-10-08T08:21:10+00:00","article_modified_time":"2025-01-22T10:22:34+00:00","og_image":[{"width":1010,"height":535,"url":"https:\/\/pronutec.gorlan.com\/wp-content\/uploads\/2024\/10\/Imagen-destacada-EN-2.png","type":"image\/png"}],"author":"Ana Peinado Lozano","twitter_card":"summary_large_image","twitter_misc":{"Written by":"Ana Peinado Lozano","Est. reading time":"2 minutes"},"schema":{"@context":"https:\/\/schema.org","@graph":[{"@type":"Article","@id":"https:\/\/pronutec.gorlan.com\/en\/we-will-exhibit-in-enlit-europe-2024\/#article","isPartOf":{"@id":"https:\/\/pronutec.gorlan.com\/en\/we-will-exhibit-in-enlit-europe-2024\/"},"author":{"name":"Ana Peinado Lozano","@id":"https:\/\/pronutec.gorlan.com\/#\/schema\/person\/3236771df904fefc6099536fba8d9a67"},"headline":"We will exhibit in Enlit Europe!","datePublished":"2024-10-08T08:21:10+00:00","dateModified":"2025-01-22T10:22:34+00:00","mainEntityOfPage":{"@id":"https:\/\/pronutec.gorlan.com\/en\/we-will-exhibit-in-enlit-europe-2024\/"},"wordCount":6,"commentCount":0,"publisher":{"@id":"https:\/\/pronutec.gorlan.com\/#organization"},"image":{"@id":"https:\/\/pronutec.gorlan.com\/en\/we-will-exhibit-in-enlit-europe-2024\/#primaryimage"},"thumbnailUrl":"https:\/\/pronutec.gorlan.com\/wp-content\/uploads\/2024\/10\/Imagen-destacada-EN-2.png","articleSection":["Events"],"inLanguage":"en-US","potentialAction":[{"@type":"CommentAction","name":"Comment","target":["https:\/\/pronutec.gorlan.com\/en\/we-will-exhibit-in-enlit-europe-2024\/#respond"]}]},{"@type":"WebPage","@id":"https:\/\/pronutec.gorlan.com\/en\/we-will-exhibit-in-enlit-europe-2024\/","url":"https:\/\/pronutec.gorlan.com\/en\/we-will-exhibit-in-enlit-europe-2024\/","name":"We will exhibit in Enlit Europe! | Pronutec","isPartOf":{"@id":"https:\/\/pronutec.gorlan.com\/#website"},"primaryImageOfPage":{"@id":"https:\/\/pronutec.gorlan.com\/en\/we-will-exhibit-in-enlit-europe-2024\/#primaryimage"},"image":{"@id":"https:\/\/pronutec.gorlan.com\/en\/we-will-exhibit-in-enlit-europe-2024\/#primaryimage"},"thumbnailUrl":"https:\/\/pronutec.gorlan.com\/wp-content\/uploads\/2024\/10\/Imagen-destacada-EN-2.png","datePublished":"2024-10-08T08:21:10+00:00","dateModified":"2025-01-22T10:22:34+00:00","breadcrumb":{"@id":"https:\/\/pronutec.gorlan.com\/en\/we-will-exhibit-in-enlit-europe-2024\/#breadcrumb"},"inLanguage":"en-US","potentialAction":[{"@type":"ReadAction","target":["https:\/\/pronutec.gorlan.com\/en\/we-will-exhibit-in-enlit-europe-2024\/"]}]},{"@type":"ImageObject","inLanguage":"en-US","@id":"https:\/\/pronutec.gorlan.com\/en\/we-will-exhibit-in-enlit-europe-2024\/#primaryimage","url":"https:\/\/pronutec.gorlan.com\/wp-content\/uploads\/2024\/10\/Imagen-destacada-EN-2.png","contentUrl":"https:\/\/pronutec.gorlan.com\/wp-content\/uploads\/2024\/10\/Imagen-destacada-EN-2.png","width":1010,"height":535},{"@type":"BreadcrumbList","@id":"https:\/\/pronutec.gorlan.com\/en\/we-will-exhibit-in-enlit-europe-2024\/#breadcrumb","itemListElement":[{"@type":"ListItem","position":1,"name":"Inicio","item":"https:\/\/pronutec.gorlan.com\/en\/"},{"@type":"ListItem","position":2,"name":"Events","item":"https:\/\/pronutec.gorlan.com\/en\/category\/events\/"},{"@type":"ListItem","position":3,"name":"We will exhibit in Enlit Europe!"}]},{"@type":"WebSite","@id":"https:\/\/pronutec.gorlan.com\/#website","url":"https:\/\/pronutec.gorlan.com\/","name":"Pronutec","description":"Pronutec, l\u00edderes en soluciones avanzadas, b\u00fasqueda y desarrollo de nuevos productos orientados al sector el\u00e9ctrico.","publisher":{"@id":"https:\/\/pronutec.gorlan.com\/#organization"},"potentialAction":[{"@type":"SearchAction","target":{"@type":"EntryPoint","urlTemplate":"https:\/\/pronutec.gorlan.com\/?s={search_term_string}"},"query-input":"required name=search_term_string"}],"inLanguage":"en-US"},{"@type":"Organization","@id":"https:\/\/pronutec.gorlan.com\/#organization","name":"Pronutec","url":"https:\/\/pronutec.gorlan.com\/","logo":{"@type":"ImageObject","inLanguage":"en-US","@id":"https:\/\/pronutec.gorlan.com\/#\/schema\/logo\/image\/","url":"https:\/\/pronutec.gorlan.com\/wp-content\/uploads\/2022\/02\/resultado_defecto.jpg","contentUrl":"https:\/\/pronutec.gorlan.com\/wp-content\/uploads\/2022\/02\/resultado_defecto.jpg","width":944,"height":629,"caption":"Pronutec"},"image":{"@id":"https:\/\/pronutec.gorlan.com\/#\/schema\/logo\/image\/"}},{"@type":"Person","@id":"https:\/\/pronutec.gorlan.com\/#\/schema\/person\/3236771df904fefc6099536fba8d9a67","name":"Ana Peinado Lozano","sameAs":["http:\/\/Pronutec"],"url":"https:\/\/pronutec.gorlan.com\/en\/author\/ana_peinadolozano\/"}]}},"_links":{"self":[{"href":"https:\/\/pronutec.gorlan.com\/en\/wp-json\/wp\/v2\/posts\/23820"}],"collection":[{"href":"https:\/\/pronutec.gorlan.com\/en\/wp-json\/wp\/v2\/posts"}],"about":[{"href":"https:\/\/pronutec.gorlan.com\/en\/wp-json\/wp\/v2\/types\/post"}],"author":[{"embeddable":true,"href":"https:\/\/pronutec.gorlan.com\/en\/wp-json\/wp\/v2\/users\/12"}],"replies":[{"embeddable":true,"href":"https:\/\/pronutec.gorlan.com\/en\/wp-json\/wp\/v2\/comments?post=23820"}],"version-history":[{"count":4,"href":"https:\/\/pronutec.gorlan.com\/en\/wp-json\/wp\/v2\/posts\/23820\/revisions"}],"predecessor-version":[{"id":24795,"href":"https:\/\/pronutec.gorlan.com\/en\/wp-json\/wp\/v2\/posts\/23820\/revisions\/24795"}],"wp:featuredmedia":[{"embeddable":true,"href":"https:\/\/pronutec.gorlan.com\/en\/wp-json\/wp\/v2\/media\/24389"}],"wp:attachment":[{"href":"https:\/\/pronutec.gorlan.com\/en\/wp-json\/wp\/v2\/media?parent=23820"}],"wp:term":[{"taxonomy":"category","embeddable":true,"href":"https:\/\/pronutec.gorlan.com\/en\/wp-json\/wp\/v2\/categories?post=23820"},{"taxonomy":"post_tag","embeddable":true,"href":"https:\/\/pronutec.gorlan.com\/en\/wp-json\/wp\/v2\/tags?post=23820"}],"curies":[{"name":"wp","href":"https:\/\/api.w.org\/{rel}","templated":true}]}}