{"id":24852,"date":"2025-02-14T10:31:16","date_gmt":"2025-02-14T08:31:16","guid":{"rendered":"https:\/\/pronutec.gorlan.com\/pronutec-participa-en-solar-solutions-amsterdam\/"},"modified":"2025-02-14T11:02:32","modified_gmt":"2025-02-14T09:02:32","slug":"pronutec-participates-in-solar-solutions-amsterdam","status":"publish","type":"post","link":"https:\/\/pronutec.gorlan.com\/en\/pronutec-participates-in-solar-solutions-amsterdam\/","title":{"rendered":"Pronutec participates in Solar Solutions Amsterdam"},"content":{"rendered":"<p>From Tuesday 11 to Thursday 13 March 2025, Pronutec will participate in the Solar Solutions Amsterdam exhibition in Expo Greater Amsterdam.<\/p>\n","protected":false},"excerpt":{"rendered":"From Tuesday 11 to Thursday 13 March 2025, Pronutec will participate in the Solar Solutions Amsterdam exhibition in Expo Greater Amsterdam.","protected":false},"author":2,"featured_media":24867,"comment_status":"open","ping_status":"open","sticky":false,"template":"","format":"standard","meta":{"footnotes":""},"categories":[289,292,332],"tags":[],"acf":[],"yoast_head":"<!-- This site is optimized with the Yoast SEO Premium plugin v21.3 (Yoast SEO v22.5) - https:\/\/yoast.com\/wordpress\/plugins\/seo\/ -->\n<title>Pronutec participates in Solar Solutions Amsterdam | Pronutec<\/title>\n<meta name=\"robots\" content=\"index, follow, max-snippet:-1, max-image-preview:large, max-video-preview:-1\" \/>\n<link rel=\"canonical\" href=\"https:\/\/pronutec.gorlan.com\/en\/pronutec-participates-in-solar-solutions-amsterdam\/\" \/>\n<meta property=\"og:locale\" content=\"en_US\" \/>\n<meta property=\"og:type\" content=\"article\" \/>\n<meta property=\"og:title\" content=\"Pronutec participates in Solar Solutions Amsterdam\" \/>\n<meta property=\"og:url\" content=\"https:\/\/pronutec.gorlan.com\/en\/pronutec-participates-in-solar-solutions-amsterdam\/\" \/>\n<meta property=\"og:site_name\" content=\"Pronutec\" \/>\n<meta property=\"article:published_time\" content=\"2025-02-14T08:31:16+00:00\" \/>\n<meta property=\"article:modified_time\" content=\"2025-02-14T09:02:32+00:00\" \/>\n<meta property=\"og:image\" content=\"https:\/\/pronutec.gorlan.com\/wp-content\/uploads\/2025\/02\/imagen-Web-Solar-Solutions-2025-eng.png\" \/>\n\t<meta property=\"og:image:width\" content=\"1200\" \/>\n\t<meta property=\"og:image:height\" content=\"627\" \/>\n\t<meta property=\"og:image:type\" content=\"image\/png\" \/>\n<meta name=\"author\" content=\"Nur\u00eda Juli\u00e1n\" \/>\n<meta name=\"twitter:card\" content=\"summary_large_image\" \/>\n<meta name=\"twitter:label1\" content=\"Written by\" \/>\n\t<meta name=\"twitter:data1\" content=\"Nur\u00eda Juli\u00e1n\" \/>\n\t<meta name=\"twitter:label2\" content=\"Est. reading time\" \/>\n\t<meta name=\"twitter:data2\" content=\"2 minutes\" \/>\n<script type=\"application\/ld+json\" class=\"yoast-schema-graph\">{\"@context\":\"https:\/\/schema.org\",\"@graph\":[{\"@type\":\"Article\",\"@id\":\"https:\/\/pronutec.gorlan.com\/en\/pronutec-participates-in-solar-solutions-amsterdam\/#article\",\"isPartOf\":{\"@id\":\"https:\/\/pronutec.gorlan.com\/en\/pronutec-participates-in-solar-solutions-amsterdam\/\"},\"author\":{\"name\":\"Nur\u00eda Juli\u00e1n\",\"@id\":\"https:\/\/pronutec.gorlan.com\/#\/schema\/person\/9f40ced926c84b3ca3ad120399fd9013\"},\"headline\":\"Pronutec participates in Solar Solutions Amsterdam\",\"datePublished\":\"2025-02-14T08:31:16+00:00\",\"dateModified\":\"2025-02-14T09:02:32+00:00\",\"mainEntityOfPage\":{\"@id\":\"https:\/\/pronutec.gorlan.com\/en\/pronutec-participates-in-solar-solutions-amsterdam\/\"},\"wordCount\":24,\"commentCount\":0,\"publisher\":{\"@id\":\"https:\/\/pronutec.gorlan.com\/#organization\"},\"image\":{\"@id\":\"https:\/\/pronutec.gorlan.com\/en\/pronutec-participates-in-solar-solutions-amsterdam\/#primaryimage\"},\"thumbnailUrl\":\"https:\/\/pronutec.gorlan.com\/wp-content\/uploads\/2025\/02\/imagen-Web-Solar-Solutions-2025-eng.png\",\"articleSection\":[\"Pronutec\",\"Events\",\"Corporate\"],\"inLanguage\":\"en-US\",\"potentialAction\":[{\"@type\":\"CommentAction\",\"name\":\"Comment\",\"target\":[\"https:\/\/pronutec.gorlan.com\/en\/pronutec-participates-in-solar-solutions-amsterdam\/#respond\"]}]},{\"@type\":\"WebPage\",\"@id\":\"https:\/\/pronutec.gorlan.com\/en\/pronutec-participates-in-solar-solutions-amsterdam\/\",\"url\":\"https:\/\/pronutec.gorlan.com\/en\/pronutec-participates-in-solar-solutions-amsterdam\/\",\"name\":\"Pronutec participates in Solar Solutions Amsterdam | Pronutec\",\"isPartOf\":{\"@id\":\"https:\/\/pronutec.gorlan.com\/#website\"},\"primaryImageOfPage\":{\"@id\":\"https:\/\/pronutec.gorlan.com\/en\/pronutec-participates-in-solar-solutions-amsterdam\/#primaryimage\"},\"image\":{\"@id\":\"https:\/\/pronutec.gorlan.com\/en\/pronutec-participates-in-solar-solutions-amsterdam\/#primaryimage\"},\"thumbnailUrl\":\"https:\/\/pronutec.gorlan.com\/wp-content\/uploads\/2025\/02\/imagen-Web-Solar-Solutions-2025-eng.png\",\"datePublished\":\"2025-02-14T08:31:16+00:00\",\"dateModified\":\"2025-02-14T09:02:32+00:00\",\"breadcrumb\":{\"@id\":\"https:\/\/pronutec.gorlan.com\/en\/pronutec-participates-in-solar-solutions-amsterdam\/#breadcrumb\"},\"inLanguage\":\"en-US\",\"potentialAction\":[{\"@type\":\"ReadAction\",\"target\":[\"https:\/\/pronutec.gorlan.com\/en\/pronutec-participates-in-solar-solutions-amsterdam\/\"]}]},{\"@type\":\"ImageObject\",\"inLanguage\":\"en-US\",\"@id\":\"https:\/\/pronutec.gorlan.com\/en\/pronutec-participates-in-solar-solutions-amsterdam\/#primaryimage\",\"url\":\"https:\/\/pronutec.gorlan.com\/wp-content\/uploads\/2025\/02\/imagen-Web-Solar-Solutions-2025-eng.png\",\"contentUrl\":\"https:\/\/pronutec.gorlan.com\/wp-content\/uploads\/2025\/02\/imagen-Web-Solar-Solutions-2025-eng.png\",\"width\":1200,\"height\":627},{\"@type\":\"BreadcrumbList\",\"@id\":\"https:\/\/pronutec.gorlan.com\/en\/pronutec-participates-in-solar-solutions-amsterdam\/#breadcrumb\",\"itemListElement\":[{\"@type\":\"ListItem\",\"position\":1,\"name\":\"Inicio\",\"item\":\"https:\/\/pronutec.gorlan.com\/en\/\"},{\"@type\":\"ListItem\",\"position\":2,\"name\":\"Corporate\",\"item\":\"https:\/\/pronutec.gorlan.com\/category\/corporate-2\/\"},{\"@type\":\"ListItem\",\"position\":3,\"name\":\"Pronutec participates in Solar Solutions Amsterdam\"}]},{\"@type\":\"WebSite\",\"@id\":\"https:\/\/pronutec.gorlan.com\/#website\",\"url\":\"https:\/\/pronutec.gorlan.com\/\",\"name\":\"Pronutec\",\"description\":\"Pronutec, l\u00edderes en soluciones avanzadas, b\u00fasqueda y desarrollo de nuevos productos orientados al sector el\u00e9ctrico.\",\"publisher\":{\"@id\":\"https:\/\/pronutec.gorlan.com\/#organization\"},\"potentialAction\":[{\"@type\":\"SearchAction\",\"target\":{\"@type\":\"EntryPoint\",\"urlTemplate\":\"https:\/\/pronutec.gorlan.com\/?s={search_term_string}\"},\"query-input\":\"required name=search_term_string\"}],\"inLanguage\":\"en-US\"},{\"@type\":\"Organization\",\"@id\":\"https:\/\/pronutec.gorlan.com\/#organization\",\"name\":\"Pronutec\",\"url\":\"https:\/\/pronutec.gorlan.com\/\",\"logo\":{\"@type\":\"ImageObject\",\"inLanguage\":\"en-US\",\"@id\":\"https:\/\/pronutec.gorlan.com\/#\/schema\/logo\/image\/\",\"url\":\"https:\/\/pronutec.gorlan.com\/wp-content\/uploads\/2022\/02\/resultado_defecto.jpg\",\"contentUrl\":\"https:\/\/pronutec.gorlan.com\/wp-content\/uploads\/2022\/02\/resultado_defecto.jpg\",\"width\":944,\"height\":629,\"caption\":\"Pronutec\"},\"image\":{\"@id\":\"https:\/\/pronutec.gorlan.com\/#\/schema\/logo\/image\/\"}},{\"@type\":\"Person\",\"@id\":\"https:\/\/pronutec.gorlan.com\/#\/schema\/person\/9f40ced926c84b3ca3ad120399fd9013\",\"name\":\"Nur\u00eda Juli\u00e1n\",\"url\":\"https:\/\/pronutec.gorlan.com\/en\/author\/nuria_qdrrw83l\/\"}]}<\/script>\n<!-- \/ Yoast SEO Premium plugin. -->","yoast_head_json":{"title":"Pronutec participates in Solar Solutions Amsterdam | Pronutec","robots":{"index":"index","follow":"follow","max-snippet":"max-snippet:-1","max-image-preview":"max-image-preview:large","max-video-preview":"max-video-preview:-1"},"canonical":"https:\/\/pronutec.gorlan.com\/en\/pronutec-participates-in-solar-solutions-amsterdam\/","og_locale":"en_US","og_type":"article","og_title":"Pronutec participates in Solar Solutions Amsterdam","og_url":"https:\/\/pronutec.gorlan.com\/en\/pronutec-participates-in-solar-solutions-amsterdam\/","og_site_name":"Pronutec","article_published_time":"2025-02-14T08:31:16+00:00","article_modified_time":"2025-02-14T09:02:32+00:00","og_image":[{"width":1200,"height":627,"url":"https:\/\/pronutec.gorlan.com\/wp-content\/uploads\/2025\/02\/imagen-Web-Solar-Solutions-2025-eng.png","type":"image\/png"}],"author":"Nur\u00eda Juli\u00e1n","twitter_card":"summary_large_image","twitter_misc":{"Written by":"Nur\u00eda Juli\u00e1n","Est. reading time":"2 minutes"},"schema":{"@context":"https:\/\/schema.org","@graph":[{"@type":"Article","@id":"https:\/\/pronutec.gorlan.com\/en\/pronutec-participates-in-solar-solutions-amsterdam\/#article","isPartOf":{"@id":"https:\/\/pronutec.gorlan.com\/en\/pronutec-participates-in-solar-solutions-amsterdam\/"},"author":{"name":"Nur\u00eda Juli\u00e1n","@id":"https:\/\/pronutec.gorlan.com\/#\/schema\/person\/9f40ced926c84b3ca3ad120399fd9013"},"headline":"Pronutec participates in Solar Solutions Amsterdam","datePublished":"2025-02-14T08:31:16+00:00","dateModified":"2025-02-14T09:02:32+00:00","mainEntityOfPage":{"@id":"https:\/\/pronutec.gorlan.com\/en\/pronutec-participates-in-solar-solutions-amsterdam\/"},"wordCount":24,"commentCount":0,"publisher":{"@id":"https:\/\/pronutec.gorlan.com\/#organization"},"image":{"@id":"https:\/\/pronutec.gorlan.com\/en\/pronutec-participates-in-solar-solutions-amsterdam\/#primaryimage"},"thumbnailUrl":"https:\/\/pronutec.gorlan.com\/wp-content\/uploads\/2025\/02\/imagen-Web-Solar-Solutions-2025-eng.png","articleSection":["Pronutec","Events","Corporate"],"inLanguage":"en-US","potentialAction":[{"@type":"CommentAction","name":"Comment","target":["https:\/\/pronutec.gorlan.com\/en\/pronutec-participates-in-solar-solutions-amsterdam\/#respond"]}]},{"@type":"WebPage","@id":"https:\/\/pronutec.gorlan.com\/en\/pronutec-participates-in-solar-solutions-amsterdam\/","url":"https:\/\/pronutec.gorlan.com\/en\/pronutec-participates-in-solar-solutions-amsterdam\/","name":"Pronutec participates in Solar Solutions Amsterdam | Pronutec","isPartOf":{"@id":"https:\/\/pronutec.gorlan.com\/#website"},"primaryImageOfPage":{"@id":"https:\/\/pronutec.gorlan.com\/en\/pronutec-participates-in-solar-solutions-amsterdam\/#primaryimage"},"image":{"@id":"https:\/\/pronutec.gorlan.com\/en\/pronutec-participates-in-solar-solutions-amsterdam\/#primaryimage"},"thumbnailUrl":"https:\/\/pronutec.gorlan.com\/wp-content\/uploads\/2025\/02\/imagen-Web-Solar-Solutions-2025-eng.png","datePublished":"2025-02-14T08:31:16+00:00","dateModified":"2025-02-14T09:02:32+00:00","breadcrumb":{"@id":"https:\/\/pronutec.gorlan.com\/en\/pronutec-participates-in-solar-solutions-amsterdam\/#breadcrumb"},"inLanguage":"en-US","potentialAction":[{"@type":"ReadAction","target":["https:\/\/pronutec.gorlan.com\/en\/pronutec-participates-in-solar-solutions-amsterdam\/"]}]},{"@type":"ImageObject","inLanguage":"en-US","@id":"https:\/\/pronutec.gorlan.com\/en\/pronutec-participates-in-solar-solutions-amsterdam\/#primaryimage","url":"https:\/\/pronutec.gorlan.com\/wp-content\/uploads\/2025\/02\/imagen-Web-Solar-Solutions-2025-eng.png","contentUrl":"https:\/\/pronutec.gorlan.com\/wp-content\/uploads\/2025\/02\/imagen-Web-Solar-Solutions-2025-eng.png","width":1200,"height":627},{"@type":"BreadcrumbList","@id":"https:\/\/pronutec.gorlan.com\/en\/pronutec-participates-in-solar-solutions-amsterdam\/#breadcrumb","itemListElement":[{"@type":"ListItem","position":1,"name":"Inicio","item":"https:\/\/pronutec.gorlan.com\/en\/"},{"@type":"ListItem","position":2,"name":"Corporate","item":"https:\/\/pronutec.gorlan.com\/category\/corporate-2\/"},{"@type":"ListItem","position":3,"name":"Pronutec participates in Solar Solutions Amsterdam"}]},{"@type":"WebSite","@id":"https:\/\/pronutec.gorlan.com\/#website","url":"https:\/\/pronutec.gorlan.com\/","name":"Pronutec","description":"Pronutec, l\u00edderes en soluciones avanzadas, b\u00fasqueda y desarrollo de nuevos productos orientados al sector el\u00e9ctrico.","publisher":{"@id":"https:\/\/pronutec.gorlan.com\/#organization"},"potentialAction":[{"@type":"SearchAction","target":{"@type":"EntryPoint","urlTemplate":"https:\/\/pronutec.gorlan.com\/?s={search_term_string}"},"query-input":"required name=search_term_string"}],"inLanguage":"en-US"},{"@type":"Organization","@id":"https:\/\/pronutec.gorlan.com\/#organization","name":"Pronutec","url":"https:\/\/pronutec.gorlan.com\/","logo":{"@type":"ImageObject","inLanguage":"en-US","@id":"https:\/\/pronutec.gorlan.com\/#\/schema\/logo\/image\/","url":"https:\/\/pronutec.gorlan.com\/wp-content\/uploads\/2022\/02\/resultado_defecto.jpg","contentUrl":"https:\/\/pronutec.gorlan.com\/wp-content\/uploads\/2022\/02\/resultado_defecto.jpg","width":944,"height":629,"caption":"Pronutec"},"image":{"@id":"https:\/\/pronutec.gorlan.com\/#\/schema\/logo\/image\/"}},{"@type":"Person","@id":"https:\/\/pronutec.gorlan.com\/#\/schema\/person\/9f40ced926c84b3ca3ad120399fd9013","name":"Nur\u00eda Juli\u00e1n","url":"https:\/\/pronutec.gorlan.com\/en\/author\/nuria_qdrrw83l\/"}]}},"_links":{"self":[{"href":"https:\/\/pronutec.gorlan.com\/en\/wp-json\/wp\/v2\/posts\/24852"}],"collection":[{"href":"https:\/\/pronutec.gorlan.com\/en\/wp-json\/wp\/v2\/posts"}],"about":[{"href":"https:\/\/pronutec.gorlan.com\/en\/wp-json\/wp\/v2\/types\/post"}],"author":[{"embeddable":true,"href":"https:\/\/pronutec.gorlan.com\/en\/wp-json\/wp\/v2\/users\/2"}],"replies":[{"embeddable":true,"href":"https:\/\/pronutec.gorlan.com\/en\/wp-json\/wp\/v2\/comments?post=24852"}],"version-history":[{"count":10,"href":"https:\/\/pronutec.gorlan.com\/en\/wp-json\/wp\/v2\/posts\/24852\/revisions"}],"predecessor-version":[{"id":24874,"href":"https:\/\/pronutec.gorlan.com\/en\/wp-json\/wp\/v2\/posts\/24852\/revisions\/24874"}],"wp:featuredmedia":[{"embeddable":true,"href":"https:\/\/pronutec.gorlan.com\/en\/wp-json\/wp\/v2\/media\/24867"}],"wp:attachment":[{"href":"https:\/\/pronutec.gorlan.com\/en\/wp-json\/wp\/v2\/media?parent=24852"}],"wp:term":[{"taxonomy":"category","embeddable":true,"href":"https:\/\/pronutec.gorlan.com\/en\/wp-json\/wp\/v2\/categories?post=24852"},{"taxonomy":"post_tag","embeddable":true,"href":"https:\/\/pronutec.gorlan.com\/en\/wp-json\/wp\/v2\/tags?post=24852"}],"curies":[{"name":"wp","href":"https:\/\/api.w.org\/{rel}","templated":true}]}}