{"id":24956,"date":"2025-02-25T17:19:05","date_gmt":"2025-02-25T15:19:05","guid":{"rendered":"https:\/\/pronutec.gorlan.com\/te-esperamos-en-messe-stuttgart-del-25-al-27-de-marzo\/"},"modified":"2025-02-26T13:57:31","modified_gmt":"2025-02-26T11:57:31","slug":"we-will-exhibit-at-eltefa-visit-us-messe-stuttgart","status":"publish","type":"post","link":"https:\/\/pronutec.gorlan.com\/en\/we-will-exhibit-at-eltefa-visit-us-messe-stuttgart\/","title":{"rendered":"We will exhibit at Eltefa, visit us at Messe Stuttgart!"},"content":{"rendered":"","protected":false},"excerpt":{"rendered":"From 25 to 27 March we will be exhibiting at Eltefa, one of the most interesting trade fairs focused on the electric sector in southern Germany. You can find us at Messe Stuttgart, stand 10F43, where Pronutec will be participating as an exhibitor alongside Merytronic.","protected":false},"author":12,"featured_media":24978,"comment_status":"open","ping_status":"open","sticky":false,"template":"","format":"standard","meta":{"footnotes":""},"categories":[292],"tags":[],"acf":[],"yoast_head":"<!-- This site is optimized with the Yoast SEO Premium plugin v21.3 (Yoast SEO v22.5) - https:\/\/yoast.com\/wordpress\/plugins\/seo\/ -->\n<title>We will exhibit at Eltefa, visit us at Messe Stuttgart! | Pronutec<\/title>\n<meta name=\"robots\" content=\"index, follow, max-snippet:-1, max-image-preview:large, max-video-preview:-1\" \/>\n<link rel=\"canonical\" href=\"https:\/\/pronutec.gorlan.com\/en\/we-will-exhibit-at-eltefa-visit-us-messe-stuttgart\/\" \/>\n<meta property=\"og:locale\" content=\"en_US\" \/>\n<meta property=\"og:type\" content=\"article\" \/>\n<meta property=\"og:title\" content=\"We will exhibit at Eltefa, visit us at Messe Stuttgart!\" \/>\n<meta property=\"og:url\" content=\"https:\/\/pronutec.gorlan.com\/en\/we-will-exhibit-at-eltefa-visit-us-messe-stuttgart\/\" \/>\n<meta property=\"og:site_name\" content=\"Pronutec\" \/>\n<meta property=\"article:published_time\" content=\"2025-02-25T15:19:05+00:00\" \/>\n<meta property=\"article:modified_time\" content=\"2025-02-26T11:57:31+00:00\" \/>\n<meta property=\"og:image\" content=\"https:\/\/pronutec.gorlan.com\/wp-content\/uploads\/2025\/02\/Eltefa-banner-Pronutec-destacado-EN.png\" \/>\n\t<meta property=\"og:image:width\" content=\"1010\" \/>\n\t<meta property=\"og:image:height\" content=\"535\" \/>\n\t<meta property=\"og:image:type\" content=\"image\/png\" \/>\n<meta name=\"author\" content=\"Ana Peinado Lozano\" \/>\n<meta name=\"twitter:card\" content=\"summary_large_image\" \/>\n<meta name=\"twitter:label1\" content=\"Written by\" \/>\n\t<meta name=\"twitter:data1\" content=\"Ana Peinado Lozano\" \/>\n\t<meta name=\"twitter:label2\" content=\"Est. reading time\" \/>\n\t<meta name=\"twitter:data2\" content=\"1 minute\" \/>\n<script type=\"application\/ld+json\" class=\"yoast-schema-graph\">{\"@context\":\"https:\/\/schema.org\",\"@graph\":[{\"@type\":\"Article\",\"@id\":\"https:\/\/pronutec.gorlan.com\/en\/we-will-exhibit-at-eltefa-visit-us-messe-stuttgart\/#article\",\"isPartOf\":{\"@id\":\"https:\/\/pronutec.gorlan.com\/en\/we-will-exhibit-at-eltefa-visit-us-messe-stuttgart\/\"},\"author\":{\"name\":\"Ana Peinado Lozano\",\"@id\":\"https:\/\/pronutec.gorlan.com\/#\/schema\/person\/3236771df904fefc6099536fba8d9a67\"},\"headline\":\"We will exhibit at Eltefa, visit us at Messe Stuttgart!\",\"datePublished\":\"2025-02-25T15:19:05+00:00\",\"dateModified\":\"2025-02-26T11:57:31+00:00\",\"mainEntityOfPage\":{\"@id\":\"https:\/\/pronutec.gorlan.com\/en\/we-will-exhibit-at-eltefa-visit-us-messe-stuttgart\/\"},\"wordCount\":10,\"commentCount\":0,\"publisher\":{\"@id\":\"https:\/\/pronutec.gorlan.com\/#organization\"},\"image\":{\"@id\":\"https:\/\/pronutec.gorlan.com\/en\/we-will-exhibit-at-eltefa-visit-us-messe-stuttgart\/#primaryimage\"},\"thumbnailUrl\":\"https:\/\/pronutec.gorlan.com\/wp-content\/uploads\/2025\/02\/Eltefa-banner-Pronutec-destacado-EN.png\",\"articleSection\":[\"Events\"],\"inLanguage\":\"en-US\",\"potentialAction\":[{\"@type\":\"CommentAction\",\"name\":\"Comment\",\"target\":[\"https:\/\/pronutec.gorlan.com\/en\/we-will-exhibit-at-eltefa-visit-us-messe-stuttgart\/#respond\"]}]},{\"@type\":\"WebPage\",\"@id\":\"https:\/\/pronutec.gorlan.com\/en\/we-will-exhibit-at-eltefa-visit-us-messe-stuttgart\/\",\"url\":\"https:\/\/pronutec.gorlan.com\/en\/we-will-exhibit-at-eltefa-visit-us-messe-stuttgart\/\",\"name\":\"We will exhibit at Eltefa, visit us at Messe Stuttgart! | Pronutec\",\"isPartOf\":{\"@id\":\"https:\/\/pronutec.gorlan.com\/#website\"},\"primaryImageOfPage\":{\"@id\":\"https:\/\/pronutec.gorlan.com\/en\/we-will-exhibit-at-eltefa-visit-us-messe-stuttgart\/#primaryimage\"},\"image\":{\"@id\":\"https:\/\/pronutec.gorlan.com\/en\/we-will-exhibit-at-eltefa-visit-us-messe-stuttgart\/#primaryimage\"},\"thumbnailUrl\":\"https:\/\/pronutec.gorlan.com\/wp-content\/uploads\/2025\/02\/Eltefa-banner-Pronutec-destacado-EN.png\",\"datePublished\":\"2025-02-25T15:19:05+00:00\",\"dateModified\":\"2025-02-26T11:57:31+00:00\",\"breadcrumb\":{\"@id\":\"https:\/\/pronutec.gorlan.com\/en\/we-will-exhibit-at-eltefa-visit-us-messe-stuttgart\/#breadcrumb\"},\"inLanguage\":\"en-US\",\"potentialAction\":[{\"@type\":\"ReadAction\",\"target\":[\"https:\/\/pronutec.gorlan.com\/en\/we-will-exhibit-at-eltefa-visit-us-messe-stuttgart\/\"]}]},{\"@type\":\"ImageObject\",\"inLanguage\":\"en-US\",\"@id\":\"https:\/\/pronutec.gorlan.com\/en\/we-will-exhibit-at-eltefa-visit-us-messe-stuttgart\/#primaryimage\",\"url\":\"https:\/\/pronutec.gorlan.com\/wp-content\/uploads\/2025\/02\/Eltefa-banner-Pronutec-destacado-EN.png\",\"contentUrl\":\"https:\/\/pronutec.gorlan.com\/wp-content\/uploads\/2025\/02\/Eltefa-banner-Pronutec-destacado-EN.png\",\"width\":1010,\"height\":535},{\"@type\":\"BreadcrumbList\",\"@id\":\"https:\/\/pronutec.gorlan.com\/en\/we-will-exhibit-at-eltefa-visit-us-messe-stuttgart\/#breadcrumb\",\"itemListElement\":[{\"@type\":\"ListItem\",\"position\":1,\"name\":\"Inicio\",\"item\":\"https:\/\/pronutec.gorlan.com\/en\/\"},{\"@type\":\"ListItem\",\"position\":2,\"name\":\"Events\",\"item\":\"https:\/\/pronutec.gorlan.com\/en\/category\/events\/\"},{\"@type\":\"ListItem\",\"position\":3,\"name\":\"We will exhibit at Eltefa, visit us at Messe Stuttgart!\"}]},{\"@type\":\"WebSite\",\"@id\":\"https:\/\/pronutec.gorlan.com\/#website\",\"url\":\"https:\/\/pronutec.gorlan.com\/\",\"name\":\"Pronutec\",\"description\":\"Pronutec, l\u00edderes en soluciones avanzadas, b\u00fasqueda y desarrollo de nuevos productos orientados al sector el\u00e9ctrico.\",\"publisher\":{\"@id\":\"https:\/\/pronutec.gorlan.com\/#organization\"},\"potentialAction\":[{\"@type\":\"SearchAction\",\"target\":{\"@type\":\"EntryPoint\",\"urlTemplate\":\"https:\/\/pronutec.gorlan.com\/?s={search_term_string}\"},\"query-input\":\"required name=search_term_string\"}],\"inLanguage\":\"en-US\"},{\"@type\":\"Organization\",\"@id\":\"https:\/\/pronutec.gorlan.com\/#organization\",\"name\":\"Pronutec\",\"url\":\"https:\/\/pronutec.gorlan.com\/\",\"logo\":{\"@type\":\"ImageObject\",\"inLanguage\":\"en-US\",\"@id\":\"https:\/\/pronutec.gorlan.com\/#\/schema\/logo\/image\/\",\"url\":\"https:\/\/pronutec.gorlan.com\/wp-content\/uploads\/2022\/02\/resultado_defecto.jpg\",\"contentUrl\":\"https:\/\/pronutec.gorlan.com\/wp-content\/uploads\/2022\/02\/resultado_defecto.jpg\",\"width\":944,\"height\":629,\"caption\":\"Pronutec\"},\"image\":{\"@id\":\"https:\/\/pronutec.gorlan.com\/#\/schema\/logo\/image\/\"}},{\"@type\":\"Person\",\"@id\":\"https:\/\/pronutec.gorlan.com\/#\/schema\/person\/3236771df904fefc6099536fba8d9a67\",\"name\":\"Ana Peinado Lozano\",\"sameAs\":[\"http:\/\/Pronutec\"],\"url\":\"https:\/\/pronutec.gorlan.com\/en\/author\/ana_peinadolozano\/\"}]}<\/script>\n<!-- \/ Yoast SEO Premium plugin. -->","yoast_head_json":{"title":"We will exhibit at Eltefa, visit us at Messe Stuttgart! | Pronutec","robots":{"index":"index","follow":"follow","max-snippet":"max-snippet:-1","max-image-preview":"max-image-preview:large","max-video-preview":"max-video-preview:-1"},"canonical":"https:\/\/pronutec.gorlan.com\/en\/we-will-exhibit-at-eltefa-visit-us-messe-stuttgart\/","og_locale":"en_US","og_type":"article","og_title":"We will exhibit at Eltefa, visit us at Messe Stuttgart!","og_url":"https:\/\/pronutec.gorlan.com\/en\/we-will-exhibit-at-eltefa-visit-us-messe-stuttgart\/","og_site_name":"Pronutec","article_published_time":"2025-02-25T15:19:05+00:00","article_modified_time":"2025-02-26T11:57:31+00:00","og_image":[{"width":1010,"height":535,"url":"https:\/\/pronutec.gorlan.com\/wp-content\/uploads\/2025\/02\/Eltefa-banner-Pronutec-destacado-EN.png","type":"image\/png"}],"author":"Ana Peinado Lozano","twitter_card":"summary_large_image","twitter_misc":{"Written by":"Ana Peinado Lozano","Est. reading time":"1 minute"},"schema":{"@context":"https:\/\/schema.org","@graph":[{"@type":"Article","@id":"https:\/\/pronutec.gorlan.com\/en\/we-will-exhibit-at-eltefa-visit-us-messe-stuttgart\/#article","isPartOf":{"@id":"https:\/\/pronutec.gorlan.com\/en\/we-will-exhibit-at-eltefa-visit-us-messe-stuttgart\/"},"author":{"name":"Ana Peinado Lozano","@id":"https:\/\/pronutec.gorlan.com\/#\/schema\/person\/3236771df904fefc6099536fba8d9a67"},"headline":"We will exhibit at Eltefa, visit us at Messe Stuttgart!","datePublished":"2025-02-25T15:19:05+00:00","dateModified":"2025-02-26T11:57:31+00:00","mainEntityOfPage":{"@id":"https:\/\/pronutec.gorlan.com\/en\/we-will-exhibit-at-eltefa-visit-us-messe-stuttgart\/"},"wordCount":10,"commentCount":0,"publisher":{"@id":"https:\/\/pronutec.gorlan.com\/#organization"},"image":{"@id":"https:\/\/pronutec.gorlan.com\/en\/we-will-exhibit-at-eltefa-visit-us-messe-stuttgart\/#primaryimage"},"thumbnailUrl":"https:\/\/pronutec.gorlan.com\/wp-content\/uploads\/2025\/02\/Eltefa-banner-Pronutec-destacado-EN.png","articleSection":["Events"],"inLanguage":"en-US","potentialAction":[{"@type":"CommentAction","name":"Comment","target":["https:\/\/pronutec.gorlan.com\/en\/we-will-exhibit-at-eltefa-visit-us-messe-stuttgart\/#respond"]}]},{"@type":"WebPage","@id":"https:\/\/pronutec.gorlan.com\/en\/we-will-exhibit-at-eltefa-visit-us-messe-stuttgart\/","url":"https:\/\/pronutec.gorlan.com\/en\/we-will-exhibit-at-eltefa-visit-us-messe-stuttgart\/","name":"We will exhibit at Eltefa, visit us at Messe Stuttgart! | Pronutec","isPartOf":{"@id":"https:\/\/pronutec.gorlan.com\/#website"},"primaryImageOfPage":{"@id":"https:\/\/pronutec.gorlan.com\/en\/we-will-exhibit-at-eltefa-visit-us-messe-stuttgart\/#primaryimage"},"image":{"@id":"https:\/\/pronutec.gorlan.com\/en\/we-will-exhibit-at-eltefa-visit-us-messe-stuttgart\/#primaryimage"},"thumbnailUrl":"https:\/\/pronutec.gorlan.com\/wp-content\/uploads\/2025\/02\/Eltefa-banner-Pronutec-destacado-EN.png","datePublished":"2025-02-25T15:19:05+00:00","dateModified":"2025-02-26T11:57:31+00:00","breadcrumb":{"@id":"https:\/\/pronutec.gorlan.com\/en\/we-will-exhibit-at-eltefa-visit-us-messe-stuttgart\/#breadcrumb"},"inLanguage":"en-US","potentialAction":[{"@type":"ReadAction","target":["https:\/\/pronutec.gorlan.com\/en\/we-will-exhibit-at-eltefa-visit-us-messe-stuttgart\/"]}]},{"@type":"ImageObject","inLanguage":"en-US","@id":"https:\/\/pronutec.gorlan.com\/en\/we-will-exhibit-at-eltefa-visit-us-messe-stuttgart\/#primaryimage","url":"https:\/\/pronutec.gorlan.com\/wp-content\/uploads\/2025\/02\/Eltefa-banner-Pronutec-destacado-EN.png","contentUrl":"https:\/\/pronutec.gorlan.com\/wp-content\/uploads\/2025\/02\/Eltefa-banner-Pronutec-destacado-EN.png","width":1010,"height":535},{"@type":"BreadcrumbList","@id":"https:\/\/pronutec.gorlan.com\/en\/we-will-exhibit-at-eltefa-visit-us-messe-stuttgart\/#breadcrumb","itemListElement":[{"@type":"ListItem","position":1,"name":"Inicio","item":"https:\/\/pronutec.gorlan.com\/en\/"},{"@type":"ListItem","position":2,"name":"Events","item":"https:\/\/pronutec.gorlan.com\/en\/category\/events\/"},{"@type":"ListItem","position":3,"name":"We will exhibit at Eltefa, visit us at Messe Stuttgart!"}]},{"@type":"WebSite","@id":"https:\/\/pronutec.gorlan.com\/#website","url":"https:\/\/pronutec.gorlan.com\/","name":"Pronutec","description":"Pronutec, l\u00edderes en soluciones avanzadas, b\u00fasqueda y desarrollo de nuevos productos orientados al sector el\u00e9ctrico.","publisher":{"@id":"https:\/\/pronutec.gorlan.com\/#organization"},"potentialAction":[{"@type":"SearchAction","target":{"@type":"EntryPoint","urlTemplate":"https:\/\/pronutec.gorlan.com\/?s={search_term_string}"},"query-input":"required name=search_term_string"}],"inLanguage":"en-US"},{"@type":"Organization","@id":"https:\/\/pronutec.gorlan.com\/#organization","name":"Pronutec","url":"https:\/\/pronutec.gorlan.com\/","logo":{"@type":"ImageObject","inLanguage":"en-US","@id":"https:\/\/pronutec.gorlan.com\/#\/schema\/logo\/image\/","url":"https:\/\/pronutec.gorlan.com\/wp-content\/uploads\/2022\/02\/resultado_defecto.jpg","contentUrl":"https:\/\/pronutec.gorlan.com\/wp-content\/uploads\/2022\/02\/resultado_defecto.jpg","width":944,"height":629,"caption":"Pronutec"},"image":{"@id":"https:\/\/pronutec.gorlan.com\/#\/schema\/logo\/image\/"}},{"@type":"Person","@id":"https:\/\/pronutec.gorlan.com\/#\/schema\/person\/3236771df904fefc6099536fba8d9a67","name":"Ana Peinado Lozano","sameAs":["http:\/\/Pronutec"],"url":"https:\/\/pronutec.gorlan.com\/en\/author\/ana_peinadolozano\/"}]}},"_links":{"self":[{"href":"https:\/\/pronutec.gorlan.com\/en\/wp-json\/wp\/v2\/posts\/24956"}],"collection":[{"href":"https:\/\/pronutec.gorlan.com\/en\/wp-json\/wp\/v2\/posts"}],"about":[{"href":"https:\/\/pronutec.gorlan.com\/en\/wp-json\/wp\/v2\/types\/post"}],"author":[{"embeddable":true,"href":"https:\/\/pronutec.gorlan.com\/en\/wp-json\/wp\/v2\/users\/12"}],"replies":[{"embeddable":true,"href":"https:\/\/pronutec.gorlan.com\/en\/wp-json\/wp\/v2\/comments?post=24956"}],"version-history":[{"count":9,"href":"https:\/\/pronutec.gorlan.com\/en\/wp-json\/wp\/v2\/posts\/24956\/revisions"}],"predecessor-version":[{"id":24988,"href":"https:\/\/pronutec.gorlan.com\/en\/wp-json\/wp\/v2\/posts\/24956\/revisions\/24988"}],"wp:featuredmedia":[{"embeddable":true,"href":"https:\/\/pronutec.gorlan.com\/en\/wp-json\/wp\/v2\/media\/24978"}],"wp:attachment":[{"href":"https:\/\/pronutec.gorlan.com\/en\/wp-json\/wp\/v2\/media?parent=24956"}],"wp:term":[{"taxonomy":"category","embeddable":true,"href":"https:\/\/pronutec.gorlan.com\/en\/wp-json\/wp\/v2\/categories?post=24956"},{"taxonomy":"post_tag","embeddable":true,"href":"https:\/\/pronutec.gorlan.com\/en\/wp-json\/wp\/v2\/tags?post=24956"}],"curies":[{"name":"wp","href":"https:\/\/api.w.org\/{rel}","templated":true}]}}