{"id":25244,"date":"2025-04-08T13:25:21","date_gmt":"2025-04-08T11:25:21","guid":{"rendered":"https:\/\/pronutec.gorlan.com\/intersolar-europe-2025-cita-ineludible-en-munich\/"},"modified":"2025-10-22T09:14:54","modified_gmt":"2025-10-22T07:14:54","slug":"intersolar-europe-2025-not-to-be-missed-in-munich","status":"publish","type":"post","link":"https:\/\/pronutec.gorlan.com\/en\/intersolar-europe-2025-not-to-be-missed-in-munich\/","title":{"rendered":"Intersolar Europe 2025: Not to be missed in Munich Munich"},"content":{"rendered":"<p style=\"text-align: center;\"><strong data-start=\"183\" data-end=\"217\">M\u00fanich | May 7 &#8211; 9 <\/strong>\u2013 Hall B4, Stand 570<\/p>\n","protected":false},"excerpt":{"rendered":"Once again, Pronutec will be present at Intersolar Europe, the leading international exhibition for the solar industry and energy solutions of the future. From May 7 to 9, you can find us at Messe M\u00fcnchen, in Hall B4, Stand 570, alongside our sister brands Telergon and Merytronic.","protected":false},"author":2,"featured_media":25236,"comment_status":"open","ping_status":"open","sticky":false,"template":"","format":"standard","meta":{"footnotes":""},"categories":[289,290,332,404,414],"tags":[],"acf":[],"yoast_head":"<!-- This site is optimized with the Yoast SEO Premium plugin v21.3 (Yoast SEO v22.5) - https:\/\/yoast.com\/wordpress\/plugins\/seo\/ -->\n<title>Intersolar Europe 2025: Not to be missed in Munich Munich | Pronutec<\/title>\n<meta name=\"robots\" content=\"index, follow, max-snippet:-1, max-image-preview:large, max-video-preview:-1\" \/>\n<link rel=\"canonical\" href=\"https:\/\/pronutec.gorlan.com\/en\/intersolar-europe-2025-not-to-be-missed-in-munich\/\" \/>\n<meta property=\"og:locale\" content=\"en_US\" \/>\n<meta property=\"og:type\" content=\"article\" \/>\n<meta property=\"og:title\" content=\"Intersolar Europe 2025: Not to be missed in Munich Munich\" \/>\n<meta property=\"og:url\" content=\"https:\/\/pronutec.gorlan.com\/en\/intersolar-europe-2025-not-to-be-missed-in-munich\/\" \/>\n<meta property=\"og:site_name\" content=\"Pronutec\" \/>\n<meta property=\"article:published_time\" content=\"2025-04-08T11:25:21+00:00\" \/>\n<meta property=\"article:modified_time\" content=\"2025-10-22T07:14:54+00:00\" \/>\n<meta property=\"og:image\" content=\"https:\/\/pronutec.gorlan.com\/wp-content\/uploads\/2025\/04\/1.png\" \/>\n\t<meta property=\"og:image:width\" content=\"400\" \/>\n\t<meta property=\"og:image:height\" content=\"203\" \/>\n\t<meta property=\"og:image:type\" content=\"image\/png\" \/>\n<meta name=\"author\" content=\"Nur\u00eda Juli\u00e1n\" \/>\n<meta name=\"twitter:card\" content=\"summary_large_image\" \/>\n<meta name=\"twitter:label1\" content=\"Written by\" \/>\n\t<meta name=\"twitter:data1\" content=\"Nur\u00eda Juli\u00e1n\" \/>\n\t<meta name=\"twitter:label2\" content=\"Est. reading time\" \/>\n\t<meta name=\"twitter:data2\" content=\"2 minutes\" \/>\n<script type=\"application\/ld+json\" class=\"yoast-schema-graph\">{\"@context\":\"https:\/\/schema.org\",\"@graph\":[{\"@type\":\"Article\",\"@id\":\"https:\/\/pronutec.gorlan.com\/en\/intersolar-europe-2025-not-to-be-missed-in-munich\/#article\",\"isPartOf\":{\"@id\":\"https:\/\/pronutec.gorlan.com\/en\/intersolar-europe-2025-not-to-be-missed-in-munich\/\"},\"author\":{\"name\":\"Nur\u00eda Juli\u00e1n\",\"@id\":\"https:\/\/pronutec.gorlan.com\/#\/schema\/person\/9f40ced926c84b3ca3ad120399fd9013\"},\"headline\":\"Intersolar Europe 2025: Not to be missed in Munich Munich\",\"datePublished\":\"2025-04-08T11:25:21+00:00\",\"dateModified\":\"2025-10-22T07:14:54+00:00\",\"mainEntityOfPage\":{\"@id\":\"https:\/\/pronutec.gorlan.com\/en\/intersolar-europe-2025-not-to-be-missed-in-munich\/\"},\"wordCount\":16,\"commentCount\":0,\"publisher\":{\"@id\":\"https:\/\/pronutec.gorlan.com\/#organization\"},\"image\":{\"@id\":\"https:\/\/pronutec.gorlan.com\/en\/intersolar-europe-2025-not-to-be-missed-in-munich\/#primaryimage\"},\"thumbnailUrl\":\"https:\/\/pronutec.gorlan.com\/wp-content\/uploads\/2025\/04\/1.png\",\"articleSection\":[\"Pronutec\",\"Utility\",\"Corporate\",\"Power Distribution\",\"Green Energy\"],\"inLanguage\":\"en-US\",\"potentialAction\":[{\"@type\":\"CommentAction\",\"name\":\"Comment\",\"target\":[\"https:\/\/pronutec.gorlan.com\/en\/intersolar-europe-2025-not-to-be-missed-in-munich\/#respond\"]}]},{\"@type\":\"WebPage\",\"@id\":\"https:\/\/pronutec.gorlan.com\/en\/intersolar-europe-2025-not-to-be-missed-in-munich\/\",\"url\":\"https:\/\/pronutec.gorlan.com\/en\/intersolar-europe-2025-not-to-be-missed-in-munich\/\",\"name\":\"Intersolar Europe 2025: Not to be missed in Munich Munich | Pronutec\",\"isPartOf\":{\"@id\":\"https:\/\/pronutec.gorlan.com\/#website\"},\"primaryImageOfPage\":{\"@id\":\"https:\/\/pronutec.gorlan.com\/en\/intersolar-europe-2025-not-to-be-missed-in-munich\/#primaryimage\"},\"image\":{\"@id\":\"https:\/\/pronutec.gorlan.com\/en\/intersolar-europe-2025-not-to-be-missed-in-munich\/#primaryimage\"},\"thumbnailUrl\":\"https:\/\/pronutec.gorlan.com\/wp-content\/uploads\/2025\/04\/1.png\",\"datePublished\":\"2025-04-08T11:25:21+00:00\",\"dateModified\":\"2025-10-22T07:14:54+00:00\",\"breadcrumb\":{\"@id\":\"https:\/\/pronutec.gorlan.com\/en\/intersolar-europe-2025-not-to-be-missed-in-munich\/#breadcrumb\"},\"inLanguage\":\"en-US\",\"potentialAction\":[{\"@type\":\"ReadAction\",\"target\":[\"https:\/\/pronutec.gorlan.com\/en\/intersolar-europe-2025-not-to-be-missed-in-munich\/\"]}]},{\"@type\":\"ImageObject\",\"inLanguage\":\"en-US\",\"@id\":\"https:\/\/pronutec.gorlan.com\/en\/intersolar-europe-2025-not-to-be-missed-in-munich\/#primaryimage\",\"url\":\"https:\/\/pronutec.gorlan.com\/wp-content\/uploads\/2025\/04\/1.png\",\"contentUrl\":\"https:\/\/pronutec.gorlan.com\/wp-content\/uploads\/2025\/04\/1.png\",\"width\":400,\"height\":203},{\"@type\":\"BreadcrumbList\",\"@id\":\"https:\/\/pronutec.gorlan.com\/en\/intersolar-europe-2025-not-to-be-missed-in-munich\/#breadcrumb\",\"itemListElement\":[{\"@type\":\"ListItem\",\"position\":1,\"name\":\"Inicio\",\"item\":\"https:\/\/pronutec.gorlan.com\/en\/\"},{\"@type\":\"ListItem\",\"position\":2,\"name\":\"Corporate\",\"item\":\"https:\/\/pronutec.gorlan.com\/category\/corporate\/?lang=en\"},{\"@type\":\"ListItem\",\"position\":3,\"name\":\"Intersolar Europe 2025: Not to be missed in Munich Munich\"}]},{\"@type\":\"WebSite\",\"@id\":\"https:\/\/pronutec.gorlan.com\/#website\",\"url\":\"https:\/\/pronutec.gorlan.com\/\",\"name\":\"Pronutec\",\"description\":\"Pronutec, l\u00edderes en soluciones avanzadas, b\u00fasqueda y desarrollo de nuevos productos orientados al sector el\u00e9ctrico.\",\"publisher\":{\"@id\":\"https:\/\/pronutec.gorlan.com\/#organization\"},\"potentialAction\":[{\"@type\":\"SearchAction\",\"target\":{\"@type\":\"EntryPoint\",\"urlTemplate\":\"https:\/\/pronutec.gorlan.com\/?s={search_term_string}\"},\"query-input\":\"required name=search_term_string\"}],\"inLanguage\":\"en-US\"},{\"@type\":\"Organization\",\"@id\":\"https:\/\/pronutec.gorlan.com\/#organization\",\"name\":\"Pronutec\",\"url\":\"https:\/\/pronutec.gorlan.com\/\",\"logo\":{\"@type\":\"ImageObject\",\"inLanguage\":\"en-US\",\"@id\":\"https:\/\/pronutec.gorlan.com\/#\/schema\/logo\/image\/\",\"url\":\"https:\/\/pronutec.gorlan.com\/wp-content\/uploads\/2022\/02\/resultado_defecto.jpg\",\"contentUrl\":\"https:\/\/pronutec.gorlan.com\/wp-content\/uploads\/2022\/02\/resultado_defecto.jpg\",\"width\":944,\"height\":629,\"caption\":\"Pronutec\"},\"image\":{\"@id\":\"https:\/\/pronutec.gorlan.com\/#\/schema\/logo\/image\/\"}},{\"@type\":\"Person\",\"@id\":\"https:\/\/pronutec.gorlan.com\/#\/schema\/person\/9f40ced926c84b3ca3ad120399fd9013\",\"name\":\"Nur\u00eda Juli\u00e1n\",\"url\":\"https:\/\/pronutec.gorlan.com\/en\/author\/nuria_qdrrw83l\/\"}]}<\/script>\n<!-- \/ Yoast SEO Premium plugin. -->","yoast_head_json":{"title":"Intersolar Europe 2025: Not to be missed in Munich Munich | Pronutec","robots":{"index":"index","follow":"follow","max-snippet":"max-snippet:-1","max-image-preview":"max-image-preview:large","max-video-preview":"max-video-preview:-1"},"canonical":"https:\/\/pronutec.gorlan.com\/en\/intersolar-europe-2025-not-to-be-missed-in-munich\/","og_locale":"en_US","og_type":"article","og_title":"Intersolar Europe 2025: Not to be missed in Munich Munich","og_url":"https:\/\/pronutec.gorlan.com\/en\/intersolar-europe-2025-not-to-be-missed-in-munich\/","og_site_name":"Pronutec","article_published_time":"2025-04-08T11:25:21+00:00","article_modified_time":"2025-10-22T07:14:54+00:00","og_image":[{"width":400,"height":203,"url":"https:\/\/pronutec.gorlan.com\/wp-content\/uploads\/2025\/04\/1.png","type":"image\/png"}],"author":"Nur\u00eda Juli\u00e1n","twitter_card":"summary_large_image","twitter_misc":{"Written by":"Nur\u00eda Juli\u00e1n","Est. reading time":"2 minutes"},"schema":{"@context":"https:\/\/schema.org","@graph":[{"@type":"Article","@id":"https:\/\/pronutec.gorlan.com\/en\/intersolar-europe-2025-not-to-be-missed-in-munich\/#article","isPartOf":{"@id":"https:\/\/pronutec.gorlan.com\/en\/intersolar-europe-2025-not-to-be-missed-in-munich\/"},"author":{"name":"Nur\u00eda Juli\u00e1n","@id":"https:\/\/pronutec.gorlan.com\/#\/schema\/person\/9f40ced926c84b3ca3ad120399fd9013"},"headline":"Intersolar Europe 2025: Not to be missed in Munich Munich","datePublished":"2025-04-08T11:25:21+00:00","dateModified":"2025-10-22T07:14:54+00:00","mainEntityOfPage":{"@id":"https:\/\/pronutec.gorlan.com\/en\/intersolar-europe-2025-not-to-be-missed-in-munich\/"},"wordCount":16,"commentCount":0,"publisher":{"@id":"https:\/\/pronutec.gorlan.com\/#organization"},"image":{"@id":"https:\/\/pronutec.gorlan.com\/en\/intersolar-europe-2025-not-to-be-missed-in-munich\/#primaryimage"},"thumbnailUrl":"https:\/\/pronutec.gorlan.com\/wp-content\/uploads\/2025\/04\/1.png","articleSection":["Pronutec","Utility","Corporate","Power Distribution","Green Energy"],"inLanguage":"en-US","potentialAction":[{"@type":"CommentAction","name":"Comment","target":["https:\/\/pronutec.gorlan.com\/en\/intersolar-europe-2025-not-to-be-missed-in-munich\/#respond"]}]},{"@type":"WebPage","@id":"https:\/\/pronutec.gorlan.com\/en\/intersolar-europe-2025-not-to-be-missed-in-munich\/","url":"https:\/\/pronutec.gorlan.com\/en\/intersolar-europe-2025-not-to-be-missed-in-munich\/","name":"Intersolar Europe 2025: Not to be missed in Munich Munich | Pronutec","isPartOf":{"@id":"https:\/\/pronutec.gorlan.com\/#website"},"primaryImageOfPage":{"@id":"https:\/\/pronutec.gorlan.com\/en\/intersolar-europe-2025-not-to-be-missed-in-munich\/#primaryimage"},"image":{"@id":"https:\/\/pronutec.gorlan.com\/en\/intersolar-europe-2025-not-to-be-missed-in-munich\/#primaryimage"},"thumbnailUrl":"https:\/\/pronutec.gorlan.com\/wp-content\/uploads\/2025\/04\/1.png","datePublished":"2025-04-08T11:25:21+00:00","dateModified":"2025-10-22T07:14:54+00:00","breadcrumb":{"@id":"https:\/\/pronutec.gorlan.com\/en\/intersolar-europe-2025-not-to-be-missed-in-munich\/#breadcrumb"},"inLanguage":"en-US","potentialAction":[{"@type":"ReadAction","target":["https:\/\/pronutec.gorlan.com\/en\/intersolar-europe-2025-not-to-be-missed-in-munich\/"]}]},{"@type":"ImageObject","inLanguage":"en-US","@id":"https:\/\/pronutec.gorlan.com\/en\/intersolar-europe-2025-not-to-be-missed-in-munich\/#primaryimage","url":"https:\/\/pronutec.gorlan.com\/wp-content\/uploads\/2025\/04\/1.png","contentUrl":"https:\/\/pronutec.gorlan.com\/wp-content\/uploads\/2025\/04\/1.png","width":400,"height":203},{"@type":"BreadcrumbList","@id":"https:\/\/pronutec.gorlan.com\/en\/intersolar-europe-2025-not-to-be-missed-in-munich\/#breadcrumb","itemListElement":[{"@type":"ListItem","position":1,"name":"Inicio","item":"https:\/\/pronutec.gorlan.com\/en\/"},{"@type":"ListItem","position":2,"name":"Corporate","item":"https:\/\/pronutec.gorlan.com\/category\/corporate\/?lang=en"},{"@type":"ListItem","position":3,"name":"Intersolar Europe 2025: Not to be missed in Munich Munich"}]},{"@type":"WebSite","@id":"https:\/\/pronutec.gorlan.com\/#website","url":"https:\/\/pronutec.gorlan.com\/","name":"Pronutec","description":"Pronutec, l\u00edderes en soluciones avanzadas, b\u00fasqueda y desarrollo de nuevos productos orientados al sector el\u00e9ctrico.","publisher":{"@id":"https:\/\/pronutec.gorlan.com\/#organization"},"potentialAction":[{"@type":"SearchAction","target":{"@type":"EntryPoint","urlTemplate":"https:\/\/pronutec.gorlan.com\/?s={search_term_string}"},"query-input":"required name=search_term_string"}],"inLanguage":"en-US"},{"@type":"Organization","@id":"https:\/\/pronutec.gorlan.com\/#organization","name":"Pronutec","url":"https:\/\/pronutec.gorlan.com\/","logo":{"@type":"ImageObject","inLanguage":"en-US","@id":"https:\/\/pronutec.gorlan.com\/#\/schema\/logo\/image\/","url":"https:\/\/pronutec.gorlan.com\/wp-content\/uploads\/2022\/02\/resultado_defecto.jpg","contentUrl":"https:\/\/pronutec.gorlan.com\/wp-content\/uploads\/2022\/02\/resultado_defecto.jpg","width":944,"height":629,"caption":"Pronutec"},"image":{"@id":"https:\/\/pronutec.gorlan.com\/#\/schema\/logo\/image\/"}},{"@type":"Person","@id":"https:\/\/pronutec.gorlan.com\/#\/schema\/person\/9f40ced926c84b3ca3ad120399fd9013","name":"Nur\u00eda Juli\u00e1n","url":"https:\/\/pronutec.gorlan.com\/en\/author\/nuria_qdrrw83l\/"}]}},"_links":{"self":[{"href":"https:\/\/pronutec.gorlan.com\/en\/wp-json\/wp\/v2\/posts\/25244"}],"collection":[{"href":"https:\/\/pronutec.gorlan.com\/en\/wp-json\/wp\/v2\/posts"}],"about":[{"href":"https:\/\/pronutec.gorlan.com\/en\/wp-json\/wp\/v2\/types\/post"}],"author":[{"embeddable":true,"href":"https:\/\/pronutec.gorlan.com\/en\/wp-json\/wp\/v2\/users\/2"}],"replies":[{"embeddable":true,"href":"https:\/\/pronutec.gorlan.com\/en\/wp-json\/wp\/v2\/comments?post=25244"}],"version-history":[{"count":7,"href":"https:\/\/pronutec.gorlan.com\/en\/wp-json\/wp\/v2\/posts\/25244\/revisions"}],"predecessor-version":[{"id":25812,"href":"https:\/\/pronutec.gorlan.com\/en\/wp-json\/wp\/v2\/posts\/25244\/revisions\/25812"}],"wp:featuredmedia":[{"embeddable":true,"href":"https:\/\/pronutec.gorlan.com\/en\/wp-json\/wp\/v2\/media\/25236"}],"wp:attachment":[{"href":"https:\/\/pronutec.gorlan.com\/en\/wp-json\/wp\/v2\/media?parent=25244"}],"wp:term":[{"taxonomy":"category","embeddable":true,"href":"https:\/\/pronutec.gorlan.com\/en\/wp-json\/wp\/v2\/categories?post=25244"},{"taxonomy":"post_tag","embeddable":true,"href":"https:\/\/pronutec.gorlan.com\/en\/wp-json\/wp\/v2\/tags?post=25244"}],"curies":[{"name":"wp","href":"https:\/\/api.w.org\/{rel}","templated":true}]}}