{"id":3352,"date":"2021-07-02T11:46:00","date_gmt":"2021-07-02T11:46:00","guid":{"rendered":"https:\/\/www.thelastdock.es\/pronutec\/fusibles-siba-para-fv-en-dc\/"},"modified":"2022-02-18T12:37:37","modified_gmt":"2022-02-18T12:37:37","slug":"fusibles-siba-para-fv-en-dc","status":"publish","type":"post","link":"https:\/\/pronutec.gorlan.com\/en\/fusibles-siba-para-fv-en-dc\/","title":{"rendered":"Fusibles SIBA para FV en DC"},"content":{"rendered":"<p style=\"text-align: left;\">Desde Pronutec, lanzamos un nuevo cat\u00e1logo espec\u00edfico de\u00a0<strong>fusibles SIBA para aplicaciones en fotovoltaica en DC<\/strong>. El cat\u00e1logo incluye la gama completa de fusibles gPV de los formatos:<\/p>\n<ul style=\"text-align: left;\">\n<li><strong>URZ\u00a0<\/strong>| 10&#215;38 mm \/ 10&#215;85 mm \/ 14&#215;65 mm \/ 10-14&#215;85 mm \/ 10-14&#215;65-85 mm 14&#215;100 mm \/ 20&#215;127 mm \/ 22&#215;65 mm<\/li>\n<li><strong>URM\u00a0<\/strong>| NH 1 \/ NH 1XL \/ NH 1XL-SQB1 \/ NH 2 \/ NH 2XL \/ NH 3L<\/li>\n<li><strong>URS\u00a0<\/strong>| SQB1 \/ SQB2<\/li>\n<li><strong>URB\u00a0<\/strong>| NH 00<\/li>\n<\/ul>\n<p style=\"text-align: left;\">SIBA ofrece l\u00edneas de producto especialmente\u00a0desarrolladas para\u00a0<strong>sistemas fotovoltaicos<\/strong>. Una amplia\u00a0gama de productos, adecuados para tensiones de\u00a0<strong>hasta 1500 V DC,<\/strong>\u00a0que cubre la mayor\u00eda de las necesidades\u00a0para la generaci\u00f3n de energ\u00eda fotovoltaica.<br \/>\nLos fusibles de SIBA marcan tendencia, desarrollados\u00a0cada vez en dimensiones m\u00e1s peque\u00f1as para los\u00a0mismos niveles de tensi\u00f3n. Su cooperaci\u00f3n con los\u00a0principales fabricantes de sistemas de energ\u00eda solar\u00a0y componentes fotovoltaicos hacen que SIBA est\u00e9\u00a0siempre un paso por delante.<br \/>\n<a href=\"https:\/\/pronutec.gorlan.com\/wp-content\/uploads\/2021\/12\/Catalogo-SIBA-FV-DC.pdf\" target=\"_blank\" rel=\"noopener\"><img decoding=\"async\" style=\"width: 600px; height: 399px; vertical-align: middle;\" src=\"https:\/\/www.pronutec.com\/es\/Pronutec\/Noticias\/revista-texto.aspx?width=600&amp;height=399\" alt=\"\" \/><\/a><\/p>\n","protected":false},"excerpt":{"rendered":"Desde Pronutec, lanzamos un nuevo cat\u00e1logo espec\u00edfico de fusibles SIBA para aplicaciones en fotovoltaica en DC. El cat\u00e1logo incluye la gama completa de fusibles gPV de los formatos:","protected":false},"author":7,"featured_media":5659,"comment_status":"open","ping_status":"open","sticky":false,"template":"","format":"standard","meta":{"footnotes":""},"categories":[288,414],"tags":[],"acf":[],"yoast_head":"<!-- This site is optimized with the Yoast SEO Premium plugin v21.3 (Yoast SEO v22.5) - https:\/\/yoast.com\/wordpress\/plugins\/seo\/ -->\n<title>Fusibles SIBA para FV en DC | Pronutec<\/title>\n<meta name=\"description\" content=\"Desde Pronutec, lanzamos un nuevo cat\u00e1logo espec\u00edfico de\u00a0fusibles SIBA para aplicaciones en fotovoltaica en DC. El cat\u00e1logo incluye la gama completa de fusibles gPV de los formatos.\" \/>\n<meta name=\"robots\" content=\"index, follow, max-snippet:-1, max-image-preview:large, max-video-preview:-1\" \/>\n<link rel=\"canonical\" href=\"https:\/\/pronutec.gorlan.com\/en\/fusibles-siba-para-fv-en-dc\/\" \/>\n<meta property=\"og:locale\" content=\"en_US\" \/>\n<meta property=\"og:type\" content=\"article\" \/>\n<meta property=\"og:title\" content=\"Fusibles SIBA para FV en DC\" \/>\n<meta property=\"og:description\" content=\"Desde Pronutec, lanzamos un nuevo cat\u00e1logo espec\u00edfico de\u00a0fusibles SIBA para aplicaciones en fotovoltaica en DC. El cat\u00e1logo incluye la gama completa de fusibles gPV de los formatos.\" \/>\n<meta property=\"og:url\" content=\"https:\/\/pronutec.gorlan.com\/en\/fusibles-siba-para-fv-en-dc\/\" \/>\n<meta property=\"og:site_name\" content=\"Pronutec\" \/>\n<meta property=\"article:published_time\" content=\"2021-07-02T11:46:00+00:00\" \/>\n<meta property=\"article:modified_time\" content=\"2022-02-18T12:37:37+00:00\" \/>\n<meta property=\"og:image\" content=\"https:\/\/pronutec.gorlan.com\/wp-content\/uploads\/2021\/07\/panel-2562239_1280-e1638894270276.jpg\" \/>\n\t<meta property=\"og:image:width\" content=\"1068\" \/>\n\t<meta property=\"og:image:height\" content=\"713\" \/>\n\t<meta property=\"og:image:type\" content=\"image\/jpeg\" \/>\n<meta name=\"author\" content=\"Osviel Rodriguez\" \/>\n<meta name=\"twitter:card\" content=\"summary_large_image\" \/>\n<meta name=\"twitter:label1\" content=\"Written by\" \/>\n\t<meta name=\"twitter:data1\" content=\"Osviel Rodriguez\" \/>\n\t<meta name=\"twitter:label2\" content=\"Est. reading time\" \/>\n\t<meta name=\"twitter:data2\" content=\"1 minute\" \/>\n<script type=\"application\/ld+json\" class=\"yoast-schema-graph\">{\"@context\":\"https:\/\/schema.org\",\"@graph\":[{\"@type\":\"Article\",\"@id\":\"https:\/\/pronutec.gorlan.com\/en\/fusibles-siba-para-fv-en-dc\/#article\",\"isPartOf\":{\"@id\":\"https:\/\/pronutec.gorlan.com\/en\/fusibles-siba-para-fv-en-dc\/\"},\"author\":{\"name\":\"Osviel Rodriguez\",\"@id\":\"https:\/\/pronutec.gorlan.com\/#\/schema\/person\/ed72d169b1418a02ef8a48523baf9dab\"},\"headline\":\"Fusibles SIBA para FV en DC\",\"datePublished\":\"2021-07-02T11:46:00+00:00\",\"dateModified\":\"2022-02-18T12:37:37+00:00\",\"mainEntityOfPage\":{\"@id\":\"https:\/\/pronutec.gorlan.com\/en\/fusibles-siba-para-fv-en-dc\/\"},\"wordCount\":159,\"commentCount\":0,\"publisher\":{\"@id\":\"https:\/\/pronutec.gorlan.com\/#organization\"},\"image\":{\"@id\":\"https:\/\/pronutec.gorlan.com\/en\/fusibles-siba-para-fv-en-dc\/#primaryimage\"},\"thumbnailUrl\":\"https:\/\/pronutec.gorlan.com\/wp-content\/uploads\/2021\/07\/imagen-noticia-SIBA-FV-DC.jpg\",\"articleSection\":[\"Products\",\"Green Energy\"],\"inLanguage\":\"en-US\",\"potentialAction\":[{\"@type\":\"CommentAction\",\"name\":\"Comment\",\"target\":[\"https:\/\/pronutec.gorlan.com\/en\/fusibles-siba-para-fv-en-dc\/#respond\"]}]},{\"@type\":\"WebPage\",\"@id\":\"https:\/\/pronutec.gorlan.com\/en\/fusibles-siba-para-fv-en-dc\/\",\"url\":\"https:\/\/pronutec.gorlan.com\/en\/fusibles-siba-para-fv-en-dc\/\",\"name\":\"Fusibles SIBA para FV en DC | Pronutec\",\"isPartOf\":{\"@id\":\"https:\/\/pronutec.gorlan.com\/#website\"},\"primaryImageOfPage\":{\"@id\":\"https:\/\/pronutec.gorlan.com\/en\/fusibles-siba-para-fv-en-dc\/#primaryimage\"},\"image\":{\"@id\":\"https:\/\/pronutec.gorlan.com\/en\/fusibles-siba-para-fv-en-dc\/#primaryimage\"},\"thumbnailUrl\":\"https:\/\/pronutec.gorlan.com\/wp-content\/uploads\/2021\/07\/imagen-noticia-SIBA-FV-DC.jpg\",\"datePublished\":\"2021-07-02T11:46:00+00:00\",\"dateModified\":\"2022-02-18T12:37:37+00:00\",\"description\":\"Desde Pronutec, lanzamos un nuevo cat\u00e1logo espec\u00edfico de\u00a0fusibles SIBA para aplicaciones en fotovoltaica en DC. El cat\u00e1logo incluye la gama completa de fusibles gPV de los formatos.\",\"breadcrumb\":{\"@id\":\"https:\/\/pronutec.gorlan.com\/en\/fusibles-siba-para-fv-en-dc\/#breadcrumb\"},\"inLanguage\":\"en-US\",\"potentialAction\":[{\"@type\":\"ReadAction\",\"target\":[\"https:\/\/pronutec.gorlan.com\/en\/fusibles-siba-para-fv-en-dc\/\"]}]},{\"@type\":\"ImageObject\",\"inLanguage\":\"en-US\",\"@id\":\"https:\/\/pronutec.gorlan.com\/en\/fusibles-siba-para-fv-en-dc\/#primaryimage\",\"url\":\"https:\/\/pronutec.gorlan.com\/wp-content\/uploads\/2021\/07\/imagen-noticia-SIBA-FV-DC.jpg\",\"contentUrl\":\"https:\/\/pronutec.gorlan.com\/wp-content\/uploads\/2021\/07\/imagen-noticia-SIBA-FV-DC.jpg\",\"width\":400,\"height\":200},{\"@type\":\"BreadcrumbList\",\"@id\":\"https:\/\/pronutec.gorlan.com\/en\/fusibles-siba-para-fv-en-dc\/#breadcrumb\",\"itemListElement\":[{\"@type\":\"ListItem\",\"position\":1,\"name\":\"Inicio\",\"item\":\"https:\/\/pronutec.gorlan.com\/en\/\"},{\"@type\":\"ListItem\",\"position\":2,\"name\":\"Productos\",\"item\":\"https:\/\/pronutec.gorlan.com\/category\/productos\/\"},{\"@type\":\"ListItem\",\"position\":3,\"name\":\"Fusibles SIBA para FV en DC\"}]},{\"@type\":\"WebSite\",\"@id\":\"https:\/\/pronutec.gorlan.com\/#website\",\"url\":\"https:\/\/pronutec.gorlan.com\/\",\"name\":\"Pronutec\",\"description\":\"Pronutec, l\u00edderes en soluciones avanzadas, b\u00fasqueda y desarrollo de nuevos productos orientados al sector el\u00e9ctrico.\",\"publisher\":{\"@id\":\"https:\/\/pronutec.gorlan.com\/#organization\"},\"potentialAction\":[{\"@type\":\"SearchAction\",\"target\":{\"@type\":\"EntryPoint\",\"urlTemplate\":\"https:\/\/pronutec.gorlan.com\/?s={search_term_string}\"},\"query-input\":\"required name=search_term_string\"}],\"inLanguage\":\"en-US\"},{\"@type\":\"Organization\",\"@id\":\"https:\/\/pronutec.gorlan.com\/#organization\",\"name\":\"Pronutec\",\"url\":\"https:\/\/pronutec.gorlan.com\/\",\"logo\":{\"@type\":\"ImageObject\",\"inLanguage\":\"en-US\",\"@id\":\"https:\/\/pronutec.gorlan.com\/#\/schema\/logo\/image\/\",\"url\":\"https:\/\/pronutec.gorlan.com\/wp-content\/uploads\/2022\/02\/resultado_defecto.jpg\",\"contentUrl\":\"https:\/\/pronutec.gorlan.com\/wp-content\/uploads\/2022\/02\/resultado_defecto.jpg\",\"width\":944,\"height\":629,\"caption\":\"Pronutec\"},\"image\":{\"@id\":\"https:\/\/pronutec.gorlan.com\/#\/schema\/logo\/image\/\"}},{\"@type\":\"Person\",\"@id\":\"https:\/\/pronutec.gorlan.com\/#\/schema\/person\/ed72d169b1418a02ef8a48523baf9dab\",\"name\":\"Osviel Rodriguez\",\"url\":\"https:\/\/pronutec.gorlan.com\/en\/author\/osviel_inc4ue\/\"}]}<\/script>\n<!-- \/ Yoast SEO Premium plugin. -->","yoast_head_json":{"title":"Fusibles SIBA para FV en DC | Pronutec","description":"Desde Pronutec, lanzamos un nuevo cat\u00e1logo espec\u00edfico de\u00a0fusibles SIBA para aplicaciones en fotovoltaica en DC. El cat\u00e1logo incluye la gama completa de fusibles gPV de los formatos.","robots":{"index":"index","follow":"follow","max-snippet":"max-snippet:-1","max-image-preview":"max-image-preview:large","max-video-preview":"max-video-preview:-1"},"canonical":"https:\/\/pronutec.gorlan.com\/en\/fusibles-siba-para-fv-en-dc\/","og_locale":"en_US","og_type":"article","og_title":"Fusibles SIBA para FV en DC","og_description":"Desde Pronutec, lanzamos un nuevo cat\u00e1logo espec\u00edfico de\u00a0fusibles SIBA para aplicaciones en fotovoltaica en DC. El cat\u00e1logo incluye la gama completa de fusibles gPV de los formatos.","og_url":"https:\/\/pronutec.gorlan.com\/en\/fusibles-siba-para-fv-en-dc\/","og_site_name":"Pronutec","article_published_time":"2021-07-02T11:46:00+00:00","article_modified_time":"2022-02-18T12:37:37+00:00","og_image":[{"width":1068,"height":713,"url":"https:\/\/pronutec.gorlan.com\/wp-content\/uploads\/2021\/07\/panel-2562239_1280-e1638894270276.jpg","type":"image\/jpeg"}],"author":"Osviel Rodriguez","twitter_card":"summary_large_image","twitter_misc":{"Written by":"Osviel Rodriguez","Est. reading time":"1 minute"},"schema":{"@context":"https:\/\/schema.org","@graph":[{"@type":"Article","@id":"https:\/\/pronutec.gorlan.com\/en\/fusibles-siba-para-fv-en-dc\/#article","isPartOf":{"@id":"https:\/\/pronutec.gorlan.com\/en\/fusibles-siba-para-fv-en-dc\/"},"author":{"name":"Osviel Rodriguez","@id":"https:\/\/pronutec.gorlan.com\/#\/schema\/person\/ed72d169b1418a02ef8a48523baf9dab"},"headline":"Fusibles SIBA para FV en DC","datePublished":"2021-07-02T11:46:00+00:00","dateModified":"2022-02-18T12:37:37+00:00","mainEntityOfPage":{"@id":"https:\/\/pronutec.gorlan.com\/en\/fusibles-siba-para-fv-en-dc\/"},"wordCount":159,"commentCount":0,"publisher":{"@id":"https:\/\/pronutec.gorlan.com\/#organization"},"image":{"@id":"https:\/\/pronutec.gorlan.com\/en\/fusibles-siba-para-fv-en-dc\/#primaryimage"},"thumbnailUrl":"https:\/\/pronutec.gorlan.com\/wp-content\/uploads\/2021\/07\/imagen-noticia-SIBA-FV-DC.jpg","articleSection":["Products","Green Energy"],"inLanguage":"en-US","potentialAction":[{"@type":"CommentAction","name":"Comment","target":["https:\/\/pronutec.gorlan.com\/en\/fusibles-siba-para-fv-en-dc\/#respond"]}]},{"@type":"WebPage","@id":"https:\/\/pronutec.gorlan.com\/en\/fusibles-siba-para-fv-en-dc\/","url":"https:\/\/pronutec.gorlan.com\/en\/fusibles-siba-para-fv-en-dc\/","name":"Fusibles SIBA para FV en DC | Pronutec","isPartOf":{"@id":"https:\/\/pronutec.gorlan.com\/#website"},"primaryImageOfPage":{"@id":"https:\/\/pronutec.gorlan.com\/en\/fusibles-siba-para-fv-en-dc\/#primaryimage"},"image":{"@id":"https:\/\/pronutec.gorlan.com\/en\/fusibles-siba-para-fv-en-dc\/#primaryimage"},"thumbnailUrl":"https:\/\/pronutec.gorlan.com\/wp-content\/uploads\/2021\/07\/imagen-noticia-SIBA-FV-DC.jpg","datePublished":"2021-07-02T11:46:00+00:00","dateModified":"2022-02-18T12:37:37+00:00","description":"Desde Pronutec, lanzamos un nuevo cat\u00e1logo espec\u00edfico de\u00a0fusibles SIBA para aplicaciones en fotovoltaica en DC. El cat\u00e1logo incluye la gama completa de fusibles gPV de los formatos.","breadcrumb":{"@id":"https:\/\/pronutec.gorlan.com\/en\/fusibles-siba-para-fv-en-dc\/#breadcrumb"},"inLanguage":"en-US","potentialAction":[{"@type":"ReadAction","target":["https:\/\/pronutec.gorlan.com\/en\/fusibles-siba-para-fv-en-dc\/"]}]},{"@type":"ImageObject","inLanguage":"en-US","@id":"https:\/\/pronutec.gorlan.com\/en\/fusibles-siba-para-fv-en-dc\/#primaryimage","url":"https:\/\/pronutec.gorlan.com\/wp-content\/uploads\/2021\/07\/imagen-noticia-SIBA-FV-DC.jpg","contentUrl":"https:\/\/pronutec.gorlan.com\/wp-content\/uploads\/2021\/07\/imagen-noticia-SIBA-FV-DC.jpg","width":400,"height":200},{"@type":"BreadcrumbList","@id":"https:\/\/pronutec.gorlan.com\/en\/fusibles-siba-para-fv-en-dc\/#breadcrumb","itemListElement":[{"@type":"ListItem","position":1,"name":"Inicio","item":"https:\/\/pronutec.gorlan.com\/en\/"},{"@type":"ListItem","position":2,"name":"Productos","item":"https:\/\/pronutec.gorlan.com\/category\/productos\/"},{"@type":"ListItem","position":3,"name":"Fusibles SIBA para FV en DC"}]},{"@type":"WebSite","@id":"https:\/\/pronutec.gorlan.com\/#website","url":"https:\/\/pronutec.gorlan.com\/","name":"Pronutec","description":"Pronutec, l\u00edderes en soluciones avanzadas, b\u00fasqueda y desarrollo de nuevos productos orientados al sector el\u00e9ctrico.","publisher":{"@id":"https:\/\/pronutec.gorlan.com\/#organization"},"potentialAction":[{"@type":"SearchAction","target":{"@type":"EntryPoint","urlTemplate":"https:\/\/pronutec.gorlan.com\/?s={search_term_string}"},"query-input":"required name=search_term_string"}],"inLanguage":"en-US"},{"@type":"Organization","@id":"https:\/\/pronutec.gorlan.com\/#organization","name":"Pronutec","url":"https:\/\/pronutec.gorlan.com\/","logo":{"@type":"ImageObject","inLanguage":"en-US","@id":"https:\/\/pronutec.gorlan.com\/#\/schema\/logo\/image\/","url":"https:\/\/pronutec.gorlan.com\/wp-content\/uploads\/2022\/02\/resultado_defecto.jpg","contentUrl":"https:\/\/pronutec.gorlan.com\/wp-content\/uploads\/2022\/02\/resultado_defecto.jpg","width":944,"height":629,"caption":"Pronutec"},"image":{"@id":"https:\/\/pronutec.gorlan.com\/#\/schema\/logo\/image\/"}},{"@type":"Person","@id":"https:\/\/pronutec.gorlan.com\/#\/schema\/person\/ed72d169b1418a02ef8a48523baf9dab","name":"Osviel Rodriguez","url":"https:\/\/pronutec.gorlan.com\/en\/author\/osviel_inc4ue\/"}]}},"_links":{"self":[{"href":"https:\/\/pronutec.gorlan.com\/en\/wp-json\/wp\/v2\/posts\/3352"}],"collection":[{"href":"https:\/\/pronutec.gorlan.com\/en\/wp-json\/wp\/v2\/posts"}],"about":[{"href":"https:\/\/pronutec.gorlan.com\/en\/wp-json\/wp\/v2\/types\/post"}],"author":[{"embeddable":true,"href":"https:\/\/pronutec.gorlan.com\/en\/wp-json\/wp\/v2\/users\/7"}],"replies":[{"embeddable":true,"href":"https:\/\/pronutec.gorlan.com\/en\/wp-json\/wp\/v2\/comments?post=3352"}],"version-history":[{"count":1,"href":"https:\/\/pronutec.gorlan.com\/en\/wp-json\/wp\/v2\/posts\/3352\/revisions"}],"predecessor-version":[{"id":3355,"href":"https:\/\/pronutec.gorlan.com\/en\/wp-json\/wp\/v2\/posts\/3352\/revisions\/3355"}],"wp:featuredmedia":[{"embeddable":true,"href":"https:\/\/pronutec.gorlan.com\/en\/wp-json\/wp\/v2\/media\/5659"}],"wp:attachment":[{"href":"https:\/\/pronutec.gorlan.com\/en\/wp-json\/wp\/v2\/media?parent=3352"}],"wp:term":[{"taxonomy":"category","embeddable":true,"href":"https:\/\/pronutec.gorlan.com\/en\/wp-json\/wp\/v2\/categories?post=3352"},{"taxonomy":"post_tag","embeddable":true,"href":"https:\/\/pronutec.gorlan.com\/en\/wp-json\/wp\/v2\/tags?post=3352"}],"curies":[{"name":"wp","href":"https:\/\/api.w.org\/{rel}","templated":true}]}}