{"id":3386,"date":"2020-12-01T15:06:00","date_gmt":"2020-12-01T15:06:00","guid":{"rendered":"https:\/\/www.thelastdock.es\/pronutec\/video-de-fotovoltaica-en-ac\/"},"modified":"2022-02-18T08:58:03","modified_gmt":"2022-02-18T08:58:03","slug":"video-de-fotovoltaica-en-ac","status":"publish","type":"post","link":"https:\/\/pronutec.gorlan.com\/en\/video-de-fotovoltaica-en-ac\/","title":{"rendered":"New video about AC Grids in PV Plants, find out here!"},"content":{"rendered":"<p>We have just launched a\u00a0<strong>new video about AC Grids in Photovoltaic Plants<\/strong>, more completed than the previous one, where we have included our\u00a0<strong>range of AC Combiner Panels for string inverters<\/strong>. We surely maintain all the necessary\u00a0<strong>switchgear for both, the incomings and the outgoings of the panels<\/strong>, including a\u00a0<strong>variety of accessories<\/strong>.<\/p>\n<p><a href=\"https:\/\/www.youtube.com\/watch?v=qChjcyoqb2k\"><span style=\"font-size: 14px;\"><span style=\"font-family: arial, helvetica, sans-serif;\"><span style=\"color: #696969;\"><img decoding=\"async\" style=\"width: 500px; height: 370px; vertical-align: middle;\" src=\"https:\/\/gorlanteam.com\/es\/noticias\/Imagen-video-principal.aspx?width=500&amp;height=370\" alt=\"\" \/><\/span><\/span><\/span><\/a><\/p>\n<p style=\"text-align: left;\">We have just launched a\u00a0<strong>new video about AC Grids in Photovoltaic Plants<\/strong>, more completed than the previous one, where we have included our\u00a0<strong>range of AC Combiner Panels for string inverters<\/strong>. We surely maintain all the necessary\u00a0<strong>switchgear for both, the incomings and the outgoings of the panels<\/strong>, including a\u00a0<strong>variety of accessories<\/strong>.<\/p>\n<p style=\"text-align: left;\"><img decoding=\"async\" loading=\"lazy\" class=\"aligncenter wp-image-3389 size-full\" src=\"https:\/\/pronutec.gorlan.com\/wp-content\/uploads\/2020\/12\/Advantages.jpg\" alt=\"\" width=\"500\" height=\"111\" srcset=\"https:\/\/pronutec.gorlan.com\/wp-content\/uploads\/2020\/12\/Advantages.jpg 500w, https:\/\/pronutec.gorlan.com\/wp-content\/uploads\/2020\/12\/Advantages-250x56.jpg 250w, https:\/\/pronutec.gorlan.com\/wp-content\/uploads\/2020\/12\/Advantages-120x27.jpg 120w\" sizes=\"(max-width: 500px) 100vw, 500px\" \/><\/p>\n<p style=\"text-align: left;\">All in all,\u00a0<strong>we offer a complete range adapted to the needs of the development in applications for photovoltaic energy<\/strong>.<\/p>\n<p style=\"text-align: left;\"><span style=\"font-size: 18px;\"><strong>Get to know our complete solution!<\/strong><\/span><\/p>\n<p>\u200b<\/p>\n<table style=\"width: 591px; height: 104px;\" border=\"0\" cellspacing=\"1\" cellpadding=\"1\" align=\"center\">\n<tbody>\n<tr>\n<td><img decoding=\"async\" loading=\"lazy\" class=\"aligncenter wp-image-3391 size-full\" src=\"https:\/\/pronutec.gorlan.com\/wp-content\/uploads\/2020\/12\/Boton-Catalogue_2.jpg\" alt=\"\" width=\"200\" height=\"56\" srcset=\"https:\/\/pronutec.gorlan.com\/wp-content\/uploads\/2020\/12\/Boton-Catalogue_2.jpg 200w, https:\/\/pronutec.gorlan.com\/wp-content\/uploads\/2020\/12\/Boton-Catalogue_2-120x34.jpg 120w\" sizes=\"(max-width: 200px) 100vw, 200px\" \/><\/td>\n<td><img decoding=\"async\" loading=\"lazy\" width=\"200\" height=\"50\" class=\"aligncenter size-full wp-image-3393\" src=\"https:\/\/pronutec.gorlan.com\/wp-content\/uploads\/2020\/12\/Boton-Presentation_3.jpg\" alt=\"\" srcset=\"https:\/\/pronutec.gorlan.com\/wp-content\/uploads\/2020\/12\/Boton-Presentation_3.jpg 200w, https:\/\/pronutec.gorlan.com\/wp-content\/uploads\/2020\/12\/Boton-Presentation_3-120x30.jpg 120w\" sizes=\"(max-width: 200px) 100vw, 200px\" \/><\/td>\n<\/tr>\n<\/tbody>\n<\/table>\n<p>&nbsp;<\/p>\n","protected":false},"excerpt":{"rendered":"Lanzamos un nuevo v\u00eddeo de FV en AC donde incorporamos nuestra gama de Cuadros de Agrupaci\u00f3n para inversores de Strings y mostrando todo el aparellaje necesario tanto para la acometida como la salida de los cuadros, incluida una amplia variedad de accesorios.","protected":false},"author":7,"featured_media":3387,"comment_status":"open","ping_status":"open","sticky":false,"template":"","format":"standard","meta":{"footnotes":""},"categories":[288,414],"tags":[431],"acf":[],"yoast_head":"<!-- This site is optimized with the Yoast SEO Premium plugin v21.3 (Yoast SEO v22.5) - https:\/\/yoast.com\/wordpress\/plugins\/seo\/ -->\n<title>New video about AC Grids in PV Plants, find out here! | Pronutec<\/title>\n<meta name=\"description\" content=\"Lanzamos un\u00a0nuevo video de FV en AC\u00a0donde incorporamos\u00a0nuestra gama de Cuadros de Agrupaci\u00f3n para inversores de Strings\u00a0y mostrando todo el\u00a0aparellaje necesario tanto para la acometida como la salida de los cuadros, incluida una amplia\u00a0variedad de accesorios.\" \/>\n<meta name=\"robots\" content=\"index, follow, max-snippet:-1, max-image-preview:large, max-video-preview:-1\" \/>\n<link rel=\"canonical\" href=\"https:\/\/pronutec.gorlan.com\/en\/video-de-fotovoltaica-en-ac\/\" \/>\n<meta property=\"og:locale\" content=\"en_US\" \/>\n<meta property=\"og:type\" content=\"article\" \/>\n<meta property=\"og:title\" content=\"New video about AC Grids in PV Plants, find out here!\" \/>\n<meta property=\"og:description\" content=\"Lanzamos un\u00a0nuevo video de FV en AC\u00a0donde incorporamos\u00a0nuestra gama de Cuadros de Agrupaci\u00f3n para inversores de Strings\u00a0y mostrando todo el\u00a0aparellaje necesario tanto para la acometida como la salida de los cuadros, incluida una amplia\u00a0variedad de accesorios.\" \/>\n<meta property=\"og:url\" content=\"https:\/\/pronutec.gorlan.com\/en\/video-de-fotovoltaica-en-ac\/\" \/>\n<meta property=\"og:site_name\" content=\"Pronutec\" \/>\n<meta property=\"article:published_time\" content=\"2020-12-01T15:06:00+00:00\" \/>\n<meta property=\"article:modified_time\" content=\"2022-02-18T08:58:03+00:00\" \/>\n<meta property=\"og:image\" content=\"https:\/\/pronutec.gorlan.com\/wp-content\/uploads\/2021\/11\/GetFile-213.jpeg\" \/>\n\t<meta property=\"og:image:width\" content=\"400\" \/>\n\t<meta property=\"og:image:height\" content=\"200\" \/>\n\t<meta property=\"og:image:type\" content=\"image\/jpeg\" \/>\n<meta name=\"author\" content=\"Osviel Rodriguez\" \/>\n<meta name=\"twitter:card\" content=\"summary_large_image\" \/>\n<meta name=\"twitter:label1\" content=\"Written by\" \/>\n\t<meta name=\"twitter:data1\" content=\"Osviel Rodriguez\" \/>\n\t<meta name=\"twitter:label2\" content=\"Est. reading time\" \/>\n\t<meta name=\"twitter:data2\" content=\"2 minutes\" \/>\n<script type=\"application\/ld+json\" class=\"yoast-schema-graph\">{\"@context\":\"https:\/\/schema.org\",\"@graph\":[{\"@type\":\"Article\",\"@id\":\"https:\/\/pronutec.gorlan.com\/en\/video-de-fotovoltaica-en-ac\/#article\",\"isPartOf\":{\"@id\":\"https:\/\/pronutec.gorlan.com\/en\/video-de-fotovoltaica-en-ac\/\"},\"author\":{\"name\":\"Osviel Rodriguez\",\"@id\":\"https:\/\/pronutec.gorlan.com\/#\/schema\/person\/ed72d169b1418a02ef8a48523baf9dab\"},\"headline\":\"New video about AC Grids in PV Plants, find out here!\",\"datePublished\":\"2020-12-01T15:06:00+00:00\",\"dateModified\":\"2022-02-18T08:58:03+00:00\",\"mainEntityOfPage\":{\"@id\":\"https:\/\/pronutec.gorlan.com\/en\/video-de-fotovoltaica-en-ac\/\"},\"wordCount\":146,\"commentCount\":0,\"publisher\":{\"@id\":\"https:\/\/pronutec.gorlan.com\/#organization\"},\"image\":{\"@id\":\"https:\/\/pronutec.gorlan.com\/en\/video-de-fotovoltaica-en-ac\/#primaryimage\"},\"thumbnailUrl\":\"https:\/\/pronutec.gorlan.com\/wp-content\/uploads\/2021\/11\/GetFile-213.jpeg\",\"keywords\":[\"photovoltaic\"],\"articleSection\":[\"Products\",\"Green Energy\"],\"inLanguage\":\"en-US\",\"potentialAction\":[{\"@type\":\"CommentAction\",\"name\":\"Comment\",\"target\":[\"https:\/\/pronutec.gorlan.com\/en\/video-de-fotovoltaica-en-ac\/#respond\"]}]},{\"@type\":\"WebPage\",\"@id\":\"https:\/\/pronutec.gorlan.com\/en\/video-de-fotovoltaica-en-ac\/\",\"url\":\"https:\/\/pronutec.gorlan.com\/en\/video-de-fotovoltaica-en-ac\/\",\"name\":\"New video about AC Grids in PV Plants, find out here! | Pronutec\",\"isPartOf\":{\"@id\":\"https:\/\/pronutec.gorlan.com\/#website\"},\"primaryImageOfPage\":{\"@id\":\"https:\/\/pronutec.gorlan.com\/en\/video-de-fotovoltaica-en-ac\/#primaryimage\"},\"image\":{\"@id\":\"https:\/\/pronutec.gorlan.com\/en\/video-de-fotovoltaica-en-ac\/#primaryimage\"},\"thumbnailUrl\":\"https:\/\/pronutec.gorlan.com\/wp-content\/uploads\/2021\/11\/GetFile-213.jpeg\",\"datePublished\":\"2020-12-01T15:06:00+00:00\",\"dateModified\":\"2022-02-18T08:58:03+00:00\",\"description\":\"Lanzamos un\u00a0nuevo video de FV en AC\u00a0donde incorporamos\u00a0nuestra gama de Cuadros de Agrupaci\u00f3n para inversores de Strings\u00a0y mostrando todo el\u00a0aparellaje necesario tanto para la acometida como la salida de los cuadros, incluida una amplia\u00a0variedad de accesorios.\",\"breadcrumb\":{\"@id\":\"https:\/\/pronutec.gorlan.com\/en\/video-de-fotovoltaica-en-ac\/#breadcrumb\"},\"inLanguage\":\"en-US\",\"potentialAction\":[{\"@type\":\"ReadAction\",\"target\":[\"https:\/\/pronutec.gorlan.com\/en\/video-de-fotovoltaica-en-ac\/\"]}]},{\"@type\":\"ImageObject\",\"inLanguage\":\"en-US\",\"@id\":\"https:\/\/pronutec.gorlan.com\/en\/video-de-fotovoltaica-en-ac\/#primaryimage\",\"url\":\"https:\/\/pronutec.gorlan.com\/wp-content\/uploads\/2021\/11\/GetFile-213.jpeg\",\"contentUrl\":\"https:\/\/pronutec.gorlan.com\/wp-content\/uploads\/2021\/11\/GetFile-213.jpeg\",\"width\":400,\"height\":200},{\"@type\":\"BreadcrumbList\",\"@id\":\"https:\/\/pronutec.gorlan.com\/en\/video-de-fotovoltaica-en-ac\/#breadcrumb\",\"itemListElement\":[{\"@type\":\"ListItem\",\"position\":1,\"name\":\"Inicio\",\"item\":\"https:\/\/pronutec.gorlan.com\/en\/\"},{\"@type\":\"ListItem\",\"position\":2,\"name\":\"Green Energy\",\"item\":\"https:\/\/pronutec.gorlan.com\/category\/green-energy-en\/?lang=en\"},{\"@type\":\"ListItem\",\"position\":3,\"name\":\"New video about AC Grids in PV Plants, find out here!\"}]},{\"@type\":\"WebSite\",\"@id\":\"https:\/\/pronutec.gorlan.com\/#website\",\"url\":\"https:\/\/pronutec.gorlan.com\/\",\"name\":\"Pronutec\",\"description\":\"Pronutec, l\u00edderes en soluciones avanzadas, b\u00fasqueda y desarrollo de nuevos productos orientados al sector el\u00e9ctrico.\",\"publisher\":{\"@id\":\"https:\/\/pronutec.gorlan.com\/#organization\"},\"potentialAction\":[{\"@type\":\"SearchAction\",\"target\":{\"@type\":\"EntryPoint\",\"urlTemplate\":\"https:\/\/pronutec.gorlan.com\/?s={search_term_string}\"},\"query-input\":\"required name=search_term_string\"}],\"inLanguage\":\"en-US\"},{\"@type\":\"Organization\",\"@id\":\"https:\/\/pronutec.gorlan.com\/#organization\",\"name\":\"Pronutec\",\"url\":\"https:\/\/pronutec.gorlan.com\/\",\"logo\":{\"@type\":\"ImageObject\",\"inLanguage\":\"en-US\",\"@id\":\"https:\/\/pronutec.gorlan.com\/#\/schema\/logo\/image\/\",\"url\":\"https:\/\/pronutec.gorlan.com\/wp-content\/uploads\/2022\/02\/resultado_defecto.jpg\",\"contentUrl\":\"https:\/\/pronutec.gorlan.com\/wp-content\/uploads\/2022\/02\/resultado_defecto.jpg\",\"width\":944,\"height\":629,\"caption\":\"Pronutec\"},\"image\":{\"@id\":\"https:\/\/pronutec.gorlan.com\/#\/schema\/logo\/image\/\"}},{\"@type\":\"Person\",\"@id\":\"https:\/\/pronutec.gorlan.com\/#\/schema\/person\/ed72d169b1418a02ef8a48523baf9dab\",\"name\":\"Osviel Rodriguez\",\"url\":\"https:\/\/pronutec.gorlan.com\/en\/author\/osviel_inc4ue\/\"}]}<\/script>\n<!-- \/ Yoast SEO Premium plugin. -->","yoast_head_json":{"title":"New video about AC Grids in PV Plants, find out here! | Pronutec","description":"Lanzamos un\u00a0nuevo video de FV en AC\u00a0donde incorporamos\u00a0nuestra gama de Cuadros de Agrupaci\u00f3n para inversores de Strings\u00a0y mostrando todo el\u00a0aparellaje necesario tanto para la acometida como la salida de los cuadros, incluida una amplia\u00a0variedad de accesorios.","robots":{"index":"index","follow":"follow","max-snippet":"max-snippet:-1","max-image-preview":"max-image-preview:large","max-video-preview":"max-video-preview:-1"},"canonical":"https:\/\/pronutec.gorlan.com\/en\/video-de-fotovoltaica-en-ac\/","og_locale":"en_US","og_type":"article","og_title":"New video about AC Grids in PV Plants, find out here!","og_description":"Lanzamos un\u00a0nuevo video de FV en AC\u00a0donde incorporamos\u00a0nuestra gama de Cuadros de Agrupaci\u00f3n para inversores de Strings\u00a0y mostrando todo el\u00a0aparellaje necesario tanto para la acometida como la salida de los cuadros, incluida una amplia\u00a0variedad de accesorios.","og_url":"https:\/\/pronutec.gorlan.com\/en\/video-de-fotovoltaica-en-ac\/","og_site_name":"Pronutec","article_published_time":"2020-12-01T15:06:00+00:00","article_modified_time":"2022-02-18T08:58:03+00:00","og_image":[{"width":400,"height":200,"url":"https:\/\/pronutec.gorlan.com\/wp-content\/uploads\/2021\/11\/GetFile-213.jpeg","type":"image\/jpeg"}],"author":"Osviel Rodriguez","twitter_card":"summary_large_image","twitter_misc":{"Written by":"Osviel Rodriguez","Est. reading time":"2 minutes"},"schema":{"@context":"https:\/\/schema.org","@graph":[{"@type":"Article","@id":"https:\/\/pronutec.gorlan.com\/en\/video-de-fotovoltaica-en-ac\/#article","isPartOf":{"@id":"https:\/\/pronutec.gorlan.com\/en\/video-de-fotovoltaica-en-ac\/"},"author":{"name":"Osviel Rodriguez","@id":"https:\/\/pronutec.gorlan.com\/#\/schema\/person\/ed72d169b1418a02ef8a48523baf9dab"},"headline":"New video about AC Grids in PV Plants, find out here!","datePublished":"2020-12-01T15:06:00+00:00","dateModified":"2022-02-18T08:58:03+00:00","mainEntityOfPage":{"@id":"https:\/\/pronutec.gorlan.com\/en\/video-de-fotovoltaica-en-ac\/"},"wordCount":146,"commentCount":0,"publisher":{"@id":"https:\/\/pronutec.gorlan.com\/#organization"},"image":{"@id":"https:\/\/pronutec.gorlan.com\/en\/video-de-fotovoltaica-en-ac\/#primaryimage"},"thumbnailUrl":"https:\/\/pronutec.gorlan.com\/wp-content\/uploads\/2021\/11\/GetFile-213.jpeg","keywords":["photovoltaic"],"articleSection":["Products","Green Energy"],"inLanguage":"en-US","potentialAction":[{"@type":"CommentAction","name":"Comment","target":["https:\/\/pronutec.gorlan.com\/en\/video-de-fotovoltaica-en-ac\/#respond"]}]},{"@type":"WebPage","@id":"https:\/\/pronutec.gorlan.com\/en\/video-de-fotovoltaica-en-ac\/","url":"https:\/\/pronutec.gorlan.com\/en\/video-de-fotovoltaica-en-ac\/","name":"New video about AC Grids in PV Plants, find out here! | Pronutec","isPartOf":{"@id":"https:\/\/pronutec.gorlan.com\/#website"},"primaryImageOfPage":{"@id":"https:\/\/pronutec.gorlan.com\/en\/video-de-fotovoltaica-en-ac\/#primaryimage"},"image":{"@id":"https:\/\/pronutec.gorlan.com\/en\/video-de-fotovoltaica-en-ac\/#primaryimage"},"thumbnailUrl":"https:\/\/pronutec.gorlan.com\/wp-content\/uploads\/2021\/11\/GetFile-213.jpeg","datePublished":"2020-12-01T15:06:00+00:00","dateModified":"2022-02-18T08:58:03+00:00","description":"Lanzamos un\u00a0nuevo video de FV en AC\u00a0donde incorporamos\u00a0nuestra gama de Cuadros de Agrupaci\u00f3n para inversores de Strings\u00a0y mostrando todo el\u00a0aparellaje necesario tanto para la acometida como la salida de los cuadros, incluida una amplia\u00a0variedad de accesorios.","breadcrumb":{"@id":"https:\/\/pronutec.gorlan.com\/en\/video-de-fotovoltaica-en-ac\/#breadcrumb"},"inLanguage":"en-US","potentialAction":[{"@type":"ReadAction","target":["https:\/\/pronutec.gorlan.com\/en\/video-de-fotovoltaica-en-ac\/"]}]},{"@type":"ImageObject","inLanguage":"en-US","@id":"https:\/\/pronutec.gorlan.com\/en\/video-de-fotovoltaica-en-ac\/#primaryimage","url":"https:\/\/pronutec.gorlan.com\/wp-content\/uploads\/2021\/11\/GetFile-213.jpeg","contentUrl":"https:\/\/pronutec.gorlan.com\/wp-content\/uploads\/2021\/11\/GetFile-213.jpeg","width":400,"height":200},{"@type":"BreadcrumbList","@id":"https:\/\/pronutec.gorlan.com\/en\/video-de-fotovoltaica-en-ac\/#breadcrumb","itemListElement":[{"@type":"ListItem","position":1,"name":"Inicio","item":"https:\/\/pronutec.gorlan.com\/en\/"},{"@type":"ListItem","position":2,"name":"Green Energy","item":"https:\/\/pronutec.gorlan.com\/category\/green-energy-en\/?lang=en"},{"@type":"ListItem","position":3,"name":"New video about AC Grids in PV Plants, find out here!"}]},{"@type":"WebSite","@id":"https:\/\/pronutec.gorlan.com\/#website","url":"https:\/\/pronutec.gorlan.com\/","name":"Pronutec","description":"Pronutec, l\u00edderes en soluciones avanzadas, b\u00fasqueda y desarrollo de nuevos productos orientados al sector el\u00e9ctrico.","publisher":{"@id":"https:\/\/pronutec.gorlan.com\/#organization"},"potentialAction":[{"@type":"SearchAction","target":{"@type":"EntryPoint","urlTemplate":"https:\/\/pronutec.gorlan.com\/?s={search_term_string}"},"query-input":"required name=search_term_string"}],"inLanguage":"en-US"},{"@type":"Organization","@id":"https:\/\/pronutec.gorlan.com\/#organization","name":"Pronutec","url":"https:\/\/pronutec.gorlan.com\/","logo":{"@type":"ImageObject","inLanguage":"en-US","@id":"https:\/\/pronutec.gorlan.com\/#\/schema\/logo\/image\/","url":"https:\/\/pronutec.gorlan.com\/wp-content\/uploads\/2022\/02\/resultado_defecto.jpg","contentUrl":"https:\/\/pronutec.gorlan.com\/wp-content\/uploads\/2022\/02\/resultado_defecto.jpg","width":944,"height":629,"caption":"Pronutec"},"image":{"@id":"https:\/\/pronutec.gorlan.com\/#\/schema\/logo\/image\/"}},{"@type":"Person","@id":"https:\/\/pronutec.gorlan.com\/#\/schema\/person\/ed72d169b1418a02ef8a48523baf9dab","name":"Osviel Rodriguez","url":"https:\/\/pronutec.gorlan.com\/en\/author\/osviel_inc4ue\/"}]}},"_links":{"self":[{"href":"https:\/\/pronutec.gorlan.com\/en\/wp-json\/wp\/v2\/posts\/3386"}],"collection":[{"href":"https:\/\/pronutec.gorlan.com\/en\/wp-json\/wp\/v2\/posts"}],"about":[{"href":"https:\/\/pronutec.gorlan.com\/en\/wp-json\/wp\/v2\/types\/post"}],"author":[{"embeddable":true,"href":"https:\/\/pronutec.gorlan.com\/en\/wp-json\/wp\/v2\/users\/7"}],"replies":[{"embeddable":true,"href":"https:\/\/pronutec.gorlan.com\/en\/wp-json\/wp\/v2\/comments?post=3386"}],"version-history":[{"count":2,"href":"https:\/\/pronutec.gorlan.com\/en\/wp-json\/wp\/v2\/posts\/3386\/revisions"}],"predecessor-version":[{"id":3395,"href":"https:\/\/pronutec.gorlan.com\/en\/wp-json\/wp\/v2\/posts\/3386\/revisions\/3395"}],"wp:featuredmedia":[{"embeddable":true,"href":"https:\/\/pronutec.gorlan.com\/en\/wp-json\/wp\/v2\/media\/3387"}],"wp:attachment":[{"href":"https:\/\/pronutec.gorlan.com\/en\/wp-json\/wp\/v2\/media?parent=3386"}],"wp:term":[{"taxonomy":"category","embeddable":true,"href":"https:\/\/pronutec.gorlan.com\/en\/wp-json\/wp\/v2\/categories?post=3386"},{"taxonomy":"post_tag","embeddable":true,"href":"https:\/\/pronutec.gorlan.com\/en\/wp-json\/wp\/v2\/tags?post=3386"}],"curies":[{"name":"wp","href":"https:\/\/api.w.org\/{rel}","templated":true}]}}