{"id":3430,"date":"2019-12-02T10:37:00","date_gmt":"2019-12-02T10:37:00","guid":{"rendered":"https:\/\/www.thelastdock.es\/pronutec\/energaia-2019\/"},"modified":"2022-02-18T08:59:26","modified_gmt":"2022-02-18T08:59:26","slug":"energaia-2019","status":"publish","type":"post","link":"https:\/\/pronutec.gorlan.com\/en\/energaia-2019\/","title":{"rendered":"Energaia 2019, showcase for our photovoltaic products"},"content":{"rendered":"<p>We will attend the event\u00a0<a href=\"http:\/\/energaia.fr\/?lang=en\">Energaia Forum<\/a>\u00a0which will be on December 11<sup>th<\/sup>\u00a0and 12<sup>th<\/sup>\u00a0at the Exhibition Centre of Montpellier.<br \/>\nThis is one of the most important event related to renewable energy of Europe.<\/p>\n<p>Together with Telergon, we will show our offer for photovoltaic applications. Our\u00a0<a href=\"https:\/\/www.pronutec.com\/Pronutec\/Producto\/Bases-portafusibles-para-fusibles-tipo-NH\/Vertical-design-fuse-switches-for-800V-AC-applicat.aspx?lang=en-GB\">products for 800 V AC installations<\/a>\u00a0are the latest developments in this field.<\/p>\n<p>Would you like more information about this range of products? We will be glad to receive you at booth B2\/D43.<\/p>\n<p>Get your free ticket here:\u00a0<strong><a href=\"https:\/\/lnkd.in\/gDc4m2w\" target=\"_blank\" rel=\"noopener\">https:\/\/lnkd.in\/gDc4m2w<\/a><\/strong><br \/>\nWe will be waiting for you!<\/p>\n","protected":false},"excerpt":{"rendered":"Asistiremos al pr\u00f3ximo evento Energaia Forum que tendr\u00e1 lugar el 11 y 12 de Diciembre en el Exhibition Centre de Montpellier.","protected":false},"author":7,"featured_media":3431,"comment_status":"open","ping_status":"open","sticky":false,"template":"","format":"standard","meta":{"footnotes":""},"categories":[332,414],"tags":[],"acf":[],"yoast_head":"<!-- This site is optimized with the Yoast SEO Premium plugin v21.3 (Yoast SEO v22.5) - https:\/\/yoast.com\/wordpress\/plugins\/seo\/ -->\n<title>Energaia 2019, showcase for our photovoltaic products | Pronutec<\/title>\n<meta name=\"description\" content=\"Asistiremos al pr\u00f3ximo evento Energaia Forum que tendr\u00e1 lugar el 11 y 12 de Diciembre en el Exhibition Centre de Montpellier. Este es uno de los eventos sobre energ\u00edas renovables m\u00e1s importantes a nivel Europeo.\" \/>\n<meta name=\"robots\" content=\"index, follow, max-snippet:-1, max-image-preview:large, max-video-preview:-1\" \/>\n<link rel=\"canonical\" href=\"https:\/\/pronutec.gorlan.com\/en\/energaia-2019\/\" \/>\n<meta property=\"og:locale\" content=\"en_US\" \/>\n<meta property=\"og:type\" content=\"article\" \/>\n<meta property=\"og:title\" content=\"Energaia 2019, showcase for our photovoltaic products\" \/>\n<meta property=\"og:description\" content=\"Asistiremos al pr\u00f3ximo evento Energaia Forum que tendr\u00e1 lugar el 11 y 12 de Diciembre en el Exhibition Centre de Montpellier. Este es uno de los eventos sobre energ\u00edas renovables m\u00e1s importantes a nivel Europeo.\" \/>\n<meta property=\"og:url\" content=\"https:\/\/pronutec.gorlan.com\/en\/energaia-2019\/\" \/>\n<meta property=\"og:site_name\" content=\"Pronutec\" \/>\n<meta property=\"article:published_time\" content=\"2019-12-02T10:37:00+00:00\" \/>\n<meta property=\"article:modified_time\" content=\"2022-02-18T08:59:26+00:00\" \/>\n<meta property=\"og:image\" content=\"https:\/\/pronutec.gorlan.com\/wp-content\/uploads\/2021\/11\/GetFile-205.jpeg\" \/>\n\t<meta property=\"og:image:width\" content=\"400\" \/>\n\t<meta property=\"og:image:height\" content=\"200\" \/>\n\t<meta property=\"og:image:type\" content=\"image\/jpeg\" \/>\n<meta name=\"author\" content=\"Osviel Rodriguez\" \/>\n<meta name=\"twitter:card\" content=\"summary_large_image\" \/>\n<meta name=\"twitter:label1\" content=\"Written by\" \/>\n\t<meta name=\"twitter:data1\" content=\"Osviel Rodriguez\" \/>\n\t<meta name=\"twitter:label2\" content=\"Est. reading time\" \/>\n\t<meta name=\"twitter:data2\" content=\"1 minute\" \/>\n<script type=\"application\/ld+json\" class=\"yoast-schema-graph\">{\"@context\":\"https:\/\/schema.org\",\"@graph\":[{\"@type\":\"Article\",\"@id\":\"https:\/\/pronutec.gorlan.com\/en\/energaia-2019\/#article\",\"isPartOf\":{\"@id\":\"https:\/\/pronutec.gorlan.com\/en\/energaia-2019\/\"},\"author\":{\"name\":\"Osviel Rodriguez\",\"@id\":\"https:\/\/pronutec.gorlan.com\/#\/schema\/person\/ed72d169b1418a02ef8a48523baf9dab\"},\"headline\":\"Energaia 2019, showcase for our photovoltaic products\",\"datePublished\":\"2019-12-02T10:37:00+00:00\",\"dateModified\":\"2022-02-18T08:59:26+00:00\",\"mainEntityOfPage\":{\"@id\":\"https:\/\/pronutec.gorlan.com\/en\/energaia-2019\/\"},\"wordCount\":103,\"commentCount\":0,\"publisher\":{\"@id\":\"https:\/\/pronutec.gorlan.com\/#organization\"},\"image\":{\"@id\":\"https:\/\/pronutec.gorlan.com\/en\/energaia-2019\/#primaryimage\"},\"thumbnailUrl\":\"https:\/\/pronutec.gorlan.com\/wp-content\/uploads\/2021\/11\/GetFile-205.jpeg\",\"articleSection\":[\"Corporate\",\"Green Energy\"],\"inLanguage\":\"en-US\",\"potentialAction\":[{\"@type\":\"CommentAction\",\"name\":\"Comment\",\"target\":[\"https:\/\/pronutec.gorlan.com\/en\/energaia-2019\/#respond\"]}]},{\"@type\":\"WebPage\",\"@id\":\"https:\/\/pronutec.gorlan.com\/en\/energaia-2019\/\",\"url\":\"https:\/\/pronutec.gorlan.com\/en\/energaia-2019\/\",\"name\":\"Energaia 2019, showcase for our photovoltaic products | Pronutec\",\"isPartOf\":{\"@id\":\"https:\/\/pronutec.gorlan.com\/#website\"},\"primaryImageOfPage\":{\"@id\":\"https:\/\/pronutec.gorlan.com\/en\/energaia-2019\/#primaryimage\"},\"image\":{\"@id\":\"https:\/\/pronutec.gorlan.com\/en\/energaia-2019\/#primaryimage\"},\"thumbnailUrl\":\"https:\/\/pronutec.gorlan.com\/wp-content\/uploads\/2021\/11\/GetFile-205.jpeg\",\"datePublished\":\"2019-12-02T10:37:00+00:00\",\"dateModified\":\"2022-02-18T08:59:26+00:00\",\"description\":\"Asistiremos al pr\u00f3ximo evento Energaia Forum que tendr\u00e1 lugar el 11 y 12 de Diciembre en el Exhibition Centre de Montpellier. Este es uno de los eventos sobre energ\u00edas renovables m\u00e1s importantes a nivel Europeo.\",\"breadcrumb\":{\"@id\":\"https:\/\/pronutec.gorlan.com\/en\/energaia-2019\/#breadcrumb\"},\"inLanguage\":\"en-US\",\"potentialAction\":[{\"@type\":\"ReadAction\",\"target\":[\"https:\/\/pronutec.gorlan.com\/en\/energaia-2019\/\"]}]},{\"@type\":\"ImageObject\",\"inLanguage\":\"en-US\",\"@id\":\"https:\/\/pronutec.gorlan.com\/en\/energaia-2019\/#primaryimage\",\"url\":\"https:\/\/pronutec.gorlan.com\/wp-content\/uploads\/2021\/11\/GetFile-205.jpeg\",\"contentUrl\":\"https:\/\/pronutec.gorlan.com\/wp-content\/uploads\/2021\/11\/GetFile-205.jpeg\",\"width\":400,\"height\":200},{\"@type\":\"BreadcrumbList\",\"@id\":\"https:\/\/pronutec.gorlan.com\/en\/energaia-2019\/#breadcrumb\",\"itemListElement\":[{\"@type\":\"ListItem\",\"position\":1,\"name\":\"Inicio\",\"item\":\"https:\/\/pronutec.gorlan.com\/en\/\"},{\"@type\":\"ListItem\",\"position\":2,\"name\":\"Corporate\",\"item\":\"https:\/\/pronutec.gorlan.com\/category\/corporate\/?lang=en\"},{\"@type\":\"ListItem\",\"position\":3,\"name\":\"Energaia 2019, showcase for our photovoltaic products\"}]},{\"@type\":\"WebSite\",\"@id\":\"https:\/\/pronutec.gorlan.com\/#website\",\"url\":\"https:\/\/pronutec.gorlan.com\/\",\"name\":\"Pronutec\",\"description\":\"Pronutec, l\u00edderes en soluciones avanzadas, b\u00fasqueda y desarrollo de nuevos productos orientados al sector el\u00e9ctrico.\",\"publisher\":{\"@id\":\"https:\/\/pronutec.gorlan.com\/#organization\"},\"potentialAction\":[{\"@type\":\"SearchAction\",\"target\":{\"@type\":\"EntryPoint\",\"urlTemplate\":\"https:\/\/pronutec.gorlan.com\/?s={search_term_string}\"},\"query-input\":\"required name=search_term_string\"}],\"inLanguage\":\"en-US\"},{\"@type\":\"Organization\",\"@id\":\"https:\/\/pronutec.gorlan.com\/#organization\",\"name\":\"Pronutec\",\"url\":\"https:\/\/pronutec.gorlan.com\/\",\"logo\":{\"@type\":\"ImageObject\",\"inLanguage\":\"en-US\",\"@id\":\"https:\/\/pronutec.gorlan.com\/#\/schema\/logo\/image\/\",\"url\":\"https:\/\/pronutec.gorlan.com\/wp-content\/uploads\/2022\/02\/resultado_defecto.jpg\",\"contentUrl\":\"https:\/\/pronutec.gorlan.com\/wp-content\/uploads\/2022\/02\/resultado_defecto.jpg\",\"width\":944,\"height\":629,\"caption\":\"Pronutec\"},\"image\":{\"@id\":\"https:\/\/pronutec.gorlan.com\/#\/schema\/logo\/image\/\"}},{\"@type\":\"Person\",\"@id\":\"https:\/\/pronutec.gorlan.com\/#\/schema\/person\/ed72d169b1418a02ef8a48523baf9dab\",\"name\":\"Osviel Rodriguez\",\"url\":\"https:\/\/pronutec.gorlan.com\/en\/author\/osviel_inc4ue\/\"}]}<\/script>\n<!-- \/ Yoast SEO Premium plugin. -->","yoast_head_json":{"title":"Energaia 2019, showcase for our photovoltaic products | Pronutec","description":"Asistiremos al pr\u00f3ximo evento Energaia Forum que tendr\u00e1 lugar el 11 y 12 de Diciembre en el Exhibition Centre de Montpellier. Este es uno de los eventos sobre energ\u00edas renovables m\u00e1s importantes a nivel Europeo.","robots":{"index":"index","follow":"follow","max-snippet":"max-snippet:-1","max-image-preview":"max-image-preview:large","max-video-preview":"max-video-preview:-1"},"canonical":"https:\/\/pronutec.gorlan.com\/en\/energaia-2019\/","og_locale":"en_US","og_type":"article","og_title":"Energaia 2019, showcase for our photovoltaic products","og_description":"Asistiremos al pr\u00f3ximo evento Energaia Forum que tendr\u00e1 lugar el 11 y 12 de Diciembre en el Exhibition Centre de Montpellier. Este es uno de los eventos sobre energ\u00edas renovables m\u00e1s importantes a nivel Europeo.","og_url":"https:\/\/pronutec.gorlan.com\/en\/energaia-2019\/","og_site_name":"Pronutec","article_published_time":"2019-12-02T10:37:00+00:00","article_modified_time":"2022-02-18T08:59:26+00:00","og_image":[{"width":400,"height":200,"url":"https:\/\/pronutec.gorlan.com\/wp-content\/uploads\/2021\/11\/GetFile-205.jpeg","type":"image\/jpeg"}],"author":"Osviel Rodriguez","twitter_card":"summary_large_image","twitter_misc":{"Written by":"Osviel Rodriguez","Est. reading time":"1 minute"},"schema":{"@context":"https:\/\/schema.org","@graph":[{"@type":"Article","@id":"https:\/\/pronutec.gorlan.com\/en\/energaia-2019\/#article","isPartOf":{"@id":"https:\/\/pronutec.gorlan.com\/en\/energaia-2019\/"},"author":{"name":"Osviel Rodriguez","@id":"https:\/\/pronutec.gorlan.com\/#\/schema\/person\/ed72d169b1418a02ef8a48523baf9dab"},"headline":"Energaia 2019, showcase for our photovoltaic products","datePublished":"2019-12-02T10:37:00+00:00","dateModified":"2022-02-18T08:59:26+00:00","mainEntityOfPage":{"@id":"https:\/\/pronutec.gorlan.com\/en\/energaia-2019\/"},"wordCount":103,"commentCount":0,"publisher":{"@id":"https:\/\/pronutec.gorlan.com\/#organization"},"image":{"@id":"https:\/\/pronutec.gorlan.com\/en\/energaia-2019\/#primaryimage"},"thumbnailUrl":"https:\/\/pronutec.gorlan.com\/wp-content\/uploads\/2021\/11\/GetFile-205.jpeg","articleSection":["Corporate","Green Energy"],"inLanguage":"en-US","potentialAction":[{"@type":"CommentAction","name":"Comment","target":["https:\/\/pronutec.gorlan.com\/en\/energaia-2019\/#respond"]}]},{"@type":"WebPage","@id":"https:\/\/pronutec.gorlan.com\/en\/energaia-2019\/","url":"https:\/\/pronutec.gorlan.com\/en\/energaia-2019\/","name":"Energaia 2019, showcase for our photovoltaic products | Pronutec","isPartOf":{"@id":"https:\/\/pronutec.gorlan.com\/#website"},"primaryImageOfPage":{"@id":"https:\/\/pronutec.gorlan.com\/en\/energaia-2019\/#primaryimage"},"image":{"@id":"https:\/\/pronutec.gorlan.com\/en\/energaia-2019\/#primaryimage"},"thumbnailUrl":"https:\/\/pronutec.gorlan.com\/wp-content\/uploads\/2021\/11\/GetFile-205.jpeg","datePublished":"2019-12-02T10:37:00+00:00","dateModified":"2022-02-18T08:59:26+00:00","description":"Asistiremos al pr\u00f3ximo evento Energaia Forum que tendr\u00e1 lugar el 11 y 12 de Diciembre en el Exhibition Centre de Montpellier. Este es uno de los eventos sobre energ\u00edas renovables m\u00e1s importantes a nivel Europeo.","breadcrumb":{"@id":"https:\/\/pronutec.gorlan.com\/en\/energaia-2019\/#breadcrumb"},"inLanguage":"en-US","potentialAction":[{"@type":"ReadAction","target":["https:\/\/pronutec.gorlan.com\/en\/energaia-2019\/"]}]},{"@type":"ImageObject","inLanguage":"en-US","@id":"https:\/\/pronutec.gorlan.com\/en\/energaia-2019\/#primaryimage","url":"https:\/\/pronutec.gorlan.com\/wp-content\/uploads\/2021\/11\/GetFile-205.jpeg","contentUrl":"https:\/\/pronutec.gorlan.com\/wp-content\/uploads\/2021\/11\/GetFile-205.jpeg","width":400,"height":200},{"@type":"BreadcrumbList","@id":"https:\/\/pronutec.gorlan.com\/en\/energaia-2019\/#breadcrumb","itemListElement":[{"@type":"ListItem","position":1,"name":"Inicio","item":"https:\/\/pronutec.gorlan.com\/en\/"},{"@type":"ListItem","position":2,"name":"Corporate","item":"https:\/\/pronutec.gorlan.com\/category\/corporate\/?lang=en"},{"@type":"ListItem","position":3,"name":"Energaia 2019, showcase for our photovoltaic products"}]},{"@type":"WebSite","@id":"https:\/\/pronutec.gorlan.com\/#website","url":"https:\/\/pronutec.gorlan.com\/","name":"Pronutec","description":"Pronutec, l\u00edderes en soluciones avanzadas, b\u00fasqueda y desarrollo de nuevos productos orientados al sector el\u00e9ctrico.","publisher":{"@id":"https:\/\/pronutec.gorlan.com\/#organization"},"potentialAction":[{"@type":"SearchAction","target":{"@type":"EntryPoint","urlTemplate":"https:\/\/pronutec.gorlan.com\/?s={search_term_string}"},"query-input":"required name=search_term_string"}],"inLanguage":"en-US"},{"@type":"Organization","@id":"https:\/\/pronutec.gorlan.com\/#organization","name":"Pronutec","url":"https:\/\/pronutec.gorlan.com\/","logo":{"@type":"ImageObject","inLanguage":"en-US","@id":"https:\/\/pronutec.gorlan.com\/#\/schema\/logo\/image\/","url":"https:\/\/pronutec.gorlan.com\/wp-content\/uploads\/2022\/02\/resultado_defecto.jpg","contentUrl":"https:\/\/pronutec.gorlan.com\/wp-content\/uploads\/2022\/02\/resultado_defecto.jpg","width":944,"height":629,"caption":"Pronutec"},"image":{"@id":"https:\/\/pronutec.gorlan.com\/#\/schema\/logo\/image\/"}},{"@type":"Person","@id":"https:\/\/pronutec.gorlan.com\/#\/schema\/person\/ed72d169b1418a02ef8a48523baf9dab","name":"Osviel Rodriguez","url":"https:\/\/pronutec.gorlan.com\/en\/author\/osviel_inc4ue\/"}]}},"_links":{"self":[{"href":"https:\/\/pronutec.gorlan.com\/en\/wp-json\/wp\/v2\/posts\/3430"}],"collection":[{"href":"https:\/\/pronutec.gorlan.com\/en\/wp-json\/wp\/v2\/posts"}],"about":[{"href":"https:\/\/pronutec.gorlan.com\/en\/wp-json\/wp\/v2\/types\/post"}],"author":[{"embeddable":true,"href":"https:\/\/pronutec.gorlan.com\/en\/wp-json\/wp\/v2\/users\/7"}],"replies":[{"embeddable":true,"href":"https:\/\/pronutec.gorlan.com\/en\/wp-json\/wp\/v2\/comments?post=3430"}],"version-history":[{"count":3,"href":"https:\/\/pronutec.gorlan.com\/en\/wp-json\/wp\/v2\/posts\/3430\/revisions"}],"predecessor-version":[{"id":3436,"href":"https:\/\/pronutec.gorlan.com\/en\/wp-json\/wp\/v2\/posts\/3430\/revisions\/3436"}],"wp:featuredmedia":[{"embeddable":true,"href":"https:\/\/pronutec.gorlan.com\/en\/wp-json\/wp\/v2\/media\/3431"}],"wp:attachment":[{"href":"https:\/\/pronutec.gorlan.com\/en\/wp-json\/wp\/v2\/media?parent=3430"}],"wp:term":[{"taxonomy":"category","embeddable":true,"href":"https:\/\/pronutec.gorlan.com\/en\/wp-json\/wp\/v2\/categories?post=3430"},{"taxonomy":"post_tag","embeddable":true,"href":"https:\/\/pronutec.gorlan.com\/en\/wp-json\/wp\/v2\/tags?post=3430"}],"curies":[{"name":"wp","href":"https:\/\/api.w.org\/{rel}","templated":true}]}}