{"id":3443,"date":"2019-11-13T12:51:00","date_gmt":"2019-11-13T12:51:00","guid":{"rendered":"https:\/\/www.thelastdock.es\/pronutec\/european-utility-week-2019\/"},"modified":"2022-02-18T08:59:35","modified_gmt":"2022-02-18T08:59:35","slug":"european-utility-week-2019","status":"publish","type":"post","link":"https:\/\/pronutec.gorlan.com\/en\/european-utility-week-2019\/","title":{"rendered":"Pronutec at European Utility Week 2019"},"content":{"rendered":"<p>Pronutec, Merytronic and Ariadna will be present at\u00a0<a href=\"https:\/\/www.european-utility-week.com\/\">European Utility Week &amp; POWERGEN Europe 2019<\/a>, from the 12th to the 14th of November, at Paris Expo Porte de Versailles, in Paris, France.<\/p>\n<p>We will be very pleased to attend you at booth C43 and show all new features of our\u00a0<a href=\"https:\/\/www.pronutec.com\/Pronutec\/Producto\/Redes-Inteligentes.aspx\">LV global monitoring system<\/a>\u00a0and\u00a0<a href=\"https:\/\/www.pronutec.com\/Pronutec\/Producto\/Ariadna-instruments.aspx\">portable devices<\/a>.<\/p>\n<p>You can register as free visitor in the following link:<\/p>\n<p><a href=\"https:\/\/registration.n200.com\/survey\/1sa9f52n8p7v7?actioncode=WEB900\">https:\/\/registration.n200.com\/survey\/1sa9f52n8p7v7?actioncode=WEB900<\/a><\/p>\n<p>Best regards and see you soon.<\/p>\n","protected":false},"excerpt":{"rendered":"Pronutec will be present at European Utility Week 2019","protected":false},"author":7,"featured_media":3444,"comment_status":"open","ping_status":"open","sticky":false,"template":"","format":"standard","meta":{"footnotes":""},"categories":[332,404],"tags":[],"acf":[],"yoast_head":"<!-- This site is optimized with the Yoast SEO Premium plugin v21.3 (Yoast SEO v22.5) - https:\/\/yoast.com\/wordpress\/plugins\/seo\/ -->\n<title>Pronutec at European Utility Week 2019 | Pronutec<\/title>\n<meta name=\"description\" content=\"Pronutec, Merytronic and Ariadna estar\u00e1n presentes en\u00a0European Utility Week &amp; POWERGEN Europe 2019, del 12 al 14 de noviembre del 2019, en el Paris Expo Porte de Versalles, en Par\u00eds, Francia. Estaremos encantados de atenderles en el stand C43 y mostrarles todas las ventajas de nuestra soluci\u00f3n para el Sistema Global de Monitorizaci\u00f3n y los Equipos Port\u00e1tiles.\" \/>\n<meta name=\"robots\" content=\"index, follow, max-snippet:-1, max-image-preview:large, max-video-preview:-1\" \/>\n<link rel=\"canonical\" href=\"https:\/\/pronutec.gorlan.com\/en\/european-utility-week-2019\/\" \/>\n<meta property=\"og:locale\" content=\"en_US\" \/>\n<meta property=\"og:type\" content=\"article\" \/>\n<meta property=\"og:title\" content=\"Pronutec at European Utility Week 2019\" \/>\n<meta property=\"og:description\" content=\"Pronutec, Merytronic and Ariadna estar\u00e1n presentes en\u00a0European Utility Week &amp; POWERGEN Europe 2019, del 12 al 14 de noviembre del 2019, en el Paris Expo Porte de Versalles, en Par\u00eds, Francia. Estaremos encantados de atenderles en el stand C43 y mostrarles todas las ventajas de nuestra soluci\u00f3n para el Sistema Global de Monitorizaci\u00f3n y los Equipos Port\u00e1tiles.\" \/>\n<meta property=\"og:url\" content=\"https:\/\/pronutec.gorlan.com\/en\/european-utility-week-2019\/\" \/>\n<meta property=\"og:site_name\" content=\"Pronutec\" \/>\n<meta property=\"article:published_time\" content=\"2019-11-13T12:51:00+00:00\" \/>\n<meta property=\"article:modified_time\" content=\"2022-02-18T08:59:35+00:00\" \/>\n<meta property=\"og:image\" content=\"https:\/\/pronutec.gorlan.com\/wp-content\/uploads\/2021\/11\/GetFile-204.jpeg\" \/>\n\t<meta property=\"og:image:width\" content=\"400\" \/>\n\t<meta property=\"og:image:height\" content=\"200\" \/>\n\t<meta property=\"og:image:type\" content=\"image\/jpeg\" \/>\n<meta name=\"author\" content=\"Osviel Rodriguez\" \/>\n<meta name=\"twitter:card\" content=\"summary_large_image\" \/>\n<meta name=\"twitter:label1\" content=\"Written by\" \/>\n\t<meta name=\"twitter:data1\" content=\"Osviel Rodriguez\" \/>\n\t<meta name=\"twitter:label2\" content=\"Est. reading time\" \/>\n\t<meta name=\"twitter:data2\" content=\"1 minute\" \/>\n<script type=\"application\/ld+json\" class=\"yoast-schema-graph\">{\"@context\":\"https:\/\/schema.org\",\"@graph\":[{\"@type\":\"Article\",\"@id\":\"https:\/\/pronutec.gorlan.com\/en\/european-utility-week-2019\/#article\",\"isPartOf\":{\"@id\":\"https:\/\/pronutec.gorlan.com\/en\/european-utility-week-2019\/\"},\"author\":{\"name\":\"Osviel Rodriguez\",\"@id\":\"https:\/\/pronutec.gorlan.com\/#\/schema\/person\/ed72d169b1418a02ef8a48523baf9dab\"},\"headline\":\"Pronutec at European Utility Week 2019\",\"datePublished\":\"2019-11-13T12:51:00+00:00\",\"dateModified\":\"2022-02-18T08:59:35+00:00\",\"mainEntityOfPage\":{\"@id\":\"https:\/\/pronutec.gorlan.com\/en\/european-utility-week-2019\/\"},\"wordCount\":89,\"commentCount\":0,\"publisher\":{\"@id\":\"https:\/\/pronutec.gorlan.com\/#organization\"},\"image\":{\"@id\":\"https:\/\/pronutec.gorlan.com\/en\/european-utility-week-2019\/#primaryimage\"},\"thumbnailUrl\":\"https:\/\/pronutec.gorlan.com\/wp-content\/uploads\/2021\/11\/GetFile-204.jpeg\",\"articleSection\":[\"Corporate\",\"Power Distribution\"],\"inLanguage\":\"en-US\",\"potentialAction\":[{\"@type\":\"CommentAction\",\"name\":\"Comment\",\"target\":[\"https:\/\/pronutec.gorlan.com\/en\/european-utility-week-2019\/#respond\"]}]},{\"@type\":\"WebPage\",\"@id\":\"https:\/\/pronutec.gorlan.com\/en\/european-utility-week-2019\/\",\"url\":\"https:\/\/pronutec.gorlan.com\/en\/european-utility-week-2019\/\",\"name\":\"Pronutec at European Utility Week 2019 | Pronutec\",\"isPartOf\":{\"@id\":\"https:\/\/pronutec.gorlan.com\/#website\"},\"primaryImageOfPage\":{\"@id\":\"https:\/\/pronutec.gorlan.com\/en\/european-utility-week-2019\/#primaryimage\"},\"image\":{\"@id\":\"https:\/\/pronutec.gorlan.com\/en\/european-utility-week-2019\/#primaryimage\"},\"thumbnailUrl\":\"https:\/\/pronutec.gorlan.com\/wp-content\/uploads\/2021\/11\/GetFile-204.jpeg\",\"datePublished\":\"2019-11-13T12:51:00+00:00\",\"dateModified\":\"2022-02-18T08:59:35+00:00\",\"description\":\"Pronutec, Merytronic and Ariadna estar\u00e1n presentes en\u00a0European Utility Week & POWERGEN Europe 2019, del 12 al 14 de noviembre del 2019, en el Paris Expo Porte de Versalles, en Par\u00eds, Francia. Estaremos encantados de atenderles en el stand C43 y mostrarles todas las ventajas de nuestra soluci\u00f3n para el Sistema Global de Monitorizaci\u00f3n y los Equipos Port\u00e1tiles.\",\"breadcrumb\":{\"@id\":\"https:\/\/pronutec.gorlan.com\/en\/european-utility-week-2019\/#breadcrumb\"},\"inLanguage\":\"en-US\",\"potentialAction\":[{\"@type\":\"ReadAction\",\"target\":[\"https:\/\/pronutec.gorlan.com\/en\/european-utility-week-2019\/\"]}]},{\"@type\":\"ImageObject\",\"inLanguage\":\"en-US\",\"@id\":\"https:\/\/pronutec.gorlan.com\/en\/european-utility-week-2019\/#primaryimage\",\"url\":\"https:\/\/pronutec.gorlan.com\/wp-content\/uploads\/2021\/11\/GetFile-204.jpeg\",\"contentUrl\":\"https:\/\/pronutec.gorlan.com\/wp-content\/uploads\/2021\/11\/GetFile-204.jpeg\",\"width\":400,\"height\":200},{\"@type\":\"BreadcrumbList\",\"@id\":\"https:\/\/pronutec.gorlan.com\/en\/european-utility-week-2019\/#breadcrumb\",\"itemListElement\":[{\"@type\":\"ListItem\",\"position\":1,\"name\":\"Inicio\",\"item\":\"https:\/\/pronutec.gorlan.com\/en\/\"},{\"@type\":\"ListItem\",\"position\":2,\"name\":\"Corporate\",\"item\":\"https:\/\/pronutec.gorlan.com\/category\/corporate\/?lang=en\"},{\"@type\":\"ListItem\",\"position\":3,\"name\":\"Pronutec at European Utility Week 2019\"}]},{\"@type\":\"WebSite\",\"@id\":\"https:\/\/pronutec.gorlan.com\/#website\",\"url\":\"https:\/\/pronutec.gorlan.com\/\",\"name\":\"Pronutec\",\"description\":\"Pronutec, l\u00edderes en soluciones avanzadas, b\u00fasqueda y desarrollo de nuevos productos orientados al sector el\u00e9ctrico.\",\"publisher\":{\"@id\":\"https:\/\/pronutec.gorlan.com\/#organization\"},\"potentialAction\":[{\"@type\":\"SearchAction\",\"target\":{\"@type\":\"EntryPoint\",\"urlTemplate\":\"https:\/\/pronutec.gorlan.com\/?s={search_term_string}\"},\"query-input\":\"required name=search_term_string\"}],\"inLanguage\":\"en-US\"},{\"@type\":\"Organization\",\"@id\":\"https:\/\/pronutec.gorlan.com\/#organization\",\"name\":\"Pronutec\",\"url\":\"https:\/\/pronutec.gorlan.com\/\",\"logo\":{\"@type\":\"ImageObject\",\"inLanguage\":\"en-US\",\"@id\":\"https:\/\/pronutec.gorlan.com\/#\/schema\/logo\/image\/\",\"url\":\"https:\/\/pronutec.gorlan.com\/wp-content\/uploads\/2022\/02\/resultado_defecto.jpg\",\"contentUrl\":\"https:\/\/pronutec.gorlan.com\/wp-content\/uploads\/2022\/02\/resultado_defecto.jpg\",\"width\":944,\"height\":629,\"caption\":\"Pronutec\"},\"image\":{\"@id\":\"https:\/\/pronutec.gorlan.com\/#\/schema\/logo\/image\/\"}},{\"@type\":\"Person\",\"@id\":\"https:\/\/pronutec.gorlan.com\/#\/schema\/person\/ed72d169b1418a02ef8a48523baf9dab\",\"name\":\"Osviel Rodriguez\",\"url\":\"https:\/\/pronutec.gorlan.com\/en\/author\/osviel_inc4ue\/\"}]}<\/script>\n<!-- \/ Yoast SEO Premium plugin. -->","yoast_head_json":{"title":"Pronutec at European Utility Week 2019 | Pronutec","description":"Pronutec, Merytronic and Ariadna estar\u00e1n presentes en\u00a0European Utility Week & POWERGEN Europe 2019, del 12 al 14 de noviembre del 2019, en el Paris Expo Porte de Versalles, en Par\u00eds, Francia. Estaremos encantados de atenderles en el stand C43 y mostrarles todas las ventajas de nuestra soluci\u00f3n para el Sistema Global de Monitorizaci\u00f3n y los Equipos Port\u00e1tiles.","robots":{"index":"index","follow":"follow","max-snippet":"max-snippet:-1","max-image-preview":"max-image-preview:large","max-video-preview":"max-video-preview:-1"},"canonical":"https:\/\/pronutec.gorlan.com\/en\/european-utility-week-2019\/","og_locale":"en_US","og_type":"article","og_title":"Pronutec at European Utility Week 2019","og_description":"Pronutec, Merytronic and Ariadna estar\u00e1n presentes en\u00a0European Utility Week & POWERGEN Europe 2019, del 12 al 14 de noviembre del 2019, en el Paris Expo Porte de Versalles, en Par\u00eds, Francia. Estaremos encantados de atenderles en el stand C43 y mostrarles todas las ventajas de nuestra soluci\u00f3n para el Sistema Global de Monitorizaci\u00f3n y los Equipos Port\u00e1tiles.","og_url":"https:\/\/pronutec.gorlan.com\/en\/european-utility-week-2019\/","og_site_name":"Pronutec","article_published_time":"2019-11-13T12:51:00+00:00","article_modified_time":"2022-02-18T08:59:35+00:00","og_image":[{"width":400,"height":200,"url":"https:\/\/pronutec.gorlan.com\/wp-content\/uploads\/2021\/11\/GetFile-204.jpeg","type":"image\/jpeg"}],"author":"Osviel Rodriguez","twitter_card":"summary_large_image","twitter_misc":{"Written by":"Osviel Rodriguez","Est. reading time":"1 minute"},"schema":{"@context":"https:\/\/schema.org","@graph":[{"@type":"Article","@id":"https:\/\/pronutec.gorlan.com\/en\/european-utility-week-2019\/#article","isPartOf":{"@id":"https:\/\/pronutec.gorlan.com\/en\/european-utility-week-2019\/"},"author":{"name":"Osviel Rodriguez","@id":"https:\/\/pronutec.gorlan.com\/#\/schema\/person\/ed72d169b1418a02ef8a48523baf9dab"},"headline":"Pronutec at European Utility Week 2019","datePublished":"2019-11-13T12:51:00+00:00","dateModified":"2022-02-18T08:59:35+00:00","mainEntityOfPage":{"@id":"https:\/\/pronutec.gorlan.com\/en\/european-utility-week-2019\/"},"wordCount":89,"commentCount":0,"publisher":{"@id":"https:\/\/pronutec.gorlan.com\/#organization"},"image":{"@id":"https:\/\/pronutec.gorlan.com\/en\/european-utility-week-2019\/#primaryimage"},"thumbnailUrl":"https:\/\/pronutec.gorlan.com\/wp-content\/uploads\/2021\/11\/GetFile-204.jpeg","articleSection":["Corporate","Power Distribution"],"inLanguage":"en-US","potentialAction":[{"@type":"CommentAction","name":"Comment","target":["https:\/\/pronutec.gorlan.com\/en\/european-utility-week-2019\/#respond"]}]},{"@type":"WebPage","@id":"https:\/\/pronutec.gorlan.com\/en\/european-utility-week-2019\/","url":"https:\/\/pronutec.gorlan.com\/en\/european-utility-week-2019\/","name":"Pronutec at European Utility Week 2019 | Pronutec","isPartOf":{"@id":"https:\/\/pronutec.gorlan.com\/#website"},"primaryImageOfPage":{"@id":"https:\/\/pronutec.gorlan.com\/en\/european-utility-week-2019\/#primaryimage"},"image":{"@id":"https:\/\/pronutec.gorlan.com\/en\/european-utility-week-2019\/#primaryimage"},"thumbnailUrl":"https:\/\/pronutec.gorlan.com\/wp-content\/uploads\/2021\/11\/GetFile-204.jpeg","datePublished":"2019-11-13T12:51:00+00:00","dateModified":"2022-02-18T08:59:35+00:00","description":"Pronutec, Merytronic and Ariadna estar\u00e1n presentes en\u00a0European Utility Week & POWERGEN Europe 2019, del 12 al 14 de noviembre del 2019, en el Paris Expo Porte de Versalles, en Par\u00eds, Francia. Estaremos encantados de atenderles en el stand C43 y mostrarles todas las ventajas de nuestra soluci\u00f3n para el Sistema Global de Monitorizaci\u00f3n y los Equipos Port\u00e1tiles.","breadcrumb":{"@id":"https:\/\/pronutec.gorlan.com\/en\/european-utility-week-2019\/#breadcrumb"},"inLanguage":"en-US","potentialAction":[{"@type":"ReadAction","target":["https:\/\/pronutec.gorlan.com\/en\/european-utility-week-2019\/"]}]},{"@type":"ImageObject","inLanguage":"en-US","@id":"https:\/\/pronutec.gorlan.com\/en\/european-utility-week-2019\/#primaryimage","url":"https:\/\/pronutec.gorlan.com\/wp-content\/uploads\/2021\/11\/GetFile-204.jpeg","contentUrl":"https:\/\/pronutec.gorlan.com\/wp-content\/uploads\/2021\/11\/GetFile-204.jpeg","width":400,"height":200},{"@type":"BreadcrumbList","@id":"https:\/\/pronutec.gorlan.com\/en\/european-utility-week-2019\/#breadcrumb","itemListElement":[{"@type":"ListItem","position":1,"name":"Inicio","item":"https:\/\/pronutec.gorlan.com\/en\/"},{"@type":"ListItem","position":2,"name":"Corporate","item":"https:\/\/pronutec.gorlan.com\/category\/corporate\/?lang=en"},{"@type":"ListItem","position":3,"name":"Pronutec at European Utility Week 2019"}]},{"@type":"WebSite","@id":"https:\/\/pronutec.gorlan.com\/#website","url":"https:\/\/pronutec.gorlan.com\/","name":"Pronutec","description":"Pronutec, l\u00edderes en soluciones avanzadas, b\u00fasqueda y desarrollo de nuevos productos orientados al sector el\u00e9ctrico.","publisher":{"@id":"https:\/\/pronutec.gorlan.com\/#organization"},"potentialAction":[{"@type":"SearchAction","target":{"@type":"EntryPoint","urlTemplate":"https:\/\/pronutec.gorlan.com\/?s={search_term_string}"},"query-input":"required name=search_term_string"}],"inLanguage":"en-US"},{"@type":"Organization","@id":"https:\/\/pronutec.gorlan.com\/#organization","name":"Pronutec","url":"https:\/\/pronutec.gorlan.com\/","logo":{"@type":"ImageObject","inLanguage":"en-US","@id":"https:\/\/pronutec.gorlan.com\/#\/schema\/logo\/image\/","url":"https:\/\/pronutec.gorlan.com\/wp-content\/uploads\/2022\/02\/resultado_defecto.jpg","contentUrl":"https:\/\/pronutec.gorlan.com\/wp-content\/uploads\/2022\/02\/resultado_defecto.jpg","width":944,"height":629,"caption":"Pronutec"},"image":{"@id":"https:\/\/pronutec.gorlan.com\/#\/schema\/logo\/image\/"}},{"@type":"Person","@id":"https:\/\/pronutec.gorlan.com\/#\/schema\/person\/ed72d169b1418a02ef8a48523baf9dab","name":"Osviel Rodriguez","url":"https:\/\/pronutec.gorlan.com\/en\/author\/osviel_inc4ue\/"}]}},"_links":{"self":[{"href":"https:\/\/pronutec.gorlan.com\/en\/wp-json\/wp\/v2\/posts\/3443"}],"collection":[{"href":"https:\/\/pronutec.gorlan.com\/en\/wp-json\/wp\/v2\/posts"}],"about":[{"href":"https:\/\/pronutec.gorlan.com\/en\/wp-json\/wp\/v2\/types\/post"}],"author":[{"embeddable":true,"href":"https:\/\/pronutec.gorlan.com\/en\/wp-json\/wp\/v2\/users\/7"}],"replies":[{"embeddable":true,"href":"https:\/\/pronutec.gorlan.com\/en\/wp-json\/wp\/v2\/comments?post=3443"}],"version-history":[{"count":1,"href":"https:\/\/pronutec.gorlan.com\/en\/wp-json\/wp\/v2\/posts\/3443\/revisions"}],"predecessor-version":[{"id":3445,"href":"https:\/\/pronutec.gorlan.com\/en\/wp-json\/wp\/v2\/posts\/3443\/revisions\/3445"}],"wp:featuredmedia":[{"embeddable":true,"href":"https:\/\/pronutec.gorlan.com\/en\/wp-json\/wp\/v2\/media\/3444"}],"wp:attachment":[{"href":"https:\/\/pronutec.gorlan.com\/en\/wp-json\/wp\/v2\/media?parent=3443"}],"wp:term":[{"taxonomy":"category","embeddable":true,"href":"https:\/\/pronutec.gorlan.com\/en\/wp-json\/wp\/v2\/categories?post=3443"},{"taxonomy":"post_tag","embeddable":true,"href":"https:\/\/pronutec.gorlan.com\/en\/wp-json\/wp\/v2\/tags?post=3443"}],"curies":[{"name":"wp","href":"https:\/\/api.w.org\/{rel}","templated":true}]}}