{"id":3446,"date":"2019-08-13T09:49:00","date_gmt":"2019-08-13T09:49:00","guid":{"rendered":"https:\/\/www.thelastdock.es\/pronutec\/se-acerca-energetab-2019-este-ano-del-17-al-19-de\/"},"modified":"2022-02-18T08:59:52","modified_gmt":"2022-02-18T08:59:52","slug":"se-acerca-energetab-2019-este-ano-del-17-al-19-de","status":"publish","type":"post","link":"https:\/\/pronutec.gorlan.com\/en\/se-acerca-energetab-2019-este-ano-del-17-al-19-de\/","title":{"rendered":"Energetab 2019 is coming!"},"content":{"rendered":"<p><strong>Pronutec<\/strong>\u00a0will be once more in\u00a0<strong>Energetab<\/strong>, the largest trade fair for power industry that exists in Poland and so it is one of the most important meeting points of the leading representatives of the power sector. This year, the exhibition is taking place from\u00a0<strong>September 17 to 19<\/strong>, and as always, at\u00a0<strong>Bielsko Biala, Poland<\/strong>.<\/p>\n<p>With a\u00a0<strong>stand of 31 m2<\/strong>, we will show you the most important products, such as our\u00a0<strong>TRIVER+<\/strong>\u00a0vertical design fuse rails and fuse switches,\u00a0<strong>horizontal fuse switch disconnectors<\/strong>\u00a0and our\u00a0<strong>new solutions regarding connectivity<\/strong>\u00a0in the Smart Grids and the\u00a0<strong>IP20<\/strong>\u00a0protected busbar system.<\/p>\n<p><strong>Telergon and Merytronic<\/strong>\u00a0will also exhibit their\u00a0<strong>latest innovations<\/strong>\u00a0in the stand.<\/p>\n<p>You can register now at\u00a0<strong><a href=\"http:\/\/energetab.pl\/registration-on-line\/?lang=en\">Energetab<\/a><\/strong>\u00a0to\u00a0<strong>get your visitor accreditation<\/strong>.<\/p>\n<p><strong>See you at STAND J36!<\/strong><\/p>\n","protected":false},"excerpt":{"rendered":"Pronutec estar\u00e1 otro a\u00f1o m\u00e1s en la feria m\u00e1s importante del sector el\u00e9ctrico en Polonia, donde se reunir\u00e1n los principales representantes del sector de la energ\u00eda. Este a\u00f1o la feria tendr\u00e1 lugar del 17 al 19 de Septiembre, y como siempre, en Bielsko-Biala, Polonia.","protected":false},"author":7,"featured_media":3447,"comment_status":"open","ping_status":"open","sticky":false,"template":"","format":"standard","meta":{"footnotes":""},"categories":[332,403,404],"tags":[],"acf":[],"yoast_head":"<!-- This site is optimized with the Yoast SEO Premium plugin v21.3 (Yoast SEO v22.5) - https:\/\/yoast.com\/wordpress\/plugins\/seo\/ -->\n<title>Energetab 2019 is coming! | Pronutec<\/title>\n<meta name=\"description\" content=\"Pronutec estar\u00e1 otro a\u00f1o m\u00e1s en la feria m\u00e1s importante del sector el\u00e9ctrico en Polonia, donde se reunir\u00e1n los principales representantes del sector de la energ\u00eda. Este a\u00f1o la feria tendr\u00e1 lugar del 17 al 19 de Septiembre, y como siempre, en Bielsko-Biala, Polonia.\" \/>\n<meta name=\"robots\" content=\"index, follow, max-snippet:-1, max-image-preview:large, max-video-preview:-1\" \/>\n<link rel=\"canonical\" href=\"https:\/\/pronutec.gorlan.com\/en\/se-acerca-energetab-2019-este-ano-del-17-al-19-de\/\" \/>\n<meta property=\"og:locale\" content=\"en_US\" \/>\n<meta property=\"og:type\" content=\"article\" \/>\n<meta property=\"og:title\" content=\"Energetab 2019 is coming!\" \/>\n<meta property=\"og:description\" content=\"Pronutec estar\u00e1 otro a\u00f1o m\u00e1s en la feria m\u00e1s importante del sector el\u00e9ctrico en Polonia, donde se reunir\u00e1n los principales representantes del sector de la energ\u00eda. Este a\u00f1o la feria tendr\u00e1 lugar del 17 al 19 de Septiembre, y como siempre, en Bielsko-Biala, Polonia.\" \/>\n<meta property=\"og:url\" content=\"https:\/\/pronutec.gorlan.com\/en\/se-acerca-energetab-2019-este-ano-del-17-al-19-de\/\" \/>\n<meta property=\"og:site_name\" content=\"Pronutec\" \/>\n<meta property=\"article:published_time\" content=\"2019-08-13T09:49:00+00:00\" \/>\n<meta property=\"article:modified_time\" content=\"2022-02-18T08:59:52+00:00\" \/>\n<meta property=\"og:image\" content=\"https:\/\/pronutec.gorlan.com\/wp-content\/uploads\/2021\/11\/GetFile-203.jpeg\" \/>\n\t<meta property=\"og:image:width\" content=\"400\" \/>\n\t<meta property=\"og:image:height\" content=\"200\" \/>\n\t<meta property=\"og:image:type\" content=\"image\/jpeg\" \/>\n<meta name=\"author\" content=\"Osviel Rodriguez\" \/>\n<meta name=\"twitter:card\" content=\"summary_large_image\" \/>\n<meta name=\"twitter:label1\" content=\"Written by\" \/>\n\t<meta name=\"twitter:data1\" content=\"Osviel Rodriguez\" \/>\n\t<meta name=\"twitter:label2\" content=\"Est. reading time\" \/>\n\t<meta name=\"twitter:data2\" content=\"1 minute\" \/>\n<script type=\"application\/ld+json\" class=\"yoast-schema-graph\">{\"@context\":\"https:\/\/schema.org\",\"@graph\":[{\"@type\":\"Article\",\"@id\":\"https:\/\/pronutec.gorlan.com\/en\/se-acerca-energetab-2019-este-ano-del-17-al-19-de\/#article\",\"isPartOf\":{\"@id\":\"https:\/\/pronutec.gorlan.com\/en\/se-acerca-energetab-2019-este-ano-del-17-al-19-de\/\"},\"author\":{\"name\":\"Osviel Rodriguez\",\"@id\":\"https:\/\/pronutec.gorlan.com\/#\/schema\/person\/ed72d169b1418a02ef8a48523baf9dab\"},\"headline\":\"Energetab 2019 is coming!\",\"datePublished\":\"2019-08-13T09:49:00+00:00\",\"dateModified\":\"2022-02-18T08:59:52+00:00\",\"mainEntityOfPage\":{\"@id\":\"https:\/\/pronutec.gorlan.com\/en\/se-acerca-energetab-2019-este-ano-del-17-al-19-de\/\"},\"wordCount\":129,\"commentCount\":0,\"publisher\":{\"@id\":\"https:\/\/pronutec.gorlan.com\/#organization\"},\"image\":{\"@id\":\"https:\/\/pronutec.gorlan.com\/en\/se-acerca-energetab-2019-este-ano-del-17-al-19-de\/#primaryimage\"},\"thumbnailUrl\":\"https:\/\/pronutec.gorlan.com\/wp-content\/uploads\/2021\/11\/GetFile-203.jpeg\",\"articleSection\":[\"Corporate\",\"Industrial applications\",\"Power Distribution\"],\"inLanguage\":\"en-US\",\"potentialAction\":[{\"@type\":\"CommentAction\",\"name\":\"Comment\",\"target\":[\"https:\/\/pronutec.gorlan.com\/en\/se-acerca-energetab-2019-este-ano-del-17-al-19-de\/#respond\"]}]},{\"@type\":\"WebPage\",\"@id\":\"https:\/\/pronutec.gorlan.com\/en\/se-acerca-energetab-2019-este-ano-del-17-al-19-de\/\",\"url\":\"https:\/\/pronutec.gorlan.com\/en\/se-acerca-energetab-2019-este-ano-del-17-al-19-de\/\",\"name\":\"Energetab 2019 is coming! | Pronutec\",\"isPartOf\":{\"@id\":\"https:\/\/pronutec.gorlan.com\/#website\"},\"primaryImageOfPage\":{\"@id\":\"https:\/\/pronutec.gorlan.com\/en\/se-acerca-energetab-2019-este-ano-del-17-al-19-de\/#primaryimage\"},\"image\":{\"@id\":\"https:\/\/pronutec.gorlan.com\/en\/se-acerca-energetab-2019-este-ano-del-17-al-19-de\/#primaryimage\"},\"thumbnailUrl\":\"https:\/\/pronutec.gorlan.com\/wp-content\/uploads\/2021\/11\/GetFile-203.jpeg\",\"datePublished\":\"2019-08-13T09:49:00+00:00\",\"dateModified\":\"2022-02-18T08:59:52+00:00\",\"description\":\"Pronutec estar\u00e1 otro a\u00f1o m\u00e1s en la feria m\u00e1s importante del sector el\u00e9ctrico en Polonia, donde se reunir\u00e1n los principales representantes del sector de la energ\u00eda. Este a\u00f1o la feria tendr\u00e1 lugar del 17 al 19 de Septiembre, y como siempre, en Bielsko-Biala, Polonia.\",\"breadcrumb\":{\"@id\":\"https:\/\/pronutec.gorlan.com\/en\/se-acerca-energetab-2019-este-ano-del-17-al-19-de\/#breadcrumb\"},\"inLanguage\":\"en-US\",\"potentialAction\":[{\"@type\":\"ReadAction\",\"target\":[\"https:\/\/pronutec.gorlan.com\/en\/se-acerca-energetab-2019-este-ano-del-17-al-19-de\/\"]}]},{\"@type\":\"ImageObject\",\"inLanguage\":\"en-US\",\"@id\":\"https:\/\/pronutec.gorlan.com\/en\/se-acerca-energetab-2019-este-ano-del-17-al-19-de\/#primaryimage\",\"url\":\"https:\/\/pronutec.gorlan.com\/wp-content\/uploads\/2021\/11\/GetFile-203.jpeg\",\"contentUrl\":\"https:\/\/pronutec.gorlan.com\/wp-content\/uploads\/2021\/11\/GetFile-203.jpeg\",\"width\":400,\"height\":200},{\"@type\":\"BreadcrumbList\",\"@id\":\"https:\/\/pronutec.gorlan.com\/en\/se-acerca-energetab-2019-este-ano-del-17-al-19-de\/#breadcrumb\",\"itemListElement\":[{\"@type\":\"ListItem\",\"position\":1,\"name\":\"Inicio\",\"item\":\"https:\/\/pronutec.gorlan.com\/en\/\"},{\"@type\":\"ListItem\",\"position\":2,\"name\":\"Corporate\",\"item\":\"https:\/\/pronutec.gorlan.com\/category\/corporate\/?lang=en\"},{\"@type\":\"ListItem\",\"position\":3,\"name\":\"Energetab 2019 is coming!\"}]},{\"@type\":\"WebSite\",\"@id\":\"https:\/\/pronutec.gorlan.com\/#website\",\"url\":\"https:\/\/pronutec.gorlan.com\/\",\"name\":\"Pronutec\",\"description\":\"Pronutec, l\u00edderes en soluciones avanzadas, b\u00fasqueda y desarrollo de nuevos productos orientados al sector el\u00e9ctrico.\",\"publisher\":{\"@id\":\"https:\/\/pronutec.gorlan.com\/#organization\"},\"potentialAction\":[{\"@type\":\"SearchAction\",\"target\":{\"@type\":\"EntryPoint\",\"urlTemplate\":\"https:\/\/pronutec.gorlan.com\/?s={search_term_string}\"},\"query-input\":\"required name=search_term_string\"}],\"inLanguage\":\"en-US\"},{\"@type\":\"Organization\",\"@id\":\"https:\/\/pronutec.gorlan.com\/#organization\",\"name\":\"Pronutec\",\"url\":\"https:\/\/pronutec.gorlan.com\/\",\"logo\":{\"@type\":\"ImageObject\",\"inLanguage\":\"en-US\",\"@id\":\"https:\/\/pronutec.gorlan.com\/#\/schema\/logo\/image\/\",\"url\":\"https:\/\/pronutec.gorlan.com\/wp-content\/uploads\/2022\/02\/resultado_defecto.jpg\",\"contentUrl\":\"https:\/\/pronutec.gorlan.com\/wp-content\/uploads\/2022\/02\/resultado_defecto.jpg\",\"width\":944,\"height\":629,\"caption\":\"Pronutec\"},\"image\":{\"@id\":\"https:\/\/pronutec.gorlan.com\/#\/schema\/logo\/image\/\"}},{\"@type\":\"Person\",\"@id\":\"https:\/\/pronutec.gorlan.com\/#\/schema\/person\/ed72d169b1418a02ef8a48523baf9dab\",\"name\":\"Osviel Rodriguez\",\"url\":\"https:\/\/pronutec.gorlan.com\/en\/author\/osviel_inc4ue\/\"}]}<\/script>\n<!-- \/ Yoast SEO Premium plugin. -->","yoast_head_json":{"title":"Energetab 2019 is coming! | Pronutec","description":"Pronutec estar\u00e1 otro a\u00f1o m\u00e1s en la feria m\u00e1s importante del sector el\u00e9ctrico en Polonia, donde se reunir\u00e1n los principales representantes del sector de la energ\u00eda. Este a\u00f1o la feria tendr\u00e1 lugar del 17 al 19 de Septiembre, y como siempre, en Bielsko-Biala, Polonia.","robots":{"index":"index","follow":"follow","max-snippet":"max-snippet:-1","max-image-preview":"max-image-preview:large","max-video-preview":"max-video-preview:-1"},"canonical":"https:\/\/pronutec.gorlan.com\/en\/se-acerca-energetab-2019-este-ano-del-17-al-19-de\/","og_locale":"en_US","og_type":"article","og_title":"Energetab 2019 is coming!","og_description":"Pronutec estar\u00e1 otro a\u00f1o m\u00e1s en la feria m\u00e1s importante del sector el\u00e9ctrico en Polonia, donde se reunir\u00e1n los principales representantes del sector de la energ\u00eda. Este a\u00f1o la feria tendr\u00e1 lugar del 17 al 19 de Septiembre, y como siempre, en Bielsko-Biala, Polonia.","og_url":"https:\/\/pronutec.gorlan.com\/en\/se-acerca-energetab-2019-este-ano-del-17-al-19-de\/","og_site_name":"Pronutec","article_published_time":"2019-08-13T09:49:00+00:00","article_modified_time":"2022-02-18T08:59:52+00:00","og_image":[{"width":400,"height":200,"url":"https:\/\/pronutec.gorlan.com\/wp-content\/uploads\/2021\/11\/GetFile-203.jpeg","type":"image\/jpeg"}],"author":"Osviel Rodriguez","twitter_card":"summary_large_image","twitter_misc":{"Written by":"Osviel Rodriguez","Est. reading time":"1 minute"},"schema":{"@context":"https:\/\/schema.org","@graph":[{"@type":"Article","@id":"https:\/\/pronutec.gorlan.com\/en\/se-acerca-energetab-2019-este-ano-del-17-al-19-de\/#article","isPartOf":{"@id":"https:\/\/pronutec.gorlan.com\/en\/se-acerca-energetab-2019-este-ano-del-17-al-19-de\/"},"author":{"name":"Osviel Rodriguez","@id":"https:\/\/pronutec.gorlan.com\/#\/schema\/person\/ed72d169b1418a02ef8a48523baf9dab"},"headline":"Energetab 2019 is coming!","datePublished":"2019-08-13T09:49:00+00:00","dateModified":"2022-02-18T08:59:52+00:00","mainEntityOfPage":{"@id":"https:\/\/pronutec.gorlan.com\/en\/se-acerca-energetab-2019-este-ano-del-17-al-19-de\/"},"wordCount":129,"commentCount":0,"publisher":{"@id":"https:\/\/pronutec.gorlan.com\/#organization"},"image":{"@id":"https:\/\/pronutec.gorlan.com\/en\/se-acerca-energetab-2019-este-ano-del-17-al-19-de\/#primaryimage"},"thumbnailUrl":"https:\/\/pronutec.gorlan.com\/wp-content\/uploads\/2021\/11\/GetFile-203.jpeg","articleSection":["Corporate","Industrial applications","Power Distribution"],"inLanguage":"en-US","potentialAction":[{"@type":"CommentAction","name":"Comment","target":["https:\/\/pronutec.gorlan.com\/en\/se-acerca-energetab-2019-este-ano-del-17-al-19-de\/#respond"]}]},{"@type":"WebPage","@id":"https:\/\/pronutec.gorlan.com\/en\/se-acerca-energetab-2019-este-ano-del-17-al-19-de\/","url":"https:\/\/pronutec.gorlan.com\/en\/se-acerca-energetab-2019-este-ano-del-17-al-19-de\/","name":"Energetab 2019 is coming! | Pronutec","isPartOf":{"@id":"https:\/\/pronutec.gorlan.com\/#website"},"primaryImageOfPage":{"@id":"https:\/\/pronutec.gorlan.com\/en\/se-acerca-energetab-2019-este-ano-del-17-al-19-de\/#primaryimage"},"image":{"@id":"https:\/\/pronutec.gorlan.com\/en\/se-acerca-energetab-2019-este-ano-del-17-al-19-de\/#primaryimage"},"thumbnailUrl":"https:\/\/pronutec.gorlan.com\/wp-content\/uploads\/2021\/11\/GetFile-203.jpeg","datePublished":"2019-08-13T09:49:00+00:00","dateModified":"2022-02-18T08:59:52+00:00","description":"Pronutec estar\u00e1 otro a\u00f1o m\u00e1s en la feria m\u00e1s importante del sector el\u00e9ctrico en Polonia, donde se reunir\u00e1n los principales representantes del sector de la energ\u00eda. Este a\u00f1o la feria tendr\u00e1 lugar del 17 al 19 de Septiembre, y como siempre, en Bielsko-Biala, Polonia.","breadcrumb":{"@id":"https:\/\/pronutec.gorlan.com\/en\/se-acerca-energetab-2019-este-ano-del-17-al-19-de\/#breadcrumb"},"inLanguage":"en-US","potentialAction":[{"@type":"ReadAction","target":["https:\/\/pronutec.gorlan.com\/en\/se-acerca-energetab-2019-este-ano-del-17-al-19-de\/"]}]},{"@type":"ImageObject","inLanguage":"en-US","@id":"https:\/\/pronutec.gorlan.com\/en\/se-acerca-energetab-2019-este-ano-del-17-al-19-de\/#primaryimage","url":"https:\/\/pronutec.gorlan.com\/wp-content\/uploads\/2021\/11\/GetFile-203.jpeg","contentUrl":"https:\/\/pronutec.gorlan.com\/wp-content\/uploads\/2021\/11\/GetFile-203.jpeg","width":400,"height":200},{"@type":"BreadcrumbList","@id":"https:\/\/pronutec.gorlan.com\/en\/se-acerca-energetab-2019-este-ano-del-17-al-19-de\/#breadcrumb","itemListElement":[{"@type":"ListItem","position":1,"name":"Inicio","item":"https:\/\/pronutec.gorlan.com\/en\/"},{"@type":"ListItem","position":2,"name":"Corporate","item":"https:\/\/pronutec.gorlan.com\/category\/corporate\/?lang=en"},{"@type":"ListItem","position":3,"name":"Energetab 2019 is coming!"}]},{"@type":"WebSite","@id":"https:\/\/pronutec.gorlan.com\/#website","url":"https:\/\/pronutec.gorlan.com\/","name":"Pronutec","description":"Pronutec, l\u00edderes en soluciones avanzadas, b\u00fasqueda y desarrollo de nuevos productos orientados al sector el\u00e9ctrico.","publisher":{"@id":"https:\/\/pronutec.gorlan.com\/#organization"},"potentialAction":[{"@type":"SearchAction","target":{"@type":"EntryPoint","urlTemplate":"https:\/\/pronutec.gorlan.com\/?s={search_term_string}"},"query-input":"required name=search_term_string"}],"inLanguage":"en-US"},{"@type":"Organization","@id":"https:\/\/pronutec.gorlan.com\/#organization","name":"Pronutec","url":"https:\/\/pronutec.gorlan.com\/","logo":{"@type":"ImageObject","inLanguage":"en-US","@id":"https:\/\/pronutec.gorlan.com\/#\/schema\/logo\/image\/","url":"https:\/\/pronutec.gorlan.com\/wp-content\/uploads\/2022\/02\/resultado_defecto.jpg","contentUrl":"https:\/\/pronutec.gorlan.com\/wp-content\/uploads\/2022\/02\/resultado_defecto.jpg","width":944,"height":629,"caption":"Pronutec"},"image":{"@id":"https:\/\/pronutec.gorlan.com\/#\/schema\/logo\/image\/"}},{"@type":"Person","@id":"https:\/\/pronutec.gorlan.com\/#\/schema\/person\/ed72d169b1418a02ef8a48523baf9dab","name":"Osviel Rodriguez","url":"https:\/\/pronutec.gorlan.com\/en\/author\/osviel_inc4ue\/"}]}},"_links":{"self":[{"href":"https:\/\/pronutec.gorlan.com\/en\/wp-json\/wp\/v2\/posts\/3446"}],"collection":[{"href":"https:\/\/pronutec.gorlan.com\/en\/wp-json\/wp\/v2\/posts"}],"about":[{"href":"https:\/\/pronutec.gorlan.com\/en\/wp-json\/wp\/v2\/types\/post"}],"author":[{"embeddable":true,"href":"https:\/\/pronutec.gorlan.com\/en\/wp-json\/wp\/v2\/users\/7"}],"replies":[{"embeddable":true,"href":"https:\/\/pronutec.gorlan.com\/en\/wp-json\/wp\/v2\/comments?post=3446"}],"version-history":[{"count":1,"href":"https:\/\/pronutec.gorlan.com\/en\/wp-json\/wp\/v2\/posts\/3446\/revisions"}],"predecessor-version":[{"id":3448,"href":"https:\/\/pronutec.gorlan.com\/en\/wp-json\/wp\/v2\/posts\/3446\/revisions\/3448"}],"wp:featuredmedia":[{"embeddable":true,"href":"https:\/\/pronutec.gorlan.com\/en\/wp-json\/wp\/v2\/media\/3447"}],"wp:attachment":[{"href":"https:\/\/pronutec.gorlan.com\/en\/wp-json\/wp\/v2\/media?parent=3446"}],"wp:term":[{"taxonomy":"category","embeddable":true,"href":"https:\/\/pronutec.gorlan.com\/en\/wp-json\/wp\/v2\/categories?post=3446"},{"taxonomy":"post_tag","embeddable":true,"href":"https:\/\/pronutec.gorlan.com\/en\/wp-json\/wp\/v2\/tags?post=3446"}],"curies":[{"name":"wp","href":"https:\/\/api.w.org\/{rel}","templated":true}]}}