{"id":3504,"date":"2018-10-18T13:36:00","date_gmt":"2018-10-18T13:36:00","guid":{"rendered":"https:\/\/www.thelastdock.es\/pronutec\/european-utility-week-2018\/"},"modified":"2022-02-18T09:01:08","modified_gmt":"2022-02-18T09:01:08","slug":"european-utility-week-2018","status":"publish","type":"post","link":"https:\/\/pronutec.gorlan.com\/en\/european-utility-week-2018\/","title":{"rendered":"Pronutec at European Utility Week 2018"},"content":{"rendered":"<div class=\"mentions-texteditor__content\">Pronutec will be present at @European Utility Week 2018 in Vienna, the largest and most prestigious energy event in Europe.<\/div>\n<div class=\"mentions-texteditor__content\"><\/div>\n<div class=\"mentions-texteditor__content\">We will be exhibiting with Merytronic 2012 S.L. and Ariadna Grid our\u00a0<strong><a href=\"https:\/\/www.pronutec.com\/Pronutec\/Producto\/Redes-Inteligentes.aspx?lang=en-GB\">Global solution for LV Network management<\/a>.<\/strong><\/div>\n<div class=\"mentions-texteditor__content\"><\/div>\n<div class=\"mentions-texteditor__content\">Visit us!<\/div>\n<div class=\"mentions-texteditor__content\"><\/div>\n<div class=\"mentions-texteditor__content\"><a href=\"https:\/\/l.feathr.co\/euw-2018---guest-invitation-e-ticket-ariadna-grid\">Register here for your Free Visitor Pass.<\/a><\/div>\n","protected":false},"excerpt":{"rendered":"Pronutec estar\u00e1 presente en la feria EUropean Utility Week 2018 en Viena, el mayor y m\u00e1s prestigioso evento de la energ\u00eda en Europa.","protected":false},"author":7,"featured_media":3505,"comment_status":"open","ping_status":"open","sticky":false,"template":"","format":"standard","meta":{"footnotes":""},"categories":[332,404],"tags":[],"acf":[],"yoast_head":"<!-- This site is optimized with the Yoast SEO Premium plugin v21.3 (Yoast SEO v22.5) - https:\/\/yoast.com\/wordpress\/plugins\/seo\/ -->\n<title>Pronutec at European Utility Week 2018 | Pronutec<\/title>\n<meta name=\"description\" content=\"Pronutec estar\u00e1 presente en la feria European Utility Week 2018 en Viena, el mayor y m\u00e1s prestigioso evento de la energ\u00eda en Europa.\" \/>\n<meta name=\"robots\" content=\"index, follow, max-snippet:-1, max-image-preview:large, max-video-preview:-1\" \/>\n<link rel=\"canonical\" href=\"https:\/\/pronutec.gorlan.com\/en\/european-utility-week-2018\/\" \/>\n<meta property=\"og:locale\" content=\"en_US\" \/>\n<meta property=\"og:type\" content=\"article\" \/>\n<meta property=\"og:title\" content=\"Pronutec at European Utility Week 2018\" \/>\n<meta property=\"og:description\" content=\"Pronutec estar\u00e1 presente en la feria European Utility Week 2018 en Viena, el mayor y m\u00e1s prestigioso evento de la energ\u00eda en Europa.\" \/>\n<meta property=\"og:url\" content=\"https:\/\/pronutec.gorlan.com\/en\/european-utility-week-2018\/\" \/>\n<meta property=\"og:site_name\" content=\"Pronutec\" \/>\n<meta property=\"article:published_time\" content=\"2018-10-18T13:36:00+00:00\" \/>\n<meta property=\"article:modified_time\" content=\"2022-02-18T09:01:08+00:00\" \/>\n<meta property=\"og:image\" content=\"https:\/\/pronutec.gorlan.com\/wp-content\/uploads\/2021\/11\/GetFile-194.jpeg\" \/>\n\t<meta property=\"og:image:width\" content=\"400\" \/>\n\t<meta property=\"og:image:height\" content=\"200\" \/>\n\t<meta property=\"og:image:type\" content=\"image\/jpeg\" \/>\n<meta name=\"author\" content=\"Osviel Rodriguez\" \/>\n<meta name=\"twitter:card\" content=\"summary_large_image\" \/>\n<meta name=\"twitter:label1\" content=\"Written by\" \/>\n\t<meta name=\"twitter:data1\" content=\"Osviel Rodriguez\" \/>\n\t<meta name=\"twitter:label2\" content=\"Est. reading time\" \/>\n\t<meta name=\"twitter:data2\" content=\"1 minute\" \/>\n<script type=\"application\/ld+json\" class=\"yoast-schema-graph\">{\"@context\":\"https:\/\/schema.org\",\"@graph\":[{\"@type\":\"Article\",\"@id\":\"https:\/\/pronutec.gorlan.com\/en\/european-utility-week-2018\/#article\",\"isPartOf\":{\"@id\":\"https:\/\/pronutec.gorlan.com\/en\/european-utility-week-2018\/\"},\"author\":{\"name\":\"Osviel Rodriguez\",\"@id\":\"https:\/\/pronutec.gorlan.com\/#\/schema\/person\/ed72d169b1418a02ef8a48523baf9dab\"},\"headline\":\"Pronutec at European Utility Week 2018\",\"datePublished\":\"2018-10-18T13:36:00+00:00\",\"dateModified\":\"2022-02-18T09:01:08+00:00\",\"mainEntityOfPage\":{\"@id\":\"https:\/\/pronutec.gorlan.com\/en\/european-utility-week-2018\/\"},\"wordCount\":51,\"commentCount\":0,\"publisher\":{\"@id\":\"https:\/\/pronutec.gorlan.com\/#organization\"},\"image\":{\"@id\":\"https:\/\/pronutec.gorlan.com\/en\/european-utility-week-2018\/#primaryimage\"},\"thumbnailUrl\":\"https:\/\/pronutec.gorlan.com\/wp-content\/uploads\/2021\/11\/GetFile-194.jpeg\",\"articleSection\":[\"Corporate\",\"Power Distribution\"],\"inLanguage\":\"en-US\",\"potentialAction\":[{\"@type\":\"CommentAction\",\"name\":\"Comment\",\"target\":[\"https:\/\/pronutec.gorlan.com\/en\/european-utility-week-2018\/#respond\"]}]},{\"@type\":\"WebPage\",\"@id\":\"https:\/\/pronutec.gorlan.com\/en\/european-utility-week-2018\/\",\"url\":\"https:\/\/pronutec.gorlan.com\/en\/european-utility-week-2018\/\",\"name\":\"Pronutec at European Utility Week 2018 | Pronutec\",\"isPartOf\":{\"@id\":\"https:\/\/pronutec.gorlan.com\/#website\"},\"primaryImageOfPage\":{\"@id\":\"https:\/\/pronutec.gorlan.com\/en\/european-utility-week-2018\/#primaryimage\"},\"image\":{\"@id\":\"https:\/\/pronutec.gorlan.com\/en\/european-utility-week-2018\/#primaryimage\"},\"thumbnailUrl\":\"https:\/\/pronutec.gorlan.com\/wp-content\/uploads\/2021\/11\/GetFile-194.jpeg\",\"datePublished\":\"2018-10-18T13:36:00+00:00\",\"dateModified\":\"2022-02-18T09:01:08+00:00\",\"description\":\"Pronutec estar\u00e1 presente en la feria European Utility Week 2018 en Viena, el mayor y m\u00e1s prestigioso evento de la energ\u00eda en Europa.\",\"breadcrumb\":{\"@id\":\"https:\/\/pronutec.gorlan.com\/en\/european-utility-week-2018\/#breadcrumb\"},\"inLanguage\":\"en-US\",\"potentialAction\":[{\"@type\":\"ReadAction\",\"target\":[\"https:\/\/pronutec.gorlan.com\/en\/european-utility-week-2018\/\"]}]},{\"@type\":\"ImageObject\",\"inLanguage\":\"en-US\",\"@id\":\"https:\/\/pronutec.gorlan.com\/en\/european-utility-week-2018\/#primaryimage\",\"url\":\"https:\/\/pronutec.gorlan.com\/wp-content\/uploads\/2021\/11\/GetFile-194.jpeg\",\"contentUrl\":\"https:\/\/pronutec.gorlan.com\/wp-content\/uploads\/2021\/11\/GetFile-194.jpeg\",\"width\":400,\"height\":200},{\"@type\":\"BreadcrumbList\",\"@id\":\"https:\/\/pronutec.gorlan.com\/en\/european-utility-week-2018\/#breadcrumb\",\"itemListElement\":[{\"@type\":\"ListItem\",\"position\":1,\"name\":\"Inicio\",\"item\":\"https:\/\/pronutec.gorlan.com\/en\/\"},{\"@type\":\"ListItem\",\"position\":2,\"name\":\"Corporate\",\"item\":\"https:\/\/pronutec.gorlan.com\/category\/corporate\/?lang=en\"},{\"@type\":\"ListItem\",\"position\":3,\"name\":\"Pronutec at European Utility Week 2018\"}]},{\"@type\":\"WebSite\",\"@id\":\"https:\/\/pronutec.gorlan.com\/#website\",\"url\":\"https:\/\/pronutec.gorlan.com\/\",\"name\":\"Pronutec\",\"description\":\"Pronutec, l\u00edderes en soluciones avanzadas, b\u00fasqueda y desarrollo de nuevos productos orientados al sector el\u00e9ctrico.\",\"publisher\":{\"@id\":\"https:\/\/pronutec.gorlan.com\/#organization\"},\"potentialAction\":[{\"@type\":\"SearchAction\",\"target\":{\"@type\":\"EntryPoint\",\"urlTemplate\":\"https:\/\/pronutec.gorlan.com\/?s={search_term_string}\"},\"query-input\":\"required name=search_term_string\"}],\"inLanguage\":\"en-US\"},{\"@type\":\"Organization\",\"@id\":\"https:\/\/pronutec.gorlan.com\/#organization\",\"name\":\"Pronutec\",\"url\":\"https:\/\/pronutec.gorlan.com\/\",\"logo\":{\"@type\":\"ImageObject\",\"inLanguage\":\"en-US\",\"@id\":\"https:\/\/pronutec.gorlan.com\/#\/schema\/logo\/image\/\",\"url\":\"https:\/\/pronutec.gorlan.com\/wp-content\/uploads\/2022\/02\/resultado_defecto.jpg\",\"contentUrl\":\"https:\/\/pronutec.gorlan.com\/wp-content\/uploads\/2022\/02\/resultado_defecto.jpg\",\"width\":944,\"height\":629,\"caption\":\"Pronutec\"},\"image\":{\"@id\":\"https:\/\/pronutec.gorlan.com\/#\/schema\/logo\/image\/\"}},{\"@type\":\"Person\",\"@id\":\"https:\/\/pronutec.gorlan.com\/#\/schema\/person\/ed72d169b1418a02ef8a48523baf9dab\",\"name\":\"Osviel Rodriguez\",\"url\":\"https:\/\/pronutec.gorlan.com\/en\/author\/osviel_inc4ue\/\"}]}<\/script>\n<!-- \/ Yoast SEO Premium plugin. -->","yoast_head_json":{"title":"Pronutec at European Utility Week 2018 | Pronutec","description":"Pronutec estar\u00e1 presente en la feria European Utility Week 2018 en Viena, el mayor y m\u00e1s prestigioso evento de la energ\u00eda en Europa.","robots":{"index":"index","follow":"follow","max-snippet":"max-snippet:-1","max-image-preview":"max-image-preview:large","max-video-preview":"max-video-preview:-1"},"canonical":"https:\/\/pronutec.gorlan.com\/en\/european-utility-week-2018\/","og_locale":"en_US","og_type":"article","og_title":"Pronutec at European Utility Week 2018","og_description":"Pronutec estar\u00e1 presente en la feria European Utility Week 2018 en Viena, el mayor y m\u00e1s prestigioso evento de la energ\u00eda en Europa.","og_url":"https:\/\/pronutec.gorlan.com\/en\/european-utility-week-2018\/","og_site_name":"Pronutec","article_published_time":"2018-10-18T13:36:00+00:00","article_modified_time":"2022-02-18T09:01:08+00:00","og_image":[{"width":400,"height":200,"url":"https:\/\/pronutec.gorlan.com\/wp-content\/uploads\/2021\/11\/GetFile-194.jpeg","type":"image\/jpeg"}],"author":"Osviel Rodriguez","twitter_card":"summary_large_image","twitter_misc":{"Written by":"Osviel Rodriguez","Est. reading time":"1 minute"},"schema":{"@context":"https:\/\/schema.org","@graph":[{"@type":"Article","@id":"https:\/\/pronutec.gorlan.com\/en\/european-utility-week-2018\/#article","isPartOf":{"@id":"https:\/\/pronutec.gorlan.com\/en\/european-utility-week-2018\/"},"author":{"name":"Osviel Rodriguez","@id":"https:\/\/pronutec.gorlan.com\/#\/schema\/person\/ed72d169b1418a02ef8a48523baf9dab"},"headline":"Pronutec at European Utility Week 2018","datePublished":"2018-10-18T13:36:00+00:00","dateModified":"2022-02-18T09:01:08+00:00","mainEntityOfPage":{"@id":"https:\/\/pronutec.gorlan.com\/en\/european-utility-week-2018\/"},"wordCount":51,"commentCount":0,"publisher":{"@id":"https:\/\/pronutec.gorlan.com\/#organization"},"image":{"@id":"https:\/\/pronutec.gorlan.com\/en\/european-utility-week-2018\/#primaryimage"},"thumbnailUrl":"https:\/\/pronutec.gorlan.com\/wp-content\/uploads\/2021\/11\/GetFile-194.jpeg","articleSection":["Corporate","Power Distribution"],"inLanguage":"en-US","potentialAction":[{"@type":"CommentAction","name":"Comment","target":["https:\/\/pronutec.gorlan.com\/en\/european-utility-week-2018\/#respond"]}]},{"@type":"WebPage","@id":"https:\/\/pronutec.gorlan.com\/en\/european-utility-week-2018\/","url":"https:\/\/pronutec.gorlan.com\/en\/european-utility-week-2018\/","name":"Pronutec at European Utility Week 2018 | Pronutec","isPartOf":{"@id":"https:\/\/pronutec.gorlan.com\/#website"},"primaryImageOfPage":{"@id":"https:\/\/pronutec.gorlan.com\/en\/european-utility-week-2018\/#primaryimage"},"image":{"@id":"https:\/\/pronutec.gorlan.com\/en\/european-utility-week-2018\/#primaryimage"},"thumbnailUrl":"https:\/\/pronutec.gorlan.com\/wp-content\/uploads\/2021\/11\/GetFile-194.jpeg","datePublished":"2018-10-18T13:36:00+00:00","dateModified":"2022-02-18T09:01:08+00:00","description":"Pronutec estar\u00e1 presente en la feria European Utility Week 2018 en Viena, el mayor y m\u00e1s prestigioso evento de la energ\u00eda en Europa.","breadcrumb":{"@id":"https:\/\/pronutec.gorlan.com\/en\/european-utility-week-2018\/#breadcrumb"},"inLanguage":"en-US","potentialAction":[{"@type":"ReadAction","target":["https:\/\/pronutec.gorlan.com\/en\/european-utility-week-2018\/"]}]},{"@type":"ImageObject","inLanguage":"en-US","@id":"https:\/\/pronutec.gorlan.com\/en\/european-utility-week-2018\/#primaryimage","url":"https:\/\/pronutec.gorlan.com\/wp-content\/uploads\/2021\/11\/GetFile-194.jpeg","contentUrl":"https:\/\/pronutec.gorlan.com\/wp-content\/uploads\/2021\/11\/GetFile-194.jpeg","width":400,"height":200},{"@type":"BreadcrumbList","@id":"https:\/\/pronutec.gorlan.com\/en\/european-utility-week-2018\/#breadcrumb","itemListElement":[{"@type":"ListItem","position":1,"name":"Inicio","item":"https:\/\/pronutec.gorlan.com\/en\/"},{"@type":"ListItem","position":2,"name":"Corporate","item":"https:\/\/pronutec.gorlan.com\/category\/corporate\/?lang=en"},{"@type":"ListItem","position":3,"name":"Pronutec at European Utility Week 2018"}]},{"@type":"WebSite","@id":"https:\/\/pronutec.gorlan.com\/#website","url":"https:\/\/pronutec.gorlan.com\/","name":"Pronutec","description":"Pronutec, l\u00edderes en soluciones avanzadas, b\u00fasqueda y desarrollo de nuevos productos orientados al sector el\u00e9ctrico.","publisher":{"@id":"https:\/\/pronutec.gorlan.com\/#organization"},"potentialAction":[{"@type":"SearchAction","target":{"@type":"EntryPoint","urlTemplate":"https:\/\/pronutec.gorlan.com\/?s={search_term_string}"},"query-input":"required name=search_term_string"}],"inLanguage":"en-US"},{"@type":"Organization","@id":"https:\/\/pronutec.gorlan.com\/#organization","name":"Pronutec","url":"https:\/\/pronutec.gorlan.com\/","logo":{"@type":"ImageObject","inLanguage":"en-US","@id":"https:\/\/pronutec.gorlan.com\/#\/schema\/logo\/image\/","url":"https:\/\/pronutec.gorlan.com\/wp-content\/uploads\/2022\/02\/resultado_defecto.jpg","contentUrl":"https:\/\/pronutec.gorlan.com\/wp-content\/uploads\/2022\/02\/resultado_defecto.jpg","width":944,"height":629,"caption":"Pronutec"},"image":{"@id":"https:\/\/pronutec.gorlan.com\/#\/schema\/logo\/image\/"}},{"@type":"Person","@id":"https:\/\/pronutec.gorlan.com\/#\/schema\/person\/ed72d169b1418a02ef8a48523baf9dab","name":"Osviel Rodriguez","url":"https:\/\/pronutec.gorlan.com\/en\/author\/osviel_inc4ue\/"}]}},"_links":{"self":[{"href":"https:\/\/pronutec.gorlan.com\/en\/wp-json\/wp\/v2\/posts\/3504"}],"collection":[{"href":"https:\/\/pronutec.gorlan.com\/en\/wp-json\/wp\/v2\/posts"}],"about":[{"href":"https:\/\/pronutec.gorlan.com\/en\/wp-json\/wp\/v2\/types\/post"}],"author":[{"embeddable":true,"href":"https:\/\/pronutec.gorlan.com\/en\/wp-json\/wp\/v2\/users\/7"}],"replies":[{"embeddable":true,"href":"https:\/\/pronutec.gorlan.com\/en\/wp-json\/wp\/v2\/comments?post=3504"}],"version-history":[{"count":1,"href":"https:\/\/pronutec.gorlan.com\/en\/wp-json\/wp\/v2\/posts\/3504\/revisions"}],"predecessor-version":[{"id":3506,"href":"https:\/\/pronutec.gorlan.com\/en\/wp-json\/wp\/v2\/posts\/3504\/revisions\/3506"}],"wp:featuredmedia":[{"embeddable":true,"href":"https:\/\/pronutec.gorlan.com\/en\/wp-json\/wp\/v2\/media\/3505"}],"wp:attachment":[{"href":"https:\/\/pronutec.gorlan.com\/en\/wp-json\/wp\/v2\/media?parent=3504"}],"wp:term":[{"taxonomy":"category","embeddable":true,"href":"https:\/\/pronutec.gorlan.com\/en\/wp-json\/wp\/v2\/categories?post=3504"},{"taxonomy":"post_tag","embeddable":true,"href":"https:\/\/pronutec.gorlan.com\/en\/wp-json\/wp\/v2\/tags?post=3504"}],"curies":[{"name":"wp","href":"https:\/\/api.w.org\/{rel}","templated":true}]}}