{"id":5682,"date":"2021-12-01T12:28:34","date_gmt":"2021-12-01T12:28:34","guid":{"rendered":"https:\/\/www.thelastdock.es\/pronutec\/nos-vemos-en-energaia-el-8-y-9-de-diciembre\/"},"modified":"2022-03-17T12:47:35","modified_gmt":"2022-03-17T12:47:35","slug":"nos-vemos-en-energaia-el-8-y-9-de-diciembre","status":"publish","type":"post","link":"https:\/\/pronutec.gorlan.com\/en\/nos-vemos-en-energaia-el-8-y-9-de-diciembre\/","title":{"rendered":"See you in Energaia 8-9 of December"},"content":{"rendered":"<p>We continue with the fair calendar! We will attend the\u00a0<a href=\"https:\/\/www.energaia.fr\/en\/\">Energaia Forum<\/a>\u00a0event that will take place on December 8 and 9 at the Exhibition Center in Montpellier. Energaia is one of the most important renewable energy events in Europe.<\/p>\n<p>We will be with Telergon at\u00a0<strong>Stand E43 \/ Hall B2<\/strong>. We will show our product range for photovoltaic applications with special interest\u00a0<a href=\"https:\/\/www.pronutec.com\/en\/Pronutec\/Producto\/Fotovoltaica-en-AC-Aparellaje-y-Cuadros-de-Agrupac.aspx\">in 800 V AC installations<\/a>.<\/p>\n<p>Download your visitor pass at the following link:\u00a0<a href=\"https:\/\/energaia.mediactive-events.com\/form\">https:\/\/energaia.mediactive-events.com\/form<\/a><\/p>\n<p>We will wait for you!<\/p>\n","protected":false},"excerpt":{"rendered":"We continue with the fair calendar! We will attend the\u00a0Energaia Forum\u00a0event that will take place on December 8 and 9 at the Exhibition Center in Montpellier. Energaia is one of the most important renewable energy events in Europe. We will be with Telergon at\u00a0Stand E43 \/ Hall B2. We will show our product range for&#8230; <a class=\"view-article\" href=\"https:\/\/pronutec.gorlan.com\/en\/nos-vemos-en-energaia-el-8-y-9-de-diciembre\/\">View Article<\/a>","protected":false},"author":8,"featured_media":5663,"comment_status":"open","ping_status":"open","sticky":false,"template":"","format":"standard","meta":{"footnotes":""},"categories":[290,332,414],"tags":[],"acf":[],"yoast_head":"<!-- This site is optimized with the Yoast SEO Premium plugin v21.3 (Yoast SEO v22.5) - https:\/\/yoast.com\/wordpress\/plugins\/seo\/ -->\n<title>See you in Energaia 8-9 of December | Pronutec<\/title>\n<meta name=\"robots\" content=\"index, follow, max-snippet:-1, max-image-preview:large, max-video-preview:-1\" \/>\n<link rel=\"canonical\" href=\"https:\/\/pronutec.gorlan.com\/en\/nos-vemos-en-energaia-el-8-y-9-de-diciembre\/\" \/>\n<meta property=\"og:locale\" content=\"en_US\" \/>\n<meta property=\"og:type\" content=\"article\" \/>\n<meta property=\"og:title\" content=\"See you in Energaia 8-9 of December\" \/>\n<meta property=\"og:url\" content=\"https:\/\/pronutec.gorlan.com\/en\/nos-vemos-en-energaia-el-8-y-9-de-diciembre\/\" \/>\n<meta property=\"og:site_name\" content=\"Pronutec\" \/>\n<meta property=\"article:published_time\" content=\"2021-12-01T12:28:34+00:00\" \/>\n<meta property=\"article:modified_time\" content=\"2022-03-17T12:47:35+00:00\" \/>\n<meta property=\"og:image\" content=\"https:\/\/pronutec.gorlan.com\/wp-content\/uploads\/2022\/02\/energaia_2021_en_1_2_720_400-e1645187959670.jpg\" \/>\n\t<meta property=\"og:image:width\" content=\"720\" \/>\n\t<meta property=\"og:image:height\" content=\"400\" \/>\n\t<meta property=\"og:image:type\" content=\"image\/jpeg\" \/>\n<meta name=\"author\" content=\"Mar\u00eda G\u00f3mez (PNT)\" \/>\n<meta name=\"twitter:card\" content=\"summary_large_image\" \/>\n<meta name=\"twitter:label1\" content=\"Written by\" \/>\n\t<meta name=\"twitter:data1\" content=\"Mar\u00eda G\u00f3mez (PNT)\" \/>\n<script type=\"application\/ld+json\" class=\"yoast-schema-graph\">{\"@context\":\"https:\/\/schema.org\",\"@graph\":[{\"@type\":\"Article\",\"@id\":\"https:\/\/pronutec.gorlan.com\/en\/nos-vemos-en-energaia-el-8-y-9-de-diciembre\/#article\",\"isPartOf\":{\"@id\":\"https:\/\/pronutec.gorlan.com\/en\/nos-vemos-en-energaia-el-8-y-9-de-diciembre\/\"},\"author\":{\"name\":\"Mar\u00eda G\u00f3mez (PNT)\",\"@id\":\"https:\/\/pronutec.gorlan.com\/#\/schema\/person\/c3dd0424f85309de6a36b20310d57ff8\"},\"headline\":\"See you in Energaia 8-9 of December\",\"datePublished\":\"2021-12-01T12:28:34+00:00\",\"dateModified\":\"2022-03-17T12:47:35+00:00\",\"mainEntityOfPage\":{\"@id\":\"https:\/\/pronutec.gorlan.com\/en\/nos-vemos-en-energaia-el-8-y-9-de-diciembre\/\"},\"wordCount\":89,\"commentCount\":0,\"publisher\":{\"@id\":\"https:\/\/pronutec.gorlan.com\/#organization\"},\"image\":{\"@id\":\"https:\/\/pronutec.gorlan.com\/en\/nos-vemos-en-energaia-el-8-y-9-de-diciembre\/#primaryimage\"},\"thumbnailUrl\":\"https:\/\/pronutec.gorlan.com\/wp-content\/uploads\/2022\/02\/energaia_2021_en_1_2_720_400-e1645187959670.jpg\",\"articleSection\":[\"Utility\",\"Corporate\",\"Green Energy\"],\"inLanguage\":\"en-US\",\"potentialAction\":[{\"@type\":\"CommentAction\",\"name\":\"Comment\",\"target\":[\"https:\/\/pronutec.gorlan.com\/en\/nos-vemos-en-energaia-el-8-y-9-de-diciembre\/#respond\"]}]},{\"@type\":\"WebPage\",\"@id\":\"https:\/\/pronutec.gorlan.com\/en\/nos-vemos-en-energaia-el-8-y-9-de-diciembre\/\",\"url\":\"https:\/\/pronutec.gorlan.com\/en\/nos-vemos-en-energaia-el-8-y-9-de-diciembre\/\",\"name\":\"See you in Energaia 8-9 of December | Pronutec\",\"isPartOf\":{\"@id\":\"https:\/\/pronutec.gorlan.com\/#website\"},\"primaryImageOfPage\":{\"@id\":\"https:\/\/pronutec.gorlan.com\/en\/nos-vemos-en-energaia-el-8-y-9-de-diciembre\/#primaryimage\"},\"image\":{\"@id\":\"https:\/\/pronutec.gorlan.com\/en\/nos-vemos-en-energaia-el-8-y-9-de-diciembre\/#primaryimage\"},\"thumbnailUrl\":\"https:\/\/pronutec.gorlan.com\/wp-content\/uploads\/2022\/02\/energaia_2021_en_1_2_720_400-e1645187959670.jpg\",\"datePublished\":\"2021-12-01T12:28:34+00:00\",\"dateModified\":\"2022-03-17T12:47:35+00:00\",\"breadcrumb\":{\"@id\":\"https:\/\/pronutec.gorlan.com\/en\/nos-vemos-en-energaia-el-8-y-9-de-diciembre\/#breadcrumb\"},\"inLanguage\":\"en-US\",\"potentialAction\":[{\"@type\":\"ReadAction\",\"target\":[\"https:\/\/pronutec.gorlan.com\/en\/nos-vemos-en-energaia-el-8-y-9-de-diciembre\/\"]}]},{\"@type\":\"ImageObject\",\"inLanguage\":\"en-US\",\"@id\":\"https:\/\/pronutec.gorlan.com\/en\/nos-vemos-en-energaia-el-8-y-9-de-diciembre\/#primaryimage\",\"url\":\"https:\/\/pronutec.gorlan.com\/wp-content\/uploads\/2022\/02\/energaia_2021_en_1_2_720_400-e1645187959670.jpg\",\"contentUrl\":\"https:\/\/pronutec.gorlan.com\/wp-content\/uploads\/2022\/02\/energaia_2021_en_1_2_720_400-e1645187959670.jpg\",\"width\":720,\"height\":400},{\"@type\":\"BreadcrumbList\",\"@id\":\"https:\/\/pronutec.gorlan.com\/en\/nos-vemos-en-energaia-el-8-y-9-de-diciembre\/#breadcrumb\",\"itemListElement\":[{\"@type\":\"ListItem\",\"position\":1,\"name\":\"Inicio\",\"item\":\"https:\/\/pronutec.gorlan.com\/en\/\"},{\"@type\":\"ListItem\",\"position\":2,\"name\":\"Green Energy\",\"item\":\"https:\/\/pronutec.gorlan.com\/category\/green-energy-en\/?lang=en\"},{\"@type\":\"ListItem\",\"position\":3,\"name\":\"See you in Energaia 8-9 of December\"}]},{\"@type\":\"WebSite\",\"@id\":\"https:\/\/pronutec.gorlan.com\/#website\",\"url\":\"https:\/\/pronutec.gorlan.com\/\",\"name\":\"Pronutec\",\"description\":\"Pronutec, l\u00edderes en soluciones avanzadas, b\u00fasqueda y desarrollo de nuevos productos orientados al sector el\u00e9ctrico.\",\"publisher\":{\"@id\":\"https:\/\/pronutec.gorlan.com\/#organization\"},\"potentialAction\":[{\"@type\":\"SearchAction\",\"target\":{\"@type\":\"EntryPoint\",\"urlTemplate\":\"https:\/\/pronutec.gorlan.com\/?s={search_term_string}\"},\"query-input\":\"required name=search_term_string\"}],\"inLanguage\":\"en-US\"},{\"@type\":\"Organization\",\"@id\":\"https:\/\/pronutec.gorlan.com\/#organization\",\"name\":\"Pronutec\",\"url\":\"https:\/\/pronutec.gorlan.com\/\",\"logo\":{\"@type\":\"ImageObject\",\"inLanguage\":\"en-US\",\"@id\":\"https:\/\/pronutec.gorlan.com\/#\/schema\/logo\/image\/\",\"url\":\"https:\/\/pronutec.gorlan.com\/wp-content\/uploads\/2022\/02\/resultado_defecto.jpg\",\"contentUrl\":\"https:\/\/pronutec.gorlan.com\/wp-content\/uploads\/2022\/02\/resultado_defecto.jpg\",\"width\":944,\"height\":629,\"caption\":\"Pronutec\"},\"image\":{\"@id\":\"https:\/\/pronutec.gorlan.com\/#\/schema\/logo\/image\/\"}},{\"@type\":\"Person\",\"@id\":\"https:\/\/pronutec.gorlan.com\/#\/schema\/person\/c3dd0424f85309de6a36b20310d57ff8\",\"name\":\"Mar\u00eda G\u00f3mez (PNT)\",\"sameAs\":[\"http:\/\/Pronutec\"],\"url\":\"https:\/\/pronutec.gorlan.com\/en\/author\/mariagomez\/\"}]}<\/script>\n<!-- \/ Yoast SEO Premium plugin. -->","yoast_head_json":{"title":"See you in Energaia 8-9 of December | Pronutec","robots":{"index":"index","follow":"follow","max-snippet":"max-snippet:-1","max-image-preview":"max-image-preview:large","max-video-preview":"max-video-preview:-1"},"canonical":"https:\/\/pronutec.gorlan.com\/en\/nos-vemos-en-energaia-el-8-y-9-de-diciembre\/","og_locale":"en_US","og_type":"article","og_title":"See you in Energaia 8-9 of December","og_url":"https:\/\/pronutec.gorlan.com\/en\/nos-vemos-en-energaia-el-8-y-9-de-diciembre\/","og_site_name":"Pronutec","article_published_time":"2021-12-01T12:28:34+00:00","article_modified_time":"2022-03-17T12:47:35+00:00","og_image":[{"width":720,"height":400,"url":"https:\/\/pronutec.gorlan.com\/wp-content\/uploads\/2022\/02\/energaia_2021_en_1_2_720_400-e1645187959670.jpg","type":"image\/jpeg"}],"author":"Mar\u00eda G\u00f3mez (PNT)","twitter_card":"summary_large_image","twitter_misc":{"Written by":"Mar\u00eda G\u00f3mez (PNT)"},"schema":{"@context":"https:\/\/schema.org","@graph":[{"@type":"Article","@id":"https:\/\/pronutec.gorlan.com\/en\/nos-vemos-en-energaia-el-8-y-9-de-diciembre\/#article","isPartOf":{"@id":"https:\/\/pronutec.gorlan.com\/en\/nos-vemos-en-energaia-el-8-y-9-de-diciembre\/"},"author":{"name":"Mar\u00eda G\u00f3mez (PNT)","@id":"https:\/\/pronutec.gorlan.com\/#\/schema\/person\/c3dd0424f85309de6a36b20310d57ff8"},"headline":"See you in Energaia 8-9 of December","datePublished":"2021-12-01T12:28:34+00:00","dateModified":"2022-03-17T12:47:35+00:00","mainEntityOfPage":{"@id":"https:\/\/pronutec.gorlan.com\/en\/nos-vemos-en-energaia-el-8-y-9-de-diciembre\/"},"wordCount":89,"commentCount":0,"publisher":{"@id":"https:\/\/pronutec.gorlan.com\/#organization"},"image":{"@id":"https:\/\/pronutec.gorlan.com\/en\/nos-vemos-en-energaia-el-8-y-9-de-diciembre\/#primaryimage"},"thumbnailUrl":"https:\/\/pronutec.gorlan.com\/wp-content\/uploads\/2022\/02\/energaia_2021_en_1_2_720_400-e1645187959670.jpg","articleSection":["Utility","Corporate","Green Energy"],"inLanguage":"en-US","potentialAction":[{"@type":"CommentAction","name":"Comment","target":["https:\/\/pronutec.gorlan.com\/en\/nos-vemos-en-energaia-el-8-y-9-de-diciembre\/#respond"]}]},{"@type":"WebPage","@id":"https:\/\/pronutec.gorlan.com\/en\/nos-vemos-en-energaia-el-8-y-9-de-diciembre\/","url":"https:\/\/pronutec.gorlan.com\/en\/nos-vemos-en-energaia-el-8-y-9-de-diciembre\/","name":"See you in Energaia 8-9 of December | Pronutec","isPartOf":{"@id":"https:\/\/pronutec.gorlan.com\/#website"},"primaryImageOfPage":{"@id":"https:\/\/pronutec.gorlan.com\/en\/nos-vemos-en-energaia-el-8-y-9-de-diciembre\/#primaryimage"},"image":{"@id":"https:\/\/pronutec.gorlan.com\/en\/nos-vemos-en-energaia-el-8-y-9-de-diciembre\/#primaryimage"},"thumbnailUrl":"https:\/\/pronutec.gorlan.com\/wp-content\/uploads\/2022\/02\/energaia_2021_en_1_2_720_400-e1645187959670.jpg","datePublished":"2021-12-01T12:28:34+00:00","dateModified":"2022-03-17T12:47:35+00:00","breadcrumb":{"@id":"https:\/\/pronutec.gorlan.com\/en\/nos-vemos-en-energaia-el-8-y-9-de-diciembre\/#breadcrumb"},"inLanguage":"en-US","potentialAction":[{"@type":"ReadAction","target":["https:\/\/pronutec.gorlan.com\/en\/nos-vemos-en-energaia-el-8-y-9-de-diciembre\/"]}]},{"@type":"ImageObject","inLanguage":"en-US","@id":"https:\/\/pronutec.gorlan.com\/en\/nos-vemos-en-energaia-el-8-y-9-de-diciembre\/#primaryimage","url":"https:\/\/pronutec.gorlan.com\/wp-content\/uploads\/2022\/02\/energaia_2021_en_1_2_720_400-e1645187959670.jpg","contentUrl":"https:\/\/pronutec.gorlan.com\/wp-content\/uploads\/2022\/02\/energaia_2021_en_1_2_720_400-e1645187959670.jpg","width":720,"height":400},{"@type":"BreadcrumbList","@id":"https:\/\/pronutec.gorlan.com\/en\/nos-vemos-en-energaia-el-8-y-9-de-diciembre\/#breadcrumb","itemListElement":[{"@type":"ListItem","position":1,"name":"Inicio","item":"https:\/\/pronutec.gorlan.com\/en\/"},{"@type":"ListItem","position":2,"name":"Green Energy","item":"https:\/\/pronutec.gorlan.com\/category\/green-energy-en\/?lang=en"},{"@type":"ListItem","position":3,"name":"See you in Energaia 8-9 of December"}]},{"@type":"WebSite","@id":"https:\/\/pronutec.gorlan.com\/#website","url":"https:\/\/pronutec.gorlan.com\/","name":"Pronutec","description":"Pronutec, l\u00edderes en soluciones avanzadas, b\u00fasqueda y desarrollo de nuevos productos orientados al sector el\u00e9ctrico.","publisher":{"@id":"https:\/\/pronutec.gorlan.com\/#organization"},"potentialAction":[{"@type":"SearchAction","target":{"@type":"EntryPoint","urlTemplate":"https:\/\/pronutec.gorlan.com\/?s={search_term_string}"},"query-input":"required name=search_term_string"}],"inLanguage":"en-US"},{"@type":"Organization","@id":"https:\/\/pronutec.gorlan.com\/#organization","name":"Pronutec","url":"https:\/\/pronutec.gorlan.com\/","logo":{"@type":"ImageObject","inLanguage":"en-US","@id":"https:\/\/pronutec.gorlan.com\/#\/schema\/logo\/image\/","url":"https:\/\/pronutec.gorlan.com\/wp-content\/uploads\/2022\/02\/resultado_defecto.jpg","contentUrl":"https:\/\/pronutec.gorlan.com\/wp-content\/uploads\/2022\/02\/resultado_defecto.jpg","width":944,"height":629,"caption":"Pronutec"},"image":{"@id":"https:\/\/pronutec.gorlan.com\/#\/schema\/logo\/image\/"}},{"@type":"Person","@id":"https:\/\/pronutec.gorlan.com\/#\/schema\/person\/c3dd0424f85309de6a36b20310d57ff8","name":"Mar\u00eda G\u00f3mez (PNT)","sameAs":["http:\/\/Pronutec"],"url":"https:\/\/pronutec.gorlan.com\/en\/author\/mariagomez\/"}]}},"_links":{"self":[{"href":"https:\/\/pronutec.gorlan.com\/en\/wp-json\/wp\/v2\/posts\/5682"}],"collection":[{"href":"https:\/\/pronutec.gorlan.com\/en\/wp-json\/wp\/v2\/posts"}],"about":[{"href":"https:\/\/pronutec.gorlan.com\/en\/wp-json\/wp\/v2\/types\/post"}],"author":[{"embeddable":true,"href":"https:\/\/pronutec.gorlan.com\/en\/wp-json\/wp\/v2\/users\/8"}],"replies":[{"embeddable":true,"href":"https:\/\/pronutec.gorlan.com\/en\/wp-json\/wp\/v2\/comments?post=5682"}],"version-history":[{"count":1,"href":"https:\/\/pronutec.gorlan.com\/en\/wp-json\/wp\/v2\/posts\/5682\/revisions"}],"predecessor-version":[{"id":5683,"href":"https:\/\/pronutec.gorlan.com\/en\/wp-json\/wp\/v2\/posts\/5682\/revisions\/5683"}],"wp:featuredmedia":[{"embeddable":true,"href":"https:\/\/pronutec.gorlan.com\/en\/wp-json\/wp\/v2\/media\/5663"}],"wp:attachment":[{"href":"https:\/\/pronutec.gorlan.com\/en\/wp-json\/wp\/v2\/media?parent=5682"}],"wp:term":[{"taxonomy":"category","embeddable":true,"href":"https:\/\/pronutec.gorlan.com\/en\/wp-json\/wp\/v2\/categories?post=5682"},{"taxonomy":"post_tag","embeddable":true,"href":"https:\/\/pronutec.gorlan.com\/en\/wp-json\/wp\/v2\/tags?post=5682"}],"curies":[{"name":"wp","href":"https:\/\/api.w.org\/{rel}","templated":true}]}}