{"id":5684,"date":"2021-11-24T12:25:48","date_gmt":"2021-11-24T12:25:48","guid":{"rendered":"https:\/\/www.thelastdock.es\/pronutec\/te-invitamos-a-visitarnos-en-la-feria-enlit-europe\/"},"modified":"2022-03-17T12:48:01","modified_gmt":"2022-03-17T12:48:01","slug":"te-invitamos-a-visitarnos-en-la-feria-enlit-europe","status":"publish","type":"post","link":"https:\/\/pronutec.gorlan.com\/en\/te-invitamos-a-visitarnos-en-la-feria-enlit-europe\/","title":{"rendered":"Come visit us at the Enlit Europe trade show"},"content":{"rendered":"<p>We will meet with our clients, visitors and colleagues in person at the\u00a0<a href=\"https:\/\/www.linkedin.com\/company\/enlit-europe\/\" data-attribute-index=\"0\" data-entity-hovercard-id=\"urn:li:fs_miniCompany:16224230\" data-entity-type=\"MINI_COMPANY\">Enlit Europe<\/a>\u00a0trade fair in Milan.<\/p>\n<p>From 30 November to 2 December, we will have our own booth at one of the major events for professionals in the energy industry.<\/p>\n<p>Pronutec invites you to visit the trade show and stop by our booth to get to know our comprehensive solution for smart grids:<br \/>\n<a href=\"https:\/\/www.pronutec.com\/en\/Pronutec\/Products\/Smart-Grids.aspx\">https:\/\/www.pronutec.com\/en\/Pronutec\/Products\/Smart-Grids.aspx<\/a><\/p>\n<p>Click on the link to download your free invitation:\u00a0<a href=\"https:\/\/bit.ly\/3nVSwPJ\">https:\/\/bit.ly\/3nVSwPJ<\/a><br \/>\nWe will be waiting at booth 12. A34 at the Basque Pavilion.<\/p>\n","protected":false},"excerpt":{"rendered":"We will meet with our clients, visitors and colleagues in person at the\u00a0Enlit Europe\u00a0trade fair in Milan. From 30 November to 2 December, we will have our own booth at one of the major events for professionals in the energy industry. Pronutec invites you to visit the trade show and stop by our booth to&#8230; <a class=\"view-article\" href=\"https:\/\/pronutec.gorlan.com\/en\/te-invitamos-a-visitarnos-en-la-feria-enlit-europe\/\">View Article<\/a>","protected":false},"author":8,"featured_media":5635,"comment_status":"open","ping_status":"open","sticky":false,"template":"","format":"standard","meta":{"footnotes":""},"categories":[290,332,404],"tags":[],"acf":[],"yoast_head":"<!-- This site is optimized with the Yoast SEO Premium plugin v21.3 (Yoast SEO v22.5) - https:\/\/yoast.com\/wordpress\/plugins\/seo\/ -->\n<title>Come visit us at the Enlit Europe trade show | Pronutec<\/title>\n<meta name=\"robots\" content=\"index, follow, max-snippet:-1, max-image-preview:large, max-video-preview:-1\" \/>\n<link rel=\"canonical\" href=\"https:\/\/pronutec.gorlan.com\/en\/te-invitamos-a-visitarnos-en-la-feria-enlit-europe\/\" \/>\n<meta property=\"og:locale\" content=\"en_US\" \/>\n<meta property=\"og:type\" content=\"article\" \/>\n<meta property=\"og:title\" content=\"Come visit us at the Enlit Europe trade show\" \/>\n<meta property=\"og:url\" content=\"https:\/\/pronutec.gorlan.com\/en\/te-invitamos-a-visitarnos-en-la-feria-enlit-europe\/\" \/>\n<meta property=\"og:site_name\" content=\"Pronutec\" \/>\n<meta property=\"article:published_time\" content=\"2021-11-24T12:25:48+00:00\" \/>\n<meta property=\"article:modified_time\" content=\"2022-03-17T12:48:01+00:00\" \/>\n<meta property=\"og:image\" content=\"https:\/\/pronutec.gorlan.com\/wp-content\/uploads\/2022\/02\/imagen-noticia-web-Enlit-2021-Pronutec.jpg\" \/>\n\t<meta property=\"og:image:width\" content=\"400\" \/>\n\t<meta property=\"og:image:height\" content=\"200\" \/>\n\t<meta property=\"og:image:type\" content=\"image\/jpeg\" \/>\n<meta name=\"author\" content=\"Mar\u00eda G\u00f3mez (PNT)\" \/>\n<meta name=\"twitter:card\" content=\"summary_large_image\" \/>\n<meta name=\"twitter:label1\" content=\"Written by\" \/>\n\t<meta name=\"twitter:data1\" content=\"Mar\u00eda G\u00f3mez (PNT)\" \/>\n<script type=\"application\/ld+json\" class=\"yoast-schema-graph\">{\"@context\":\"https:\/\/schema.org\",\"@graph\":[{\"@type\":\"Article\",\"@id\":\"https:\/\/pronutec.gorlan.com\/en\/te-invitamos-a-visitarnos-en-la-feria-enlit-europe\/#article\",\"isPartOf\":{\"@id\":\"https:\/\/pronutec.gorlan.com\/en\/te-invitamos-a-visitarnos-en-la-feria-enlit-europe\/\"},\"author\":{\"name\":\"Mar\u00eda G\u00f3mez (PNT)\",\"@id\":\"https:\/\/pronutec.gorlan.com\/#\/schema\/person\/c3dd0424f85309de6a36b20310d57ff8\"},\"headline\":\"Come visit us at the Enlit Europe trade show\",\"datePublished\":\"2021-11-24T12:25:48+00:00\",\"dateModified\":\"2022-03-17T12:48:01+00:00\",\"mainEntityOfPage\":{\"@id\":\"https:\/\/pronutec.gorlan.com\/en\/te-invitamos-a-visitarnos-en-la-feria-enlit-europe\/\"},\"wordCount\":106,\"commentCount\":0,\"publisher\":{\"@id\":\"https:\/\/pronutec.gorlan.com\/#organization\"},\"image\":{\"@id\":\"https:\/\/pronutec.gorlan.com\/en\/te-invitamos-a-visitarnos-en-la-feria-enlit-europe\/#primaryimage\"},\"thumbnailUrl\":\"https:\/\/pronutec.gorlan.com\/wp-content\/uploads\/2022\/02\/imagen-noticia-web-Enlit-2021-Pronutec.jpg\",\"articleSection\":[\"Utility\",\"Corporate\",\"Power Distribution\"],\"inLanguage\":\"en-US\",\"potentialAction\":[{\"@type\":\"CommentAction\",\"name\":\"Comment\",\"target\":[\"https:\/\/pronutec.gorlan.com\/en\/te-invitamos-a-visitarnos-en-la-feria-enlit-europe\/#respond\"]}]},{\"@type\":\"WebPage\",\"@id\":\"https:\/\/pronutec.gorlan.com\/en\/te-invitamos-a-visitarnos-en-la-feria-enlit-europe\/\",\"url\":\"https:\/\/pronutec.gorlan.com\/en\/te-invitamos-a-visitarnos-en-la-feria-enlit-europe\/\",\"name\":\"Come visit us at the Enlit Europe trade show | Pronutec\",\"isPartOf\":{\"@id\":\"https:\/\/pronutec.gorlan.com\/#website\"},\"primaryImageOfPage\":{\"@id\":\"https:\/\/pronutec.gorlan.com\/en\/te-invitamos-a-visitarnos-en-la-feria-enlit-europe\/#primaryimage\"},\"image\":{\"@id\":\"https:\/\/pronutec.gorlan.com\/en\/te-invitamos-a-visitarnos-en-la-feria-enlit-europe\/#primaryimage\"},\"thumbnailUrl\":\"https:\/\/pronutec.gorlan.com\/wp-content\/uploads\/2022\/02\/imagen-noticia-web-Enlit-2021-Pronutec.jpg\",\"datePublished\":\"2021-11-24T12:25:48+00:00\",\"dateModified\":\"2022-03-17T12:48:01+00:00\",\"breadcrumb\":{\"@id\":\"https:\/\/pronutec.gorlan.com\/en\/te-invitamos-a-visitarnos-en-la-feria-enlit-europe\/#breadcrumb\"},\"inLanguage\":\"en-US\",\"potentialAction\":[{\"@type\":\"ReadAction\",\"target\":[\"https:\/\/pronutec.gorlan.com\/en\/te-invitamos-a-visitarnos-en-la-feria-enlit-europe\/\"]}]},{\"@type\":\"ImageObject\",\"inLanguage\":\"en-US\",\"@id\":\"https:\/\/pronutec.gorlan.com\/en\/te-invitamos-a-visitarnos-en-la-feria-enlit-europe\/#primaryimage\",\"url\":\"https:\/\/pronutec.gorlan.com\/wp-content\/uploads\/2022\/02\/imagen-noticia-web-Enlit-2021-Pronutec.jpg\",\"contentUrl\":\"https:\/\/pronutec.gorlan.com\/wp-content\/uploads\/2022\/02\/imagen-noticia-web-Enlit-2021-Pronutec.jpg\",\"width\":400,\"height\":200},{\"@type\":\"BreadcrumbList\",\"@id\":\"https:\/\/pronutec.gorlan.com\/en\/te-invitamos-a-visitarnos-en-la-feria-enlit-europe\/#breadcrumb\",\"itemListElement\":[{\"@type\":\"ListItem\",\"position\":1,\"name\":\"Inicio\",\"item\":\"https:\/\/pronutec.gorlan.com\/en\/\"},{\"@type\":\"ListItem\",\"position\":2,\"name\":\"Power Distribution\",\"item\":\"https:\/\/pronutec.gorlan.com\/en\/category\/power-distribution\/\"},{\"@type\":\"ListItem\",\"position\":3,\"name\":\"Come visit us at the Enlit Europe trade show\"}]},{\"@type\":\"WebSite\",\"@id\":\"https:\/\/pronutec.gorlan.com\/#website\",\"url\":\"https:\/\/pronutec.gorlan.com\/\",\"name\":\"Pronutec\",\"description\":\"Pronutec, l\u00edderes en soluciones avanzadas, b\u00fasqueda y desarrollo de nuevos productos orientados al sector el\u00e9ctrico.\",\"publisher\":{\"@id\":\"https:\/\/pronutec.gorlan.com\/#organization\"},\"potentialAction\":[{\"@type\":\"SearchAction\",\"target\":{\"@type\":\"EntryPoint\",\"urlTemplate\":\"https:\/\/pronutec.gorlan.com\/?s={search_term_string}\"},\"query-input\":\"required name=search_term_string\"}],\"inLanguage\":\"en-US\"},{\"@type\":\"Organization\",\"@id\":\"https:\/\/pronutec.gorlan.com\/#organization\",\"name\":\"Pronutec\",\"url\":\"https:\/\/pronutec.gorlan.com\/\",\"logo\":{\"@type\":\"ImageObject\",\"inLanguage\":\"en-US\",\"@id\":\"https:\/\/pronutec.gorlan.com\/#\/schema\/logo\/image\/\",\"url\":\"https:\/\/pronutec.gorlan.com\/wp-content\/uploads\/2022\/02\/resultado_defecto.jpg\",\"contentUrl\":\"https:\/\/pronutec.gorlan.com\/wp-content\/uploads\/2022\/02\/resultado_defecto.jpg\",\"width\":944,\"height\":629,\"caption\":\"Pronutec\"},\"image\":{\"@id\":\"https:\/\/pronutec.gorlan.com\/#\/schema\/logo\/image\/\"}},{\"@type\":\"Person\",\"@id\":\"https:\/\/pronutec.gorlan.com\/#\/schema\/person\/c3dd0424f85309de6a36b20310d57ff8\",\"name\":\"Mar\u00eda G\u00f3mez (PNT)\",\"sameAs\":[\"http:\/\/Pronutec\"],\"url\":\"https:\/\/pronutec.gorlan.com\/en\/author\/mariagomez\/\"}]}<\/script>\n<!-- \/ Yoast SEO Premium plugin. -->","yoast_head_json":{"title":"Come visit us at the Enlit Europe trade show | Pronutec","robots":{"index":"index","follow":"follow","max-snippet":"max-snippet:-1","max-image-preview":"max-image-preview:large","max-video-preview":"max-video-preview:-1"},"canonical":"https:\/\/pronutec.gorlan.com\/en\/te-invitamos-a-visitarnos-en-la-feria-enlit-europe\/","og_locale":"en_US","og_type":"article","og_title":"Come visit us at the Enlit Europe trade show","og_url":"https:\/\/pronutec.gorlan.com\/en\/te-invitamos-a-visitarnos-en-la-feria-enlit-europe\/","og_site_name":"Pronutec","article_published_time":"2021-11-24T12:25:48+00:00","article_modified_time":"2022-03-17T12:48:01+00:00","og_image":[{"width":400,"height":200,"url":"https:\/\/pronutec.gorlan.com\/wp-content\/uploads\/2022\/02\/imagen-noticia-web-Enlit-2021-Pronutec.jpg","type":"image\/jpeg"}],"author":"Mar\u00eda G\u00f3mez (PNT)","twitter_card":"summary_large_image","twitter_misc":{"Written by":"Mar\u00eda G\u00f3mez (PNT)"},"schema":{"@context":"https:\/\/schema.org","@graph":[{"@type":"Article","@id":"https:\/\/pronutec.gorlan.com\/en\/te-invitamos-a-visitarnos-en-la-feria-enlit-europe\/#article","isPartOf":{"@id":"https:\/\/pronutec.gorlan.com\/en\/te-invitamos-a-visitarnos-en-la-feria-enlit-europe\/"},"author":{"name":"Mar\u00eda G\u00f3mez (PNT)","@id":"https:\/\/pronutec.gorlan.com\/#\/schema\/person\/c3dd0424f85309de6a36b20310d57ff8"},"headline":"Come visit us at the Enlit Europe trade show","datePublished":"2021-11-24T12:25:48+00:00","dateModified":"2022-03-17T12:48:01+00:00","mainEntityOfPage":{"@id":"https:\/\/pronutec.gorlan.com\/en\/te-invitamos-a-visitarnos-en-la-feria-enlit-europe\/"},"wordCount":106,"commentCount":0,"publisher":{"@id":"https:\/\/pronutec.gorlan.com\/#organization"},"image":{"@id":"https:\/\/pronutec.gorlan.com\/en\/te-invitamos-a-visitarnos-en-la-feria-enlit-europe\/#primaryimage"},"thumbnailUrl":"https:\/\/pronutec.gorlan.com\/wp-content\/uploads\/2022\/02\/imagen-noticia-web-Enlit-2021-Pronutec.jpg","articleSection":["Utility","Corporate","Power Distribution"],"inLanguage":"en-US","potentialAction":[{"@type":"CommentAction","name":"Comment","target":["https:\/\/pronutec.gorlan.com\/en\/te-invitamos-a-visitarnos-en-la-feria-enlit-europe\/#respond"]}]},{"@type":"WebPage","@id":"https:\/\/pronutec.gorlan.com\/en\/te-invitamos-a-visitarnos-en-la-feria-enlit-europe\/","url":"https:\/\/pronutec.gorlan.com\/en\/te-invitamos-a-visitarnos-en-la-feria-enlit-europe\/","name":"Come visit us at the Enlit Europe trade show | Pronutec","isPartOf":{"@id":"https:\/\/pronutec.gorlan.com\/#website"},"primaryImageOfPage":{"@id":"https:\/\/pronutec.gorlan.com\/en\/te-invitamos-a-visitarnos-en-la-feria-enlit-europe\/#primaryimage"},"image":{"@id":"https:\/\/pronutec.gorlan.com\/en\/te-invitamos-a-visitarnos-en-la-feria-enlit-europe\/#primaryimage"},"thumbnailUrl":"https:\/\/pronutec.gorlan.com\/wp-content\/uploads\/2022\/02\/imagen-noticia-web-Enlit-2021-Pronutec.jpg","datePublished":"2021-11-24T12:25:48+00:00","dateModified":"2022-03-17T12:48:01+00:00","breadcrumb":{"@id":"https:\/\/pronutec.gorlan.com\/en\/te-invitamos-a-visitarnos-en-la-feria-enlit-europe\/#breadcrumb"},"inLanguage":"en-US","potentialAction":[{"@type":"ReadAction","target":["https:\/\/pronutec.gorlan.com\/en\/te-invitamos-a-visitarnos-en-la-feria-enlit-europe\/"]}]},{"@type":"ImageObject","inLanguage":"en-US","@id":"https:\/\/pronutec.gorlan.com\/en\/te-invitamos-a-visitarnos-en-la-feria-enlit-europe\/#primaryimage","url":"https:\/\/pronutec.gorlan.com\/wp-content\/uploads\/2022\/02\/imagen-noticia-web-Enlit-2021-Pronutec.jpg","contentUrl":"https:\/\/pronutec.gorlan.com\/wp-content\/uploads\/2022\/02\/imagen-noticia-web-Enlit-2021-Pronutec.jpg","width":400,"height":200},{"@type":"BreadcrumbList","@id":"https:\/\/pronutec.gorlan.com\/en\/te-invitamos-a-visitarnos-en-la-feria-enlit-europe\/#breadcrumb","itemListElement":[{"@type":"ListItem","position":1,"name":"Inicio","item":"https:\/\/pronutec.gorlan.com\/en\/"},{"@type":"ListItem","position":2,"name":"Power Distribution","item":"https:\/\/pronutec.gorlan.com\/en\/category\/power-distribution\/"},{"@type":"ListItem","position":3,"name":"Come visit us at the Enlit Europe trade show"}]},{"@type":"WebSite","@id":"https:\/\/pronutec.gorlan.com\/#website","url":"https:\/\/pronutec.gorlan.com\/","name":"Pronutec","description":"Pronutec, l\u00edderes en soluciones avanzadas, b\u00fasqueda y desarrollo de nuevos productos orientados al sector el\u00e9ctrico.","publisher":{"@id":"https:\/\/pronutec.gorlan.com\/#organization"},"potentialAction":[{"@type":"SearchAction","target":{"@type":"EntryPoint","urlTemplate":"https:\/\/pronutec.gorlan.com\/?s={search_term_string}"},"query-input":"required name=search_term_string"}],"inLanguage":"en-US"},{"@type":"Organization","@id":"https:\/\/pronutec.gorlan.com\/#organization","name":"Pronutec","url":"https:\/\/pronutec.gorlan.com\/","logo":{"@type":"ImageObject","inLanguage":"en-US","@id":"https:\/\/pronutec.gorlan.com\/#\/schema\/logo\/image\/","url":"https:\/\/pronutec.gorlan.com\/wp-content\/uploads\/2022\/02\/resultado_defecto.jpg","contentUrl":"https:\/\/pronutec.gorlan.com\/wp-content\/uploads\/2022\/02\/resultado_defecto.jpg","width":944,"height":629,"caption":"Pronutec"},"image":{"@id":"https:\/\/pronutec.gorlan.com\/#\/schema\/logo\/image\/"}},{"@type":"Person","@id":"https:\/\/pronutec.gorlan.com\/#\/schema\/person\/c3dd0424f85309de6a36b20310d57ff8","name":"Mar\u00eda G\u00f3mez (PNT)","sameAs":["http:\/\/Pronutec"],"url":"https:\/\/pronutec.gorlan.com\/en\/author\/mariagomez\/"}]}},"_links":{"self":[{"href":"https:\/\/pronutec.gorlan.com\/en\/wp-json\/wp\/v2\/posts\/5684"}],"collection":[{"href":"https:\/\/pronutec.gorlan.com\/en\/wp-json\/wp\/v2\/posts"}],"about":[{"href":"https:\/\/pronutec.gorlan.com\/en\/wp-json\/wp\/v2\/types\/post"}],"author":[{"embeddable":true,"href":"https:\/\/pronutec.gorlan.com\/en\/wp-json\/wp\/v2\/users\/8"}],"replies":[{"embeddable":true,"href":"https:\/\/pronutec.gorlan.com\/en\/wp-json\/wp\/v2\/comments?post=5684"}],"version-history":[{"count":1,"href":"https:\/\/pronutec.gorlan.com\/en\/wp-json\/wp\/v2\/posts\/5684\/revisions"}],"predecessor-version":[{"id":5685,"href":"https:\/\/pronutec.gorlan.com\/en\/wp-json\/wp\/v2\/posts\/5684\/revisions\/5685"}],"wp:featuredmedia":[{"embeddable":true,"href":"https:\/\/pronutec.gorlan.com\/en\/wp-json\/wp\/v2\/media\/5635"}],"wp:attachment":[{"href":"https:\/\/pronutec.gorlan.com\/en\/wp-json\/wp\/v2\/media?parent=5684"}],"wp:term":[{"taxonomy":"category","embeddable":true,"href":"https:\/\/pronutec.gorlan.com\/en\/wp-json\/wp\/v2\/categories?post=5684"},{"taxonomy":"post_tag","embeddable":true,"href":"https:\/\/pronutec.gorlan.com\/en\/wp-json\/wp\/v2\/tags?post=5684"}],"curies":[{"name":"wp","href":"https:\/\/api.w.org\/{rel}","templated":true}]}}