{"id":7030,"date":"2022-05-20T14:50:39","date_gmt":"2022-05-20T12:50:39","guid":{"rendered":"https:\/\/pronutec.gorlan.com\/?p=7030"},"modified":"2022-05-20T15:10:02","modified_gmt":"2022-05-20T13:10:02","slug":"pronutec-returns-to-hannover-messe","status":"publish","type":"post","link":"https:\/\/pronutec.gorlan.com\/en\/pronutec-returns-to-hannover-messe\/","title":{"rendered":"PRONUTEC RETURNS TO HANNOVER MESSE"},"content":{"rendered":"<p><a href=\"https:\/\/www.hannovermesse.de\/exhibitor\/pronutec\/N1476445?utm_source=hs_email&amp;utm_medium=email&amp;_hsenc=p2ANqtz-81BuGsHPU8gL3MhVf-Q23g5FNMlUHUhTxmkXKOitX8sX5E0gbgXOtjgZlLLML85grOVyxN&amp;editor=visitorView&amp;exhibitor=cvns323r&amp;tdom-loc=zv7pl80n&amp;scene-node=7tf31hm6\"><img decoding=\"async\" loading=\"lazy\" class=\"alignnone wp-image-7031 size-large\" src=\"https:\/\/pronutec.gorlan.com\/wp-content\/uploads\/2022\/05\/HM22_Keyvisual_Shop_neu_1920x1080px-700x394.png\" alt=\"\" width=\"700\" height=\"394\" srcset=\"https:\/\/pronutec.gorlan.com\/wp-content\/uploads\/2022\/05\/HM22_Keyvisual_Shop_neu_1920x1080px-700x394.png 700w, https:\/\/pronutec.gorlan.com\/wp-content\/uploads\/2022\/05\/HM22_Keyvisual_Shop_neu_1920x1080px-250x141.png 250w, https:\/\/pronutec.gorlan.com\/wp-content\/uploads\/2022\/05\/HM22_Keyvisual_Shop_neu_1920x1080px-768x432.png 768w, https:\/\/pronutec.gorlan.com\/wp-content\/uploads\/2022\/05\/HM22_Keyvisual_Shop_neu_1920x1080px-1536x864.png 1536w, https:\/\/pronutec.gorlan.com\/wp-content\/uploads\/2022\/05\/HM22_Keyvisual_Shop_neu_1920x1080px-120x68.png 120w, https:\/\/pronutec.gorlan.com\/wp-content\/uploads\/2022\/05\/HM22_Keyvisual_Shop_neu_1920x1080px.png 1920w\" sizes=\"(max-width: 700px) 100vw, 700px\" \/><\/a><\/p>\n<p>&nbsp;<\/p>\n<p>After a two-year break due to the pandemic, we will return to Hannover Messe, the world&#8217;s leading industrial trade fair, on 30 May. In this edition, all eyes will be on the future of the industry, with digitalisation and sustainability as the backbone.<\/p>\n<p>&nbsp;<\/p>\n<p>At Pronutec we are fully committed to this strategy, which we apply to the development of all our processes and solutions for Low Voltage electrical distribution.<\/p>\n<p>Would you like to meet us? Visit us in Hall 12, Booth D03.<\/p>\n<p>&nbsp;<\/p>\n<h2 style=\"text-align: center;\"><a href=\"https:\/\/www.hannovermesse.de\/en\/application\/registration\/direct-entry-tickets-passes?code=LLFAG&amp;utm_medium=email&amp;_hsenc=p2ANqtz-81BuGsHPU8gL3MhVf-Q23g5FNMlUHUhTxmkXKOitX8sX5E0gbgXOtjgZlLLML85grOVyxN&amp;utm_source=hs_email&amp;hsCtaTracking=860d25df-d8da-4967-8784-a03dd51942d9%7C45a4f8b2-f90e-499c-8cad-c2dbc7bfc5ea\">GET YOUR PASS<\/a><\/h2>\n<h4><\/h4>\n<p>&nbsp;<\/p>\n<h4>DISCOVER OUR PRODUCTS!<\/h4>\n<p>&nbsp;<\/p>\n<p><strong>CUMA 21<\/strong><br \/>\nModular and Insulated LV distribution panels for Transformer Substations.<br \/>\nIt is a versatile, customisable and configurable panel system adapted to the smart grids new demands. Like a jigsaw puzzle, clients can configure their own customised panel by choosing different types of incomings, outgoings, enclosures and monitoring solutions.<\/p>\n<p><a href=\"https:\/\/pronutec.gorlan.com\/en\/products-categories\/cuma-21-modular-insulated-panel\/cuma-21-modular-insulated-panel\/?utm_source=hs_email&amp;utm_medium=email&amp;_hsenc=p2ANqtz-81BuGsHPU8gL3MhVf-Q23g5FNMlUHUhTxmkXKOitX8sX5E0gbgXOtjgZlLLML85grOVyxN\"><img decoding=\"async\" loading=\"lazy\" width=\"250\" height=\"250\" class=\"alignnone size-medium wp-image-6567\" src=\"https:\/\/pronutec.gorlan.com\/wp-content\/uploads\/2022\/04\/producto-destacado-cuma-21_v1-250x250.png\" alt=\"\" srcset=\"https:\/\/pronutec.gorlan.com\/wp-content\/uploads\/2022\/04\/producto-destacado-cuma-21_v1-250x250.png 250w, https:\/\/pronutec.gorlan.com\/wp-content\/uploads\/2022\/04\/producto-destacado-cuma-21_v1-700x700.png 700w, https:\/\/pronutec.gorlan.com\/wp-content\/uploads\/2022\/04\/producto-destacado-cuma-21_v1-150x150.png 150w, https:\/\/pronutec.gorlan.com\/wp-content\/uploads\/2022\/04\/producto-destacado-cuma-21_v1-768x768.png 768w, https:\/\/pronutec.gorlan.com\/wp-content\/uploads\/2022\/04\/producto-destacado-cuma-21_v1-1536x1536.png 1536w, https:\/\/pronutec.gorlan.com\/wp-content\/uploads\/2022\/04\/producto-destacado-cuma-21_v1-2048x2048.png 2048w, https:\/\/pronutec.gorlan.com\/wp-content\/uploads\/2022\/04\/producto-destacado-cuma-21_v1-120x120.png 120w\" sizes=\"(max-width: 250px) 100vw, 250px\" \/><\/a><\/p>\n<p>&nbsp;<\/p>\n<p><strong>SMART GRIDS<\/strong><br \/>\nGlobal Low Voltage Monitoring System.<br \/>\nPronutec joins this technological and energy revolution with our global solution for Smart Grid monitoring, which collects load and energy generation data in real-time, and show it to the grid operator, ensuring supply quality at all times. Pronutec can help you. Let&#8217;s talk?<\/p>\n<p><a href=\"https:\/\/gorlan.com\/en\/smart-grids\/?from=pronutec&amp;utm_source=hs_email&amp;utm_medium=email&amp;_hsenc=p2ANqtz-81BuGsHPU8gL3MhVf-Q23g5FNMlUHUhTxmkXKOitX8sX5E0gbgXOtjgZlLLML85grOVyxN\"><img decoding=\"async\" loading=\"lazy\" width=\"250\" height=\"250\" class=\"alignnone size-medium wp-image-6569\" src=\"https:\/\/pronutec.gorlan.com\/wp-content\/uploads\/2022\/04\/producto-destacado-smart-grids_v1-250x250.png\" alt=\"\" srcset=\"https:\/\/pronutec.gorlan.com\/wp-content\/uploads\/2022\/04\/producto-destacado-smart-grids_v1-250x250.png 250w, https:\/\/pronutec.gorlan.com\/wp-content\/uploads\/2022\/04\/producto-destacado-smart-grids_v1-700x700.png 700w, https:\/\/pronutec.gorlan.com\/wp-content\/uploads\/2022\/04\/producto-destacado-smart-grids_v1-150x150.png 150w, https:\/\/pronutec.gorlan.com\/wp-content\/uploads\/2022\/04\/producto-destacado-smart-grids_v1-768x768.png 768w, https:\/\/pronutec.gorlan.com\/wp-content\/uploads\/2022\/04\/producto-destacado-smart-grids_v1-1536x1536.png 1536w, https:\/\/pronutec.gorlan.com\/wp-content\/uploads\/2022\/04\/producto-destacado-smart-grids_v1-2048x2048.png 2048w, https:\/\/pronutec.gorlan.com\/wp-content\/uploads\/2022\/04\/producto-destacado-smart-grids_v1-120x120.png 120w\" sizes=\"(max-width: 250px) 100vw, 250px\" \/><\/a><\/p>\n<p>&nbsp;<\/p>\n<p><strong>Products for PV in 800 V AC<\/strong><br \/>\nThe design and launch of new AC string inverters has changed PV plants which are now generating and working in AC grids. Pronutec has developed products and solutions for these AC grids in PV plants.<\/p>\n<p><a href=\"https:\/\/pronutec.gorlan.com\/en\/products-categories\/switchgear-and-combiner-panels\/switchgear-and-combiner-panels\/?utm_source=hs_email&amp;utm_medium=email&amp;_hsenc=p2ANqtz-81BuGsHPU8gL3MhVf-Q23g5FNMlUHUhTxmkXKOitX8sX5E0gbgXOtjgZlLLML85grOVyxN\"><img decoding=\"async\" loading=\"lazy\" width=\"250\" height=\"250\" class=\"alignnone size-medium wp-image-6743\" src=\"https:\/\/pronutec.gorlan.com\/wp-content\/uploads\/2022\/04\/producto-destacado-base-FV_v2-250x250.png\" alt=\"\" srcset=\"https:\/\/pronutec.gorlan.com\/wp-content\/uploads\/2022\/04\/producto-destacado-base-FV_v2-250x250.png 250w, https:\/\/pronutec.gorlan.com\/wp-content\/uploads\/2022\/04\/producto-destacado-base-FV_v2-700x700.png 700w, https:\/\/pronutec.gorlan.com\/wp-content\/uploads\/2022\/04\/producto-destacado-base-FV_v2-150x150.png 150w, https:\/\/pronutec.gorlan.com\/wp-content\/uploads\/2022\/04\/producto-destacado-base-FV_v2-768x768.png 768w, https:\/\/pronutec.gorlan.com\/wp-content\/uploads\/2022\/04\/producto-destacado-base-FV_v2-1536x1536.png 1536w, https:\/\/pronutec.gorlan.com\/wp-content\/uploads\/2022\/04\/producto-destacado-base-FV_v2-2048x2048.png 2048w, https:\/\/pronutec.gorlan.com\/wp-content\/uploads\/2022\/04\/producto-destacado-base-FV_v2-120x120.png 120w\" sizes=\"(max-width: 250px) 100vw, 250px\" \/><\/a><\/p>\n<p>&nbsp;<\/p>\n<p>Would you like to meet us? Visit us in Hall 12, Booth D03. If you prefer, you can request a meeting through the linl bellow or you can contact us and ask for it:\u00a0<a href=\"mailto:mkt_pronutec@pronutec.com\" target=\"_blank\" rel=\"noopener\" data-hs-link-id=\"0\">mkt_pronutec@pronutec.com<\/a><\/p>\n<p>&nbsp;<\/p>\n<h2 style=\"text-align: center;\"><a href=\"mailto:mkt_pronutec@pronutec.com\">SCHEDULE A MEETING<\/a><\/h2>\n<p>&nbsp;<\/p>\n<p><a href=\"https:\/\/www.hannovermesse.de\/exhibitor\/pronutec\/N1476445?utm_source=hs_email&amp;utm_medium=email&amp;_hsenc=p2ANqtz-81BuGsHPU8gL3MhVf-Q23g5FNMlUHUhTxmkXKOitX8sX5E0gbgXOtjgZlLLML85grOVyxN&amp;editor=visitorView\"><img decoding=\"async\" loading=\"lazy\" class=\"alignnone wp-image-7033\" src=\"https:\/\/pronutec.gorlan.com\/wp-content\/uploads\/2022\/05\/HM22_Signatur_personalisierbar_Shop_550x90.png\" alt=\"\" width=\"700\" height=\"115\" srcset=\"https:\/\/pronutec.gorlan.com\/wp-content\/uploads\/2022\/05\/HM22_Signatur_personalisierbar_Shop_550x90.png 550w, https:\/\/pronutec.gorlan.com\/wp-content\/uploads\/2022\/05\/HM22_Signatur_personalisierbar_Shop_550x90-250x41.png 250w, https:\/\/pronutec.gorlan.com\/wp-content\/uploads\/2022\/05\/HM22_Signatur_personalisierbar_Shop_550x90-120x20.png 120w\" sizes=\"(max-width: 700px) 100vw, 700px\" \/><\/a><\/p>\n<p>&nbsp;<\/p>\n","protected":false},"excerpt":{"rendered":"&nbsp; After a two-year break due to the pandemic, we will return to Hannover Messe, the world&#8217;s leading industrial trade fair, on 30 May. In this edition, all eyes will be on the future of the industry, with digitalisation and sustainability as the backbone. &nbsp; At Pronutec we are fully committed to this strategy, which&#8230; <a class=\"view-article\" href=\"https:\/\/pronutec.gorlan.com\/en\/pronutec-returns-to-hannover-messe\/\">View Article<\/a>","protected":false},"author":2,"featured_media":7031,"comment_status":"open","ping_status":"open","sticky":false,"template":"","format":"standard","meta":{"footnotes":""},"categories":[292,332],"tags":[],"acf":[],"yoast_head":"<!-- This site is optimized with the Yoast SEO Premium plugin v21.3 (Yoast SEO v22.5) - https:\/\/yoast.com\/wordpress\/plugins\/seo\/ -->\n<title>PRONUTEC RETURNS TO HANNOVER MESSE | Pronutec<\/title>\n<meta name=\"robots\" content=\"index, follow, max-snippet:-1, max-image-preview:large, max-video-preview:-1\" \/>\n<link rel=\"canonical\" href=\"https:\/\/pronutec.gorlan.com\/en\/pronutec-returns-to-hannover-messe\/\" \/>\n<meta property=\"og:locale\" content=\"en_US\" \/>\n<meta property=\"og:type\" content=\"article\" \/>\n<meta property=\"og:title\" content=\"PRONUTEC RETURNS TO HANNOVER MESSE\" \/>\n<meta property=\"og:url\" content=\"https:\/\/pronutec.gorlan.com\/en\/pronutec-returns-to-hannover-messe\/\" \/>\n<meta property=\"og:site_name\" content=\"Pronutec\" \/>\n<meta property=\"article:published_time\" content=\"2022-05-20T12:50:39+00:00\" \/>\n<meta property=\"article:modified_time\" content=\"2022-05-20T13:10:02+00:00\" \/>\n<meta property=\"og:image\" content=\"https:\/\/pronutec.gorlan.com\/wp-content\/uploads\/2022\/05\/HM22_Keyvisual_Shop_neu_1920x1080px.png\" \/>\n\t<meta property=\"og:image:width\" content=\"1920\" \/>\n\t<meta property=\"og:image:height\" content=\"1080\" \/>\n\t<meta property=\"og:image:type\" content=\"image\/png\" \/>\n<meta name=\"author\" content=\"Nur\u00eda Juli\u00e1n\" \/>\n<meta name=\"twitter:card\" content=\"summary_large_image\" \/>\n<meta name=\"twitter:label1\" content=\"Written by\" \/>\n\t<meta name=\"twitter:data1\" content=\"Nur\u00eda Juli\u00e1n\" \/>\n\t<meta name=\"twitter:label2\" content=\"Est. reading time\" \/>\n\t<meta name=\"twitter:data2\" content=\"3 minutes\" \/>\n<script type=\"application\/ld+json\" class=\"yoast-schema-graph\">{\"@context\":\"https:\/\/schema.org\",\"@graph\":[{\"@type\":\"Article\",\"@id\":\"https:\/\/pronutec.gorlan.com\/en\/pronutec-returns-to-hannover-messe\/#article\",\"isPartOf\":{\"@id\":\"https:\/\/pronutec.gorlan.com\/en\/pronutec-returns-to-hannover-messe\/\"},\"author\":{\"name\":\"Nur\u00eda Juli\u00e1n\",\"@id\":\"https:\/\/pronutec.gorlan.com\/#\/schema\/person\/9f40ced926c84b3ca3ad120399fd9013\"},\"headline\":\"PRONUTEC RETURNS TO HANNOVER MESSE\",\"datePublished\":\"2022-05-20T12:50:39+00:00\",\"dateModified\":\"2022-05-20T13:10:02+00:00\",\"mainEntityOfPage\":{\"@id\":\"https:\/\/pronutec.gorlan.com\/en\/pronutec-returns-to-hannover-messe\/\"},\"wordCount\":281,\"commentCount\":0,\"publisher\":{\"@id\":\"https:\/\/pronutec.gorlan.com\/#organization\"},\"image\":{\"@id\":\"https:\/\/pronutec.gorlan.com\/en\/pronutec-returns-to-hannover-messe\/#primaryimage\"},\"thumbnailUrl\":\"https:\/\/pronutec.gorlan.com\/wp-content\/uploads\/2022\/05\/HM22_Keyvisual_Shop_neu_1920x1080px.png\",\"articleSection\":[\"Events\",\"Corporate\"],\"inLanguage\":\"en-US\",\"potentialAction\":[{\"@type\":\"CommentAction\",\"name\":\"Comment\",\"target\":[\"https:\/\/pronutec.gorlan.com\/en\/pronutec-returns-to-hannover-messe\/#respond\"]}]},{\"@type\":\"WebPage\",\"@id\":\"https:\/\/pronutec.gorlan.com\/en\/pronutec-returns-to-hannover-messe\/\",\"url\":\"https:\/\/pronutec.gorlan.com\/en\/pronutec-returns-to-hannover-messe\/\",\"name\":\"PRONUTEC RETURNS TO HANNOVER MESSE | Pronutec\",\"isPartOf\":{\"@id\":\"https:\/\/pronutec.gorlan.com\/#website\"},\"primaryImageOfPage\":{\"@id\":\"https:\/\/pronutec.gorlan.com\/en\/pronutec-returns-to-hannover-messe\/#primaryimage\"},\"image\":{\"@id\":\"https:\/\/pronutec.gorlan.com\/en\/pronutec-returns-to-hannover-messe\/#primaryimage\"},\"thumbnailUrl\":\"https:\/\/pronutec.gorlan.com\/wp-content\/uploads\/2022\/05\/HM22_Keyvisual_Shop_neu_1920x1080px.png\",\"datePublished\":\"2022-05-20T12:50:39+00:00\",\"dateModified\":\"2022-05-20T13:10:02+00:00\",\"breadcrumb\":{\"@id\":\"https:\/\/pronutec.gorlan.com\/en\/pronutec-returns-to-hannover-messe\/#breadcrumb\"},\"inLanguage\":\"en-US\",\"potentialAction\":[{\"@type\":\"ReadAction\",\"target\":[\"https:\/\/pronutec.gorlan.com\/en\/pronutec-returns-to-hannover-messe\/\"]}]},{\"@type\":\"ImageObject\",\"inLanguage\":\"en-US\",\"@id\":\"https:\/\/pronutec.gorlan.com\/en\/pronutec-returns-to-hannover-messe\/#primaryimage\",\"url\":\"https:\/\/pronutec.gorlan.com\/wp-content\/uploads\/2022\/05\/HM22_Keyvisual_Shop_neu_1920x1080px.png\",\"contentUrl\":\"https:\/\/pronutec.gorlan.com\/wp-content\/uploads\/2022\/05\/HM22_Keyvisual_Shop_neu_1920x1080px.png\",\"width\":1920,\"height\":1080},{\"@type\":\"BreadcrumbList\",\"@id\":\"https:\/\/pronutec.gorlan.com\/en\/pronutec-returns-to-hannover-messe\/#breadcrumb\",\"itemListElement\":[{\"@type\":\"ListItem\",\"position\":1,\"name\":\"Inicio\",\"item\":\"https:\/\/pronutec.gorlan.com\/en\/\"},{\"@type\":\"ListItem\",\"position\":2,\"name\":\"Events\",\"item\":\"https:\/\/pronutec.gorlan.com\/en\/category\/events\/\"},{\"@type\":\"ListItem\",\"position\":3,\"name\":\"PRONUTEC RETURNS TO HANNOVER MESSE\"}]},{\"@type\":\"WebSite\",\"@id\":\"https:\/\/pronutec.gorlan.com\/#website\",\"url\":\"https:\/\/pronutec.gorlan.com\/\",\"name\":\"Pronutec\",\"description\":\"Pronutec, l\u00edderes en soluciones avanzadas, b\u00fasqueda y desarrollo de nuevos productos orientados al sector el\u00e9ctrico.\",\"publisher\":{\"@id\":\"https:\/\/pronutec.gorlan.com\/#organization\"},\"potentialAction\":[{\"@type\":\"SearchAction\",\"target\":{\"@type\":\"EntryPoint\",\"urlTemplate\":\"https:\/\/pronutec.gorlan.com\/?s={search_term_string}\"},\"query-input\":\"required name=search_term_string\"}],\"inLanguage\":\"en-US\"},{\"@type\":\"Organization\",\"@id\":\"https:\/\/pronutec.gorlan.com\/#organization\",\"name\":\"Pronutec\",\"url\":\"https:\/\/pronutec.gorlan.com\/\",\"logo\":{\"@type\":\"ImageObject\",\"inLanguage\":\"en-US\",\"@id\":\"https:\/\/pronutec.gorlan.com\/#\/schema\/logo\/image\/\",\"url\":\"https:\/\/pronutec.gorlan.com\/wp-content\/uploads\/2022\/02\/resultado_defecto.jpg\",\"contentUrl\":\"https:\/\/pronutec.gorlan.com\/wp-content\/uploads\/2022\/02\/resultado_defecto.jpg\",\"width\":944,\"height\":629,\"caption\":\"Pronutec\"},\"image\":{\"@id\":\"https:\/\/pronutec.gorlan.com\/#\/schema\/logo\/image\/\"}},{\"@type\":\"Person\",\"@id\":\"https:\/\/pronutec.gorlan.com\/#\/schema\/person\/9f40ced926c84b3ca3ad120399fd9013\",\"name\":\"Nur\u00eda Juli\u00e1n\",\"url\":\"https:\/\/pronutec.gorlan.com\/en\/author\/nuria_qdrrw83l\/\"}]}<\/script>\n<!-- \/ Yoast SEO Premium plugin. -->","yoast_head_json":{"title":"PRONUTEC RETURNS TO HANNOVER MESSE | Pronutec","robots":{"index":"index","follow":"follow","max-snippet":"max-snippet:-1","max-image-preview":"max-image-preview:large","max-video-preview":"max-video-preview:-1"},"canonical":"https:\/\/pronutec.gorlan.com\/en\/pronutec-returns-to-hannover-messe\/","og_locale":"en_US","og_type":"article","og_title":"PRONUTEC RETURNS TO HANNOVER MESSE","og_url":"https:\/\/pronutec.gorlan.com\/en\/pronutec-returns-to-hannover-messe\/","og_site_name":"Pronutec","article_published_time":"2022-05-20T12:50:39+00:00","article_modified_time":"2022-05-20T13:10:02+00:00","og_image":[{"width":1920,"height":1080,"url":"https:\/\/pronutec.gorlan.com\/wp-content\/uploads\/2022\/05\/HM22_Keyvisual_Shop_neu_1920x1080px.png","type":"image\/png"}],"author":"Nur\u00eda Juli\u00e1n","twitter_card":"summary_large_image","twitter_misc":{"Written by":"Nur\u00eda Juli\u00e1n","Est. reading time":"3 minutes"},"schema":{"@context":"https:\/\/schema.org","@graph":[{"@type":"Article","@id":"https:\/\/pronutec.gorlan.com\/en\/pronutec-returns-to-hannover-messe\/#article","isPartOf":{"@id":"https:\/\/pronutec.gorlan.com\/en\/pronutec-returns-to-hannover-messe\/"},"author":{"name":"Nur\u00eda Juli\u00e1n","@id":"https:\/\/pronutec.gorlan.com\/#\/schema\/person\/9f40ced926c84b3ca3ad120399fd9013"},"headline":"PRONUTEC RETURNS TO HANNOVER MESSE","datePublished":"2022-05-20T12:50:39+00:00","dateModified":"2022-05-20T13:10:02+00:00","mainEntityOfPage":{"@id":"https:\/\/pronutec.gorlan.com\/en\/pronutec-returns-to-hannover-messe\/"},"wordCount":281,"commentCount":0,"publisher":{"@id":"https:\/\/pronutec.gorlan.com\/#organization"},"image":{"@id":"https:\/\/pronutec.gorlan.com\/en\/pronutec-returns-to-hannover-messe\/#primaryimage"},"thumbnailUrl":"https:\/\/pronutec.gorlan.com\/wp-content\/uploads\/2022\/05\/HM22_Keyvisual_Shop_neu_1920x1080px.png","articleSection":["Events","Corporate"],"inLanguage":"en-US","potentialAction":[{"@type":"CommentAction","name":"Comment","target":["https:\/\/pronutec.gorlan.com\/en\/pronutec-returns-to-hannover-messe\/#respond"]}]},{"@type":"WebPage","@id":"https:\/\/pronutec.gorlan.com\/en\/pronutec-returns-to-hannover-messe\/","url":"https:\/\/pronutec.gorlan.com\/en\/pronutec-returns-to-hannover-messe\/","name":"PRONUTEC RETURNS TO HANNOVER MESSE | Pronutec","isPartOf":{"@id":"https:\/\/pronutec.gorlan.com\/#website"},"primaryImageOfPage":{"@id":"https:\/\/pronutec.gorlan.com\/en\/pronutec-returns-to-hannover-messe\/#primaryimage"},"image":{"@id":"https:\/\/pronutec.gorlan.com\/en\/pronutec-returns-to-hannover-messe\/#primaryimage"},"thumbnailUrl":"https:\/\/pronutec.gorlan.com\/wp-content\/uploads\/2022\/05\/HM22_Keyvisual_Shop_neu_1920x1080px.png","datePublished":"2022-05-20T12:50:39+00:00","dateModified":"2022-05-20T13:10:02+00:00","breadcrumb":{"@id":"https:\/\/pronutec.gorlan.com\/en\/pronutec-returns-to-hannover-messe\/#breadcrumb"},"inLanguage":"en-US","potentialAction":[{"@type":"ReadAction","target":["https:\/\/pronutec.gorlan.com\/en\/pronutec-returns-to-hannover-messe\/"]}]},{"@type":"ImageObject","inLanguage":"en-US","@id":"https:\/\/pronutec.gorlan.com\/en\/pronutec-returns-to-hannover-messe\/#primaryimage","url":"https:\/\/pronutec.gorlan.com\/wp-content\/uploads\/2022\/05\/HM22_Keyvisual_Shop_neu_1920x1080px.png","contentUrl":"https:\/\/pronutec.gorlan.com\/wp-content\/uploads\/2022\/05\/HM22_Keyvisual_Shop_neu_1920x1080px.png","width":1920,"height":1080},{"@type":"BreadcrumbList","@id":"https:\/\/pronutec.gorlan.com\/en\/pronutec-returns-to-hannover-messe\/#breadcrumb","itemListElement":[{"@type":"ListItem","position":1,"name":"Inicio","item":"https:\/\/pronutec.gorlan.com\/en\/"},{"@type":"ListItem","position":2,"name":"Events","item":"https:\/\/pronutec.gorlan.com\/en\/category\/events\/"},{"@type":"ListItem","position":3,"name":"PRONUTEC RETURNS TO HANNOVER MESSE"}]},{"@type":"WebSite","@id":"https:\/\/pronutec.gorlan.com\/#website","url":"https:\/\/pronutec.gorlan.com\/","name":"Pronutec","description":"Pronutec, l\u00edderes en soluciones avanzadas, b\u00fasqueda y desarrollo de nuevos productos orientados al sector el\u00e9ctrico.","publisher":{"@id":"https:\/\/pronutec.gorlan.com\/#organization"},"potentialAction":[{"@type":"SearchAction","target":{"@type":"EntryPoint","urlTemplate":"https:\/\/pronutec.gorlan.com\/?s={search_term_string}"},"query-input":"required name=search_term_string"}],"inLanguage":"en-US"},{"@type":"Organization","@id":"https:\/\/pronutec.gorlan.com\/#organization","name":"Pronutec","url":"https:\/\/pronutec.gorlan.com\/","logo":{"@type":"ImageObject","inLanguage":"en-US","@id":"https:\/\/pronutec.gorlan.com\/#\/schema\/logo\/image\/","url":"https:\/\/pronutec.gorlan.com\/wp-content\/uploads\/2022\/02\/resultado_defecto.jpg","contentUrl":"https:\/\/pronutec.gorlan.com\/wp-content\/uploads\/2022\/02\/resultado_defecto.jpg","width":944,"height":629,"caption":"Pronutec"},"image":{"@id":"https:\/\/pronutec.gorlan.com\/#\/schema\/logo\/image\/"}},{"@type":"Person","@id":"https:\/\/pronutec.gorlan.com\/#\/schema\/person\/9f40ced926c84b3ca3ad120399fd9013","name":"Nur\u00eda Juli\u00e1n","url":"https:\/\/pronutec.gorlan.com\/en\/author\/nuria_qdrrw83l\/"}]}},"_links":{"self":[{"href":"https:\/\/pronutec.gorlan.com\/en\/wp-json\/wp\/v2\/posts\/7030"}],"collection":[{"href":"https:\/\/pronutec.gorlan.com\/en\/wp-json\/wp\/v2\/posts"}],"about":[{"href":"https:\/\/pronutec.gorlan.com\/en\/wp-json\/wp\/v2\/types\/post"}],"author":[{"embeddable":true,"href":"https:\/\/pronutec.gorlan.com\/en\/wp-json\/wp\/v2\/users\/2"}],"replies":[{"embeddable":true,"href":"https:\/\/pronutec.gorlan.com\/en\/wp-json\/wp\/v2\/comments?post=7030"}],"version-history":[{"count":6,"href":"https:\/\/pronutec.gorlan.com\/en\/wp-json\/wp\/v2\/posts\/7030\/revisions"}],"predecessor-version":[{"id":7044,"href":"https:\/\/pronutec.gorlan.com\/en\/wp-json\/wp\/v2\/posts\/7030\/revisions\/7044"}],"wp:featuredmedia":[{"embeddable":true,"href":"https:\/\/pronutec.gorlan.com\/en\/wp-json\/wp\/v2\/media\/7031"}],"wp:attachment":[{"href":"https:\/\/pronutec.gorlan.com\/en\/wp-json\/wp\/v2\/media?parent=7030"}],"wp:term":[{"taxonomy":"category","embeddable":true,"href":"https:\/\/pronutec.gorlan.com\/en\/wp-json\/wp\/v2\/categories?post=7030"},{"taxonomy":"post_tag","embeddable":true,"href":"https:\/\/pronutec.gorlan.com\/en\/wp-json\/wp\/v2\/tags?post=7030"}],"curies":[{"name":"wp","href":"https:\/\/api.w.org\/{rel}","templated":true}]}}